{"id":4056,"date":"2023-08-02T09:53:30","date_gmt":"2023-08-02T07:53:30","guid":{"rendered":"http:\/\/www.gadoros.hu\/?post_type=blog_post&#038;p=4056"},"modified":"2023-08-02T09:58:04","modified_gmt":"2023-08-02T07:58:04","slug":"kepviselo-testulet-rendkivuli-ules","status":"publish","type":"blog_post","link":"http:\/\/gadoros.hu\/?blog_post=kepviselo-testulet-rendkivuli-ules","title":{"rendered":"K\u00e9pvisel\u0151 test\u00fclet rendk\u00edv\u00fcli \u00fcl\u00e9s"},"content":{"rendered":"\n<p><\/p>\n\n\n\n<p><strong>G\u00e1doros Nagyk\u00f6zs\u00e9g Polg\u00e1rmestere<\/strong><\/p>\n\n\n\n<p><\/p>\n\n\n\n<p><strong>5932 G\u00e1doros, Kossuth Lajos utca 16.<\/strong><\/p>\n\n\n\n<p><\/p>\n\n\n\n<h2 class=\"wp-block-heading\">Telefon: 68\/490-001<\/h2>\n\n\n\n<p><\/p>\n\n\n\n<h1 class=\"wp-block-heading\">MEGH\u00cdV\u00d3<\/h1>\n\n\n\n<p><\/p>\n\n\n\n<p>G\u00e1doros Nagyk\u00f6zs\u00e9gi \u00d6nkorm\u00e1nyzat<\/p>\n\n\n\n<p>K\u00e9pvisel\u0151-test\u00fclete rendk\u00edv\u00fcli \u00fcl\u00e9s\u00e9t<\/p>\n\n\n\n<p><strong>2023. augusztus 02-\u00e1n (szerda) 14:00 \u00f3rai<\/strong><\/p>\n\n\n\n<p>kezdettel tartja a K\u00f6zs\u00e9gh\u00e1za h\u00e1zass\u00e1gk\u00f6t\u0151 term\u00e9ben, melyre tisztelettel<\/p>\n\n\n\n<p><strong>megh\u00edvom.<\/strong><\/p>\n\n\n\n<!--more-->\n\n\n\n<p><strong>Nyilv\u00e1nos \u00fcl\u00e9s keret\u00e9ben:<\/strong><\/p>\n\n\n\n<p><a id=\"post-4056-_Hlk75771456\"><\/a><\/p>\n\n\n\n<ol>\n<li><a id=\"post-4056-_Hlk140060816\"><\/a><br>   K\u00f6z\u00e9tkeztet\u00e9si szerz\u0151d\u00e9s m\u00f3dos\u00edt\u00e1sa t\u00e1rgy\u00e1ban<\/li>\n<\/ol>\n\n\n\n<p>El\u0151ad\u00f3: Dr. Szil\u00e1gyi Tibor polg\u00e1rmester<\/p>\n\n\n\n<p><\/p>\n\n\n\n<p><strong>Valamennyi napirendi ponthoz megh\u00edvottak:<\/strong><\/p>\n\n\n\n<p><\/p>\n\n\n\n<p>Dr. Szil\u00e1gyi Tibor polg\u00e1rmester, Varga Bal\u00e1zs alpolg\u00e1rmester, Fekete Tiborn\u00e9, Herbszt Gergely, J\u00e1vorcsik J\u00e1nos D\u00e1vid, Rib\u00e1rszki Istv\u00e1n J\u00e1nos \u00e9s Simond\u00e1n Vilmos telep\u00fcl\u00e9si k\u00e9pvisel\u0151k.<\/p>\n\n\n\n<p><\/p>\n\n\n\n<p>K\u0151szegi Erzs\u00e9bet M\u00e1ria jegyz\u0151<\/p>\n\n\n\n<p><\/p>\n\n\n\n<p>T\u00f3th Tibor igazgat\u00e1si csoportvezet\u0151<\/p>\n\n\n\n<p><\/p>\n\n\n\n<p>Libor Zsoltn\u00e9 p\u00e9nz\u00fcgyi csoportvezet\u0151<\/p>\n\n\n\n<p><\/p>\n\n\n\n<p>G\u00e1doros, 2023. j\u00falius 31.<\/p>\n\n\n\n<p><\/p>\n\n\n\n<p>Dr. Szil\u00e1gyi Tibor s.k.<\/p>\n\n\n\n<p><\/p>\n\n\n\n<p>polg\u00e1rmester<\/p>\n\n\n\n<p><\/p>\n","protected":false},"excerpt":{"rendered":"<p>G\u00e1doros Nagyk\u00f6zs\u00e9g Polg\u00e1rmestere 5932 G\u00e1doros, Kossuth Lajos utca 16. Telefon: 68\/490-001 MEGH\u00cdV\u00d3 G\u00e1doros Nagyk\u00f6zs\u00e9gi \u00d6nkorm\u00e1nyzat K\u00e9pvisel\u0151-test\u00fclete rendk\u00edv\u00fcli \u00fcl\u00e9s\u00e9t 2023. augusztus 02-\u00e1n (szerda) 14:00 \u00f3rai kezdettel tartja a K\u00f6zs\u00e9gh\u00e1za h\u00e1zass\u00e1gk\u00f6t\u0151 term\u00e9ben, melyre tisztelettel megh\u00edvom.<\/p>\n","protected":false},"author":5,"featured_media":0,"comment_status":"closed","ping_status":"closed","template":"","tags":[],"blog-category":[28],"_links":{"self":[{"href":"http:\/\/gadoros.hu\/index.php?rest_route=\/wp\/v2\/blog_post\/4056"}],"collection":[{"href":"http:\/\/gadoros.hu\/index.php?rest_route=\/wp\/v2\/blog_post"}],"about":[{"href":"http:\/\/gadoros.hu\/index.php?rest_route=\/wp\/v2\/types\/blog_post"}],"author":[{"embeddable":true,"href":"http:\/\/gadoros.hu\/index.php?rest_route=\/wp\/v2\/users\/5"}],"replies":[{"embeddable":true,"href":"http:\/\/gadoros.hu\/index.php?rest_route=%2Fwp%2Fv2%2Fcomments&post=4056"}],"wp:attachment":[{"href":"http:\/\/gadoros.hu\/index.php?rest_route=%2Fwp%2Fv2%2Fmedia&parent=4056"}],"wp:term":[{"taxonomy":"post_tag","embeddable":true,"href":"http:\/\/gadoros.hu\/index.php?rest_route=%2Fwp%2Fv2%2Ftags&post=4056"},{"taxonomy":"blog-category","embeddable":true,"href":"http:\/\/gadoros.hu\/index.php?rest_route=%2Fwp%2Fv2%2Fblog-category&post=4056"}],"curies":[{"name":"wp","href":"https:\/\/api.w.org\/{rel}","templated":true}]}}