{"id":3815,"date":"2023-02-07T11:52:53","date_gmt":"2023-02-07T10:52:53","guid":{"rendered":"http:\/\/www.gadoros.hu\/?post_type=blog_post&#038;p=3815"},"modified":"2023-02-07T11:53:56","modified_gmt":"2023-02-07T10:53:56","slug":"kozmeghallgatas-adatkezelesi-tajekoztato","status":"publish","type":"blog_post","link":"http:\/\/gadoros.hu\/?blog_post=kozmeghallgatas-adatkezelesi-tajekoztato","title":{"rendered":"K\u00f6zmeghallgat\u00e1s adatkezel\u00e9si t\u00e1j\u00e9koztat\u00f3"},"content":{"rendered":"\n<p><strong>Adatkezel\u00e9si t\u00e1j\u00e9koztat\u00f3 a G\u00e1doros Nagyk\u00f6zs\u00e9g \u00d6nkorm\u00e1nyzata<\/strong><\/p>\n\n\n\n<p><strong>k\u00f6zmeghallgat\u00e1shoz kapcsol\u00f3d\u00f3 adatkezel\u00e9sek vonatkoz\u00e1s\u00e1ban<\/strong><\/p>\n\n\n\n<p><br>G\u00e1doros Nagyk\u00f6zs\u00e9g \u00d6nkorm\u00e1nyzata(tov\u00e1bbiakban: Adatkezel\u0151) az Eur\u00f3pai Parlament \u00e9s Tan\u00e1cs (EU) 2016\/679 sz\u00e1m\u00fa, a term\u00e9szetes szem\u00e9lyeknek a szem\u00e9lyes adatok kezel\u00e9se tekintet\u00e9ben t\u00f6rt\u00e9n\u0151 v\u00e9delm\u00e9r\u0151l \u00e9s az ilyen adatok szabad \u00e1raml\u00e1s\u00e1r\u00f3l, valamint a 95\/46\/EK ir\u00e1nyelv hat\u00e1lyon k\u00edv\u00fcl helyez\u00e9s\u00e9r\u0151l sz\u00f3l\u00f3 \u00e1ltal\u00e1nos adatv\u00e9delmi rendelet\u00e9vel (tov\u00e1bbiakban: \u00c1ltal\u00e1nos Adatv\u00e9delmi Rendelet\/GDPR) \u00f6sszhangban az al\u00e1bbi t\u00e1j\u00e9koztat\u00e1st adja.<\/p>\n\n\n\n<!--more-->\n\n\n<p>\u00a0<\/p>\n<h1>Adatkezel\u0151<\/h1>\n<p>N\u00e9v: <a id=\"post-3815-_Hlk125816222\"><\/a>G\u00e1doros Nagyk\u00f6zs\u00e9g \u00d6nkorm\u00e1nyzata<\/p>\n<p>Sz\u00e9khely: 5932 G\u00e1doros, Kossuth utca 16.<\/p>\n<p>Honlap: http:\/\/gadoros.hu<\/p>\n<p>Telefonsz\u00e1m: +36-68\/490-001<\/p>\n<p>E-mail c\u00edm: <a href=\"mailto:gadoros@gadoros.hu\">gadoros@gadoros.hu<\/a><\/p>\n<p>K\u00e9pvisel\u0151: Dr. Szil\u00e1gyi Tibor<\/p>\n<p>K\u00e9pvisel\u0151 el\u00e9rhet\u0151s\u00e9ge: +36-68\/490-001<\/p>\n<h1><a id=\"post-3815-_Toc99707712\"><\/a>Az adatv\u00e9delmi tisztvisel\u0151 el\u00e9rhet\u0151s\u00e9ge<\/h1>\n<p>Adatv\u00e9delmi tisztvisel\u0151 neve: K\u00f6zinformatika Nonprofit Kft.<\/p>\n<p>E-mail c\u00edm: <a href=\"mailto:dpo@kozinformatika.hu\">dpo@kozinformatika.hu<\/a><\/p>\n<p>levelez\u00e9si c\u00edm: <a id=\"post-3815-_Hlk92704263\"><\/a>1147 Budapest, Ilosvai Selymes utca 120.<\/p>\n<p>Telefonos el\u00e9rhet\u0151s\u00e9ge: +36 1 786 23 63<\/p>\n<h1>K\u00f6zmeghallgat\u00e1shoz kapcsol\u00f3d\u00f3 adatkezel\u00e9s<\/h1>\n<p>Magyarorsz\u00e1g helyi \u00f6nkorm\u00e1nyzatair\u00f3l sz\u00f3l\u00f3 2011. \u00e9vi CLXXXIX. t\u00f6rv\u00e9ny 54. \u00a7 alapj\u00e1n a k\u00e9pvisel\u0151-test\u00fclet \u00e9vente legal\u00e1bb egyszer el\u0151re meghirdetett k\u00f6zmeghallgat\u00e1st tart, amelyen a helyi lakoss\u00e1g \u00e9s a helyben \u00e9rdekelt szervezetek k\u00e9pvisel\u0151i a helyi k\u00f6z\u00fcgyeket \u00e9rint\u0151 k\u00e9rd\u00e9seket \u00e9s javaslatot tehetnek. Az elhangzott javaslatra, k\u00e9rd\u00e9sre a k\u00f6zmeghallgat\u00e1son vagy legk\u00e9s\u0151bb tizen\u00f6t napon bel\u00fcl v\u00e1laszt kell adni.<\/p>\n<h1>\u00c9rintettek kateg\u00f3ri\u00e1i<\/h1>\n<p>K\u00f6zmeghallgat\u00e1son k\u00e9rdez\u0151k, v\u00e1laszad\u00f3k, k\u00f6zmeghallgat\u00e1son r\u00e9sztvev\u0151 egy\u00e9b szem\u00e9lyek.<\/p>\n<h1>Az adatkezel\u00e9s c\u00e9lja<\/h1>\n<p>Adatkezel\u00e9s c\u00e9lja a k\u00f6zmeghallgat\u00e1s szervez\u00e9se \u00e9s lebonyol\u00edt\u00e1sa, feltett k\u00e9rd\u00e9sek megv\u00e1laszol\u00e1sa \u00e9s nyilv\u00e1ntart\u00e1sa.<\/p>\n<h1>Az adatkezel\u00e9s jogalapja<\/h1>\n<p>A GDPR 6. cikk (1) bekezd\u00e9s e) pontja alapj\u00e1n, az adatkezel\u00e9s k\u00f6z\u00e9rdek\u0171 vagy az adatkezel\u0151re ruh\u00e1zott k\u00f6zhatalmi jogos\u00edtv\u00e1ny gyakorl\u00e1s\u00e1nak keret\u00e9ben v\u00e9gzett feladat v\u00e9grehajt\u00e1s\u00e1hoz sz\u00fcks\u00e9ges.<\/p>\n<p>Vonatkoz\u00f3 jogszab\u00e1lyok:<\/p>\n<ul>\n<li>Magyarorsz\u00e1g helyi \u00f6nkorm\u00e1nyzatair\u00f3l sz\u00f3l\u00f3 2011. \u00e9vi CLXXXIX. t\u00f6rv\u00e9ny<\/li>\n<\/ul>\n<h1>A kezelt adatok k\u00f6re<\/h1>\n<ul>\n<li>\u00c9rintett neve,<\/li>\n<li>\u00c9rtes\u00edt\u00e9sre szolg\u00e1l\u00f3 egy\u00e9b adat (pl. c\u00edm, telefonsz\u00e1m, email c\u00edm)<\/li>\n<\/ul>\n<h1>A kezelt szem\u00e9lyes adatok forr\u00e1sa<\/h1>\n<p>A kezelt adatok forr\u00e1sa az \u00e9rintett.<\/p>\n<h1>Az adatkezel\u00e9s id\u0151tartama<\/h1>\n<p>Az adatokat az Adatkezel\u0151 a k\u00f6zfeladatot ell\u00e1t\u00f3 szervek iratkezel\u00e9s\u00e9re vonatkoz\u00f3 jogszab\u00e1lyi k\u00f6vetelm\u00e9nyek<sup><a id=\"post-3815-footnote-ref-1\" href=\"#post-3815-footnote-1\">[1]<\/a><\/sup> szerint iktatja, \u00e9s az iktatott iratok k\u00f6z\u00f6tt a mindenkor hat\u00e1lyos iratt\u00e1ri tervben meghat\u00e1rozott selejtez\u00e9si id\u0151ig, illetve \u2013 ennek hi\u00e1ny\u00e1ban \u2013 lev\u00e9lt\u00e1rba ad\u00e1s\u00e1ig kezeli.<\/p>\n<p>Ezt k\u00f6vet\u0151en az Ltv. szerint lev\u00e9lt\u00e1rba adand\u00f3 iratokban foglalt adatok \u00e9s az iratkezel\u00e9si rendszerben a jogszab\u00e1lyn\u00e1l fogva kezelend\u0151 szem\u00e9lyes adatok kiv\u00e9tel\u00e9vel az Adatkezel\u0151 az adatot t\u00f6rli (iratokat selejtezi), illetve a lev\u00e9lt\u00e1rba ad\u00e1ssal a szem\u00e9lyes adatok kezel\u00e9se az Adatkezel\u0151n\u00e9l megsz\u0171nik.<\/p>\n<h1>A szem\u00e9lyes adatok tov\u00e1bb\u00edt\u00e1sa, c\u00edmzettjei, illetve a c\u00edmzettek kateg\u00f3ri\u00e1i<sup><sup><a id=\"post-3815-footnote-ref-2\" href=\"#post-3815-footnote-2\">[2]<\/a><\/sup><\/sup><\/h1>\n<p>Adatkezel\u0151 csak kiv\u00e9teles esetben \u00e9s jogszab\u00e1lyi k\u00f6telezetts\u00e9g alapj\u00e1n adja \u00e1t az \u00c9rintett szem\u00e9lyes adatait \u00e1llami szervek, hat\u00f3s\u00e1gok &#8211; \u00edgy k\u00fcl\u00f6n\u00f6sen b\u00edr\u00f3s\u00e1g, \u00fcgy\u00e9szs\u00e9g, nyomoz\u00f3 hat\u00f3s\u00e1g \u00e9s szab\u00e1lys\u00e9rt\u00e9si hat\u00f3s\u00e1g, Nemzeti Adatv\u00e9delmi \u00e9s Inform\u00e1ci\u00f3szabads\u00e1g Hat\u00f3s\u00e1g \u2013 sz\u00e1m\u00e1ra.<\/p>\n<h1>Az adatszolg\u00e1ltat\u00e1s elmarad\u00e1s\u00e1nak lehets\u00e9ges k\u00f6vetkezm\u00e9nyei<\/h1>\n<p>T\u00e1j\u00e9koztatjuk, hogy a szem\u00e9lyes adatok megad\u00e1s\u00e1nak elmarad\u00e1sa eset\u00e9n a k\u00f6zmeghallgat\u00e1son nem tud r\u00e9szt venni.<\/p>\n<h1>Automatiz\u00e1lt d\u00f6nt\u00e9shozatal (tov\u00e1bb\u00e1 profilalkot\u00e1s)<\/h1>\n<p>Az adatkezel\u00e9s sor\u00e1n automatiz\u00e1lt d\u00f6nt\u00e9shozatalra, ide\u00e9rtve a profilalkot\u00e1st is, nem ker\u00fcl sor.<\/p>\n<h1>K\u00f6zmeghallgat\u00e1son r\u00e9szt vev\u0151 nem k\u00e9pvisel\u0151-test\u00fcleti tag r\u00e9sztvev\u0151 szem\u00e9lyes adatainak (n\u00e9v \u00e9s lakc\u00edm) a <a id=\"post-3815-_Hlk120034036\"><\/a>k\u00f6zmeghallgat\u00e1s vide\u00f3felv\u00e9telen, illetve \u00edr\u00e1sos form\u00e1ban t\u00f6rt\u00e9n\u0151 r\u00f6gz\u00edt\u00e9s\u00e9vel \u00e9s a vide\u00f3felv\u00e9tel, illetve a jegyz\u0151k\u00f6nyv nyilv\u00e1noss\u00e1gra hozatal\u00e1val kapcsolatos adatkezel\u00e9s<\/h1>\n<p>Magyarorsz\u00e1g helyi \u00f6nkorm\u00e1nyzatair\u00f3l sz\u00f3l\u00f3 2011. \u00e9vi CLXXXIX. t\u00f6rv\u00e9ny 54. \u00a7 alapj\u00e1n a k\u00e9pvisel\u0151-test\u00fclet \u00e9vente legal\u00e1bb egyszer el\u0151re meghirdetett k\u00f6zmeghallgat\u00e1st tart, amelyen a helyi lakoss\u00e1g \u00e9s a helyben \u00e9rdekelt szervezetek k\u00e9pvisel\u0151i a helyi k\u00f6z\u00fcgyeket \u00e9rint\u0151 k\u00e9rd\u00e9seket \u00e9s javaslatot tehetnek. A k\u00f6zmeghallgat\u00e1son jegyz\u0151k\u00f6nyv k\u00e9sz\u00fcl, azaz \u00edr\u00e1sos form\u00e1ban a r\u00e9sztvev\u0151k szem\u00e9lyes adatai r\u00f6gz\u00edt\u00e9sre ker\u00fclnek, tov\u00e1bb\u00e1 vide\u00f3felv\u00e9telen r\u00f6gz\u00edt\u00e9sre ker\u00fcl az esem\u00e9ny, a vide\u00f3felv\u00e9tel \u00e9s a jegyz\u0151k\u00f6nyv nyilv\u00e1noss\u00e1gra hozatalra ker\u00fcl a G\u00e1doros Nagyk\u00f6zs\u00e9g hivatalos honlapja \u00e9s a G\u00e1dorosi K\u00e1beltelev\u00edzi\u00f3 fel\u00fcleten.<\/p>\n<h1>\u00c9rintettek kateg\u00f3ri\u00e1i<\/h1>\n<p>K\u00f6zmeghallgat\u00e1son k\u00e9rdez\u0151k, v\u00e1laszad\u00f3k, k\u00f6zmeghallgat\u00e1son r\u00e9sztvev\u0151 egy\u00e9b szem\u00e9lyek.<\/p>\n<h1>Az adatkezel\u00e9s c\u00e9lja<\/h1>\n<p>Adatkezel\u00e9s c\u00e9lja a k\u00f6zmeghallgat\u00e1s vide\u00f3felv\u00e9telen, illetve \u00edr\u00e1sos form\u00e1ban t\u00f6rt\u00e9n\u0151 r\u00f6gz\u00edt\u00e9s\u00e9vel \u00e9s a vide\u00f3felv\u00e9tel, illetve a jegyz\u0151k\u00f6nyv nyilv\u00e1noss\u00e1gra hozatal\u00e1val a lakoss\u00e1g t\u00e1j\u00e9koztat\u00e1sa.<\/p>\n<h1>Az adatkezel\u00e9s jogalapja<\/h1>\n<p>Az adatkezel\u00e9s a GDPR 6. cikk (1) bekezd\u00e9s a) pontj\u00e1n alapul, az adatkezel\u00e9s jogalapja az \u00e9rintett hozz\u00e1j\u00e1rul\u00e1sa a szem\u00e9lyes adatai kezel\u00e9s\u00e9hez, gyermekek eset\u00e9ben t\u00f6rv\u00e9nyes k\u00e9pvisel\u0151je hozz\u00e1j\u00e1rul\u00e1sa.<\/p>\n<h1>A kezelt adatok k\u00f6re \u00e9s c\u00e9lja<\/h1>\n<ul>\n<li>\u00e9rintettr\u0151l k\u00e9sz\u00fclt k\u00e9p- \u00e9s hangfelv\u00e9tel<\/li>\n<li>\u00e9rintett neve, lakc\u00edme<\/li>\n<\/ul>\n<h1>A kezelt szem\u00e9lyes adatok forr\u00e1sa<\/h1>\n<p>A kezelt adatok forr\u00e1sa az \u00e9rintett.<\/p>\n<h1>Hozz\u00e1j\u00e1rul\u00e1s visszavon\u00e1sa<\/h1>\n<p>\u00d6n az adatkezel\u00e9shez adott hozz\u00e1j\u00e1rul\u00e1s\u00e1t b\u00e1rmikor visszavonhatja. Amennyiben \u00d6n a hozz\u00e1j\u00e1rul\u00e1s\u00e1t visszavonja az Adatkezel\u0151 t\u00f6rli az \u00d6n adatait. A hozz\u00e1j\u00e1rul\u00e1s visszavon\u00e1sa nem \u00e9rinti a hozz\u00e1j\u00e1rul\u00e1son alapul\u00f3, a visszavon\u00e1s el\u0151tti adatkezel\u00e9s jogszer\u0171s\u00e9g\u00e9t.<\/p>\n<p>A hozz\u00e1j\u00e1rul\u00e1s\u00e1t ak\u00e1r postai, ak\u00e1r elektronikus \u00faton az 1. \u00e9s 2. pontokban r\u00f6gz\u00edtett el\u00e9rhet\u0151s\u00e9geken tudja kezdem\u00e9nyezni.<\/p>\n<h1>Az adatkezel\u00e9s id\u0151tartama<\/h1>\n<ul>\n<li>az \u00e9rintett hozz\u00e1j\u00e1rul\u00e1s\u00e1nak visszavon\u00e1s\u00e1ig,<\/li>\n<\/ul>\n<h1>A szem\u00e9lyes adatok tov\u00e1bb\u00edt\u00e1sa, c\u00edmzettjei, illetve a c\u00edmzettek kateg\u00f3ri\u00e1i<sup><a id=\"post-3815-footnote-ref-3\" href=\"#post-3815-footnote-3\">[3]<\/a><\/sup><\/h1>\n<p>Adatkezel\u0151 csak kiv\u00e9teles esetben \u00e9s jogszab\u00e1lyi k\u00f6telezetts\u00e9g alapj\u00e1n adja \u00e1t az \u00c9rintett szem\u00e9lyes adatait \u00e1llami szervek, hat\u00f3s\u00e1gok &#8211; \u00edgy k\u00fcl\u00f6n\u00f6sen b\u00edr\u00f3s\u00e1g, \u00fcgy\u00e9szs\u00e9g, nyomoz\u00f3 hat\u00f3s\u00e1g \u00e9s szab\u00e1lys\u00e9rt\u00e9si hat\u00f3s\u00e1g, Nemzeti Adatv\u00e9delmi \u00e9s Inform\u00e1ci\u00f3szabads\u00e1g Hat\u00f3s\u00e1g \u2013 sz\u00e1m\u00e1ra.<\/p>\n<p>Amennyiben az adatkezel\u00e9s, k\u00f6z\u00f6ss\u00e9gi oldalakon val\u00f3sul meg, az adatkezel\u00e9s id\u0151tartam\u00e1ra, m\u00f3dj\u00e1ra, illetve az adatok t\u00f6rl\u00e9si \u00e9s m\u00f3dos\u00edt\u00e1si lehet\u0151s\u00e9geire a k\u00f6z\u00f6ss\u00e9gi oldal szab\u00e1lyoz\u00e1sa vonatkozik.<\/p>\n<h1>Az adatszolg\u00e1ltat\u00e1s elmarad\u00e1s\u00e1nak lehets\u00e9ges k\u00f6vetkezm\u00e9nyei<\/h1>\n<p>T\u00e1j\u00e9koztatjuk, hogy \u00d6n nem k\u00f6teles a hozz\u00e1j\u00e1rul\u00e1s\u00e1t megadni az adatkezel\u00e9shez, en\u00e9lk\u00fcl nem k\u00e9sz\u00fcl \u00d6nr\u0151l fot\u00f3, videofelv\u00e9tel, illetve nem hozzuk az \u00d6n adatait a jegyz\u0151k\u00f6nyvben nyilv\u00e1noss\u00e1gra.<\/p>\n<h1>Automatiz\u00e1lt d\u00f6nt\u00e9shozatal (tov\u00e1bb\u00e1 profilalkot\u00e1s)<\/h1>\n<p>Az adatkezel\u00e9s sor\u00e1n automatiz\u00e1lt d\u00f6nt\u00e9shozatalra, ide\u00e9rtve a profilalkot\u00e1st is, nem ker\u00fcl sor.<\/p>\n<h1>Az \u00e9rintett adatkezel\u00e9ssel kapcsolatos jogai<\/h1>\n<p>Az \u00e9rintett adatkezel\u00e9ssel kapcsolatos jogai<\/p>\n<p>\u00c9rintett t\u00e1j\u00e9koztat\u00e1shoz val\u00f3 joga<\/p>\n<p>A jelen Adatv\u00e9delmi t\u00e1j\u00e9koztat\u00f3val biztos\u00edtja az Adatkezel\u0151 a t\u00e1j\u00e9koztat\u00e1st az adatkezel\u00e9si tev\u00e9kenys\u00e9g\u00e9r\u0151l.<\/p>\n<p>Hozz\u00e1f\u00e9r\u00e9s joga<\/p>\n<p>Az \u00c9rintett jogosult arra, hogy az adatkezel\u0151t\u0151l visszajelz\u00e9st kapjon arra vonatkoz\u00f3an, hogy szem\u00e9lyes adatainak kezel\u00e9se folyamatban van-e, \u00e9s ha ilyen adatkezel\u00e9s folyamatban van, jogosult arra, hogy a szem\u00e9lyes adatokhoz \u00e9s a k\u00f6vetkez\u0151 inform\u00e1ci\u00f3khoz hozz\u00e1f\u00e9r\u00e9st kapjon:<\/p>\n<ul>\n<li>adatkezel\u0151 \u00e1ltal kezelt adatokr\u00f3l, az \u00e9rintett szem\u00e9lyes adatok kateg\u00f3ri\u00e1ir\u00f3l;<\/li>\n<li>ha az adatokat nem az \u00c9rintett\u0151l gy\u0171jt\u00f6tt\u00e9k, a forr\u00e1sukra vonatkoz\u00f3 minden el\u00e9rhet\u0151 inform\u00e1ci\u00f3;<\/li>\n<li>az adatkezel\u00e9s c\u00e9lj\u00e1r\u00f3l, jogalapj\u00e1r\u00f3l;<\/li>\n<li>adott esetben a szem\u00e9lyes adatok t\u00e1rol\u00e1s\u00e1nak tervezett id\u0151tartama, vagy ha ez nem lehets\u00e9ges, ezen id\u0151tartam meghat\u00e1roz\u00e1s\u00e1nak szempontjai;<\/li>\n<li>azon c\u00edmzettek vagy c\u00edmzettek kateg\u00f3ri\u00e1i, akikkel, illetve amelyekkel a szem\u00e9lyes adatokat k\u00f6z\u00f6lt\u00e9k vagy k\u00f6z\u00f6lni fogj\u00e1k, ide\u00e9rtve k\u00fcl\u00f6n\u00f6sen a harmadik orsz\u00e1gbeli c\u00edmzetteket, illetve a nemzetk\u00f6zi szervezeteket;<\/li>\n<li>az \u00c9rintett azon jog\u00e1r\u00f3l, hogy k\u00e9relmezheti az adatkezel\u0151t\u0151l a r\u00e1 vonatkoz\u00f3 szem\u00e9lyes adatok helyesb\u00edt\u00e9s\u00e9t, t\u00f6rl\u00e9s\u00e9t vagy kezel\u00e9s\u00e9nek korl\u00e1toz\u00e1s\u00e1t, \u00e9s tiltakozhat az ilyen szem\u00e9lyes adatok kezel\u00e9se ellen;<\/li>\n<li>a fel\u00fcgyeleti hat\u00f3s\u00e1ghoz c\u00edmzett panasz beny\u00fajt\u00e1s\u00e1nak jog\u00e1r\u00f3l;<\/li>\n<li>automatiz\u00e1lt d\u00f6nt\u00e9shozatal t\u00e9nye, ide\u00e9rtve a profilalkot\u00e1st is, valamint legal\u00e1bb ezekben az esetekben az alkalmazott logik\u00e1ra \u00e9s arra vonatkoz\u00f3 \u00e9rthet\u0151 inform\u00e1ci\u00f3k, hogy az ilyen adatkezel\u00e9s milyen jelent\u0151s\u00e9ggel b\u00edr, \u00e9s az \u00e9rintettre n\u00e9zve milyen v\u00e1rhat\u00f3 k\u00f6vetkezm\u00e9nyekkel j\u00e1r.<\/li>\n<\/ul>\n<p>Az \u00c9rintett k\u00e9r\u00e9s\u00e9re az Adatkezel\u0151 az adatkezel\u00e9s t\u00e1rgy\u00e1t k\u00e9pez\u0151 szem\u00e9lyes adatok m\u00e1solat\u00e1t az \u00c9rintett rendelkez\u00e9s\u00e9re bocs\u00e1tja els\u0151 alkalommal d\u00edjmentesen. Az \u00c9rintett \u00e1ltal k\u00e9rt tov\u00e1bbi m\u00e1solatok\u00e9rt az Adatkezel\u0151 az adminisztrat\u00edv k\u00f6lts\u00e9geken alapul\u00f3 d\u00edjat sz\u00e1m\u00edthat fel.<\/p>\n<p>Az adatbiztons\u00e1gi k\u00f6vetelm\u00e9nyek teljes\u00fcl\u00e9se \u00e9s az \u00c9rintett jogainak v\u00e9delme \u00e9rdek\u00e9ben az Adatkezel\u0151 k\u00f6teles meggy\u0151z\u0151dni az \u00c9rintett \u00e9s a hozz\u00e1f\u00e9r\u00e9si jog\u00e1val \u00e9lni k\u00edv\u00e1n\u00f3 szem\u00e9ly szem\u00e9lyazonoss\u00e1g\u00e1nak egyez\u00e9s\u00e9r\u0151l, ennek \u00e9rdek\u00e9ben a t\u00e1j\u00e9koztat\u00e1s, az adatokba t\u00f6rt\u00e9n\u0151 betekint\u00e9s, illetve azokr\u00f3l m\u00e1solat kiad\u00e1sa is az \u00c9rintett szem\u00e9ly\u00e9nek azonos\u00edt\u00e1s\u00e1hoz k\u00f6t\u00f6tt.<\/p>\n<p>Helyesb\u00edt\u00e9shez val\u00f3 jog<\/p>\n<p>Az \u00c9rintett jogosult arra, hogy k\u00e9r\u00e9s\u00e9re az Adatkezel\u0151 indokolatlan k\u00e9sedelem n\u00e9lk\u00fcl helyesb\u00edtse a r\u00e1 vonatkoz\u00f3 pontatlan szem\u00e9lyes adatokat.<\/p>\n<p>T\u00f6rl\u00e9shez val\u00f3 jog<\/p>\n<p>Az \u00c9rintett jogosult arra, hogy k\u00e9r\u00e9s\u00e9re az Adatkezel\u0151 indokolatlan k\u00e9sedelem n\u00e9lk\u00fcl t\u00f6r\u00f6lje az \u00c9rintettre vonatkoz\u00f3 szem\u00e9lyes adatokat, amennyiben a jogszab\u00e1lyban r\u00f6gz\u00edtett indokok valamelyike fenn\u00e1ll.<\/p>\n<p>Az adatkezel\u00e9s korl\u00e1toz\u00e1s\u00e1hoz val\u00f3 jog<\/p>\n<p>Az \u00c9rintett jogosult arra, hogy k\u00e9r\u00e9s\u00e9re az Adatkezel\u0151 korl\u00e1tozza az adatkezel\u00e9st, ha az al\u00e1bbiak valamelyike teljes\u00fcl:<\/p>\n<ul>\n<li>az \u00c9rintett vitatja a szem\u00e9lyes adatok pontoss\u00e1g\u00e1t; ez esetben a korl\u00e1toz\u00e1s arra az id\u0151tartamra vonatkozik, amely lehet\u0151v\u00e9 teszi, hogy az adatkezel\u0151 ellen\u0151rizze a szem\u00e9lyes adatok pontoss\u00e1g\u00e1t;<\/li>\n<li>az adatkezel\u00e9s jogellenes, \u00e9s az \u00c9rintett ellenzi az adatok t\u00f6rl\u00e9s\u00e9t, \u00e9s ehelyett k\u00e9ri azok felhaszn\u00e1l\u00e1s\u00e1nak korl\u00e1toz\u00e1s\u00e1t;<\/li>\n<li>az adatkezel\u0151nek m\u00e1r nincs sz\u00fcks\u00e9ge a szem\u00e9lyes adatokra adatkezel\u00e9s c\u00e9lj\u00e1b\u00f3l, de az \u00e9rintett ig\u00e9nyli azokat jogi ig\u00e9nyek el\u0151terjeszt\u00e9s\u00e9hez, \u00e9rv\u00e9nyes\u00edt\u00e9s\u00e9hez vagy v\u00e9delm\u00e9hez; vagy<\/li>\n<li>az \u00c9rintett a GDPR 21. cikk (1) bekezd\u00e9se szerint tiltakozott az adatkezel\u00e9s ellen; ez esetben a korl\u00e1toz\u00e1s arra az id\u0151tartamra vonatkozik, am\u00edg meg\u00e1llap\u00edt\u00e1sra nem ker\u00fcl, hogy az adatkezel\u0151 jogos indokai els\u0151bbs\u00e9get \u00e9lveznek-e az \u00c9rintett jogos indokaival szemben.<\/li>\n<\/ul>\n<p>Ha az adatkezel\u00e9s korl\u00e1toz\u00e1s al\u00e1 esik, az ilyen szem\u00e9lyes adatokat a t\u00e1rol\u00e1s kiv\u00e9tel\u00e9vel csak az \u00c9rintett hozz\u00e1j\u00e1rul\u00e1s\u00e1val, vagy jogi ig\u00e9nyek el\u0151terjeszt\u00e9s\u00e9hez, \u00e9rv\u00e9nyes\u00edt\u00e9s\u00e9hez vagy v\u00e9delm\u00e9hez, vagy m\u00e1s term\u00e9szetes vagy jogi szem\u00e9ly jogainak v\u00e9delme \u00e9rdek\u00e9ben, vagy az Eur\u00f3pai Uni\u00f3, illetve valamely tag\u00e1llam fontos k\u00f6z\u00e9rdek\u00e9b\u0151l lehet kezelni.<\/p>\n<p>A tiltakoz\u00e1shoz val\u00f3 jog<\/p>\n<p>Az \u00c9rintett szem\u00e9ly saj\u00e1t helyzet\u00e9vel kapcsolatos okokb\u00f3l b\u00e1rmikor tiltakozhat az adatkezel\u00e9s ellen, ha \u00e1ll\u00e1spontja szerint az Adatkezel\u0151 a szem\u00e9lyes adat\u00e1t a jelen adatkezel\u00e9si t\u00e1j\u00e9koztat\u00f3ban megjel\u00f6lt c\u00e9llal \u00f6sszef\u00fcgg\u00e9sben nem megfelel\u0151en kezeln\u00e9. Ebben az esetben az Adatkezel\u0151nek kell igazolnia, hogy a szem\u00e9lyes adat kezel\u00e9s\u00e9t olyan k\u00e9nyszer\u00edt\u0151 erej\u0171 jogos okok indokolj\u00e1k, amelyek els\u0151bbs\u00e9get \u00e9lveznek az \u00e9rintett \u00e9rdekeivel, jogaival \u00e9s szabads\u00e1gaival szemben, vagy amelyek jogi ig\u00e9nyek el\u0151terjeszt\u00e9s\u00e9hez, \u00e9rv\u00e9nyes\u00edt\u00e9s\u00e9hez vagy v\u00e9delm\u00e9hez kapcsol\u00f3dnak.<\/p>\n<ol>\n<li><strong>Az \u00e9rintetti joggyakorl\u00e1s \u00e1ltal\u00e1nos szab\u00e1lyai<\/strong><\/li>\n<\/ol>\n<p>Amennyiben a szem\u00e9lyes adat szolg\u00e1ltat\u00e1sa jogszab\u00e1lyi k\u00f6telezetts\u00e9gen alapul, \u00e9s az \u00c9rintett ennek nem tesz eleget, az \u2013 az adott elj\u00e1r\u00e1si jogszab\u00e1ly rendelkez\u00e9seire figyelemmel \u2013 a k\u00e9relem visszautas\u00edt\u00e1s\u00e1t vagy elutas\u00edt\u00e1s\u00e1t eredm\u00e9nyezheti.<\/p>\n<p>Az Adatkezel\u0151 indokolatlan k\u00e9sedelem n\u00e9lk\u00fcl, de legfeljebb a k\u00e9relem be\u00e9rkez\u00e9s\u00e9t\u0151l sz\u00e1m\u00edtott egy h\u00f3napon bel\u00fcl t\u00e1j\u00e9koztatja az \u00c9rintettet k\u00e9relme nyom\u00e1n hozott int\u00e9zked\u00e9sekr\u0151l. Sz\u00fcks\u00e9g eset\u00e9n, figyelembe v\u00e9ve a k\u00e9relem \u00f6sszetetts\u00e9g\u00e9t \u00e9s a k\u00e9relmek sz\u00e1m\u00e1t, ez a hat\u00e1rid\u0151 tov\u00e1bbi k\u00e9t h\u00f3nappal meghosszabb\u00edthat\u00f3. A hat\u00e1rid\u0151 meghosszabb\u00edt\u00e1s\u00e1r\u00f3l az Adatkezel\u0151 a k\u00e9sedelem okainak megjel\u00f6l\u00e9s\u00e9vel a k\u00e9relem k\u00e9zhezv\u00e9tel\u00e9t\u0151l sz\u00e1m\u00edtott egy h\u00f3napon bel\u00fcl t\u00e1j\u00e9koztatja az \u00c9rintettet. Ha az \u00c9rintett elektronikus \u00faton ny\u00fajtotta be a k\u00e9relmet, a t\u00e1j\u00e9koztat\u00e1st lehet\u0151s\u00e9g szerint elektronikus \u00faton kell megadni, kiv\u00e9ve, ha az \u00c9rintett azt m\u00e1sk\u00e9nt k\u00e9ri.<\/p>\n<p>Az Adatkezel\u0151 az \u00c9rintett r\u00e9sz\u00e9re a t\u00e1j\u00e9koztat\u00e1st \u00e9s int\u00e9zked\u00e9st d\u00edjmentesen biztos\u00edtja. Ha az \u00c9rintett k\u00e9relme egy\u00e9rtelm\u0171en megalapozatlan vagy \u2013 k\u00fcl\u00f6n\u00f6sen ism\u00e9tl\u0151d\u0151 jellege miatt \u2013 t\u00falz\u00f3, az Adatkezel\u0151, figyelemmel a k\u00e9rt inform\u00e1ci\u00f3 vagy t\u00e1j\u00e9koztat\u00e1s ny\u00fajt\u00e1s\u00e1val vagy a k\u00e9rt int\u00e9zked\u00e9s meghozatal\u00e1val j\u00e1r\u00f3 adminisztrat\u00edv k\u00f6lts\u00e9gekre:<\/p>\n<ol>\n<li>\u00e9szszer\u0171 \u00f6sszeg\u0171 d\u00edjat sz\u00e1m\u00edthat fel, vagy<\/li>\n<li>megtagadhatja a k\u00e9relem alapj\u00e1n t\u00f6rt\u00e9n\u0151 int\u00e9zked\u00e9st.<\/li>\n<\/ol>\n<p>A k\u00e9relem egy\u00e9rtelm\u0171en megalapozatlan vagy t\u00falz\u00f3 jelleg\u00e9nek bizony\u00edt\u00e1sa az Adatkezel\u0151t terheli.<\/p>\n<p>Ha az Adatkezel\u0151nek megalapozott k\u00e9ts\u00e9gei vannak a k\u00e9relmet beny\u00fajt\u00f3 term\u00e9szetes szem\u00e9ly kil\u00e9t\u00e9vel kapcsolatban, tov\u00e1bbi, az \u00c9rintett szem\u00e9lyazonoss\u00e1g\u00e1nak meger\u0151s\u00edt\u00e9s\u00e9hez sz\u00fcks\u00e9ges inform\u00e1ci\u00f3k ny\u00fajt\u00e1s\u00e1t k\u00e9rheti.<\/p>\n<ol>\n<li><strong>Jog\u00e9rv\u00e9nyes\u00edt\u00e9si lehet\u0151s\u00e9gek<\/strong><\/li>\n<\/ol>\n<p>Az \u00c9rintett a szem\u00e9lyes adatai kezel\u00e9s\u00e9vel kapcsolatban b\u00e1rmikor fordulhat az Adatkezel\u0151h\u00f6z k\u00f6zvetlen\u00fcl az 1. pontban r\u00f6gz\u00edtett el\u00e9rhet\u0151s\u00e9gen, vagy az Adatkezel\u0151 adatv\u00e9delmi tiszts\u00e9gvisel\u0151j\u00e9hez a K\u00f6zinformatika Nonprofit Kft-hez (levelez\u00e9si c\u00edm: 1147 Budapest, Ilosvai Selymes utca 120., E-mail c\u00edm: <a href=\"mailto:dpo@kozinformatika.hu\">dpo@kozinformatika.hu<\/a> ).<\/p>\n<p>Az \u00c9rintettnek lehet\u0151s\u00e9ge van adatainak v\u00e9delme \u00e9rdek\u00e9ben b\u00edr\u00f3s\u00e1ghoz fordulni. A b\u00edr\u00f3s\u00e1g az \u00fcgyben soron k\u00edv\u00fcl j\u00e1r el. A per &#8211; az \u00e9rintett v\u00e1laszt\u00e1sa szerint \u2013 az \u00c9rintett lak\u00f3helye vagy tart\u00f3zkod\u00e1si helye, illetve az Adatkezel\u0151 sz\u00e9khelye szerint illet\u00e9kes T\u00f6rv\u00e9nysz\u00e9k el\u0151tt is megind\u00edthat\u00f3.<\/p>\n<p>A lak\u00f3helye vagy tart\u00f3zkod\u00e1si helye szerinti t\u00f6rv\u00e9nysz\u00e9ket megkeresheti a http:\/\/birosag.hu\/ugyfelkapcsolati-portal\/birosag-kereso oldalon.<\/p>\n<p>Az \u00c9rintett a szem\u00e9lyes adatai kezel\u00e9s\u00e9vel kapcsolatos panasz eset\u00e9n a Nemzeti Adatv\u00e9delmi \u00e9s Inform\u00e1ci\u00f3szabads\u00e1g Hat\u00f3s\u00e1ghoz is fordulhat (postai c\u00edm: 1363 Budapest, Pf. 9., c\u00edm: 1055 Budapest, Falk Miksa utca 9-11., Telefon: +36 (1) 391-1400; Fax: +36 (1) 391-1410; E-mail: ugyfelszolgalat@naih.hu; honlap: www.naih.hu).<\/p>\n<ol>\n<li id=\"post-3815-footnote-1\">\n<p>A k\u00f6ziratokr\u00f3l, a k\u00f6zlev\u00e9lt\u00e1rakr\u00f3l \u00e9s a mag\u00e1nlev\u00e9lt\u00e1ri anyag v\u00e9delm\u00e9r\u0151l sz\u00f3l\u00f3 1995. \u00e9vi LXVI. t\u00f6rv\u00e9ny (a tov\u00e1bbiakban: Ltv.), illetve a k\u00f6zfeladatot ell\u00e1t\u00f3 szervek iratkezel\u00e9s\u00e9nek \u00e1ltal\u00e1nos k\u00f6vetelm\u00e9nyeir\u0151l sz\u00f3l\u00f3 335\/2005. (XII. 29.) Korm. rendelet. <a href=\"#post-3815-footnote-ref-1\">\u2191<\/a><\/p>\n<\/li>\n<li id=\"post-3815-footnote-2\">\n<p>A c\u00edmzett fogalm\u00e1t l\u00e1sd: GDPR 4. cikk 9. pontja. <a href=\"#post-3815-footnote-ref-2\">\u2191<\/a><\/p>\n<\/li>\n<li id=\"post-3815-footnote-3\">\n<p>A c\u00edmzett fogalm\u00e1t l\u00e1sd: GDPR 4. cikk 9. pontja. <a href=\"#post-3815-footnote-ref-3\">\u2191<\/a><\/p>\n<\/li>\n<\/ol>","protected":false},"excerpt":{"rendered":"<p>Adatkezel\u00e9si t\u00e1j\u00e9koztat\u00f3 a G\u00e1doros Nagyk\u00f6zs\u00e9g \u00d6nkorm\u00e1nyzata k\u00f6zmeghallgat\u00e1shoz kapcsol\u00f3d\u00f3 adatkezel\u00e9sek vonatkoz\u00e1s\u00e1ban G\u00e1doros Nagyk\u00f6zs\u00e9g \u00d6nkorm\u00e1nyzata(tov\u00e1bbiakban: Adatkezel\u0151) az Eur\u00f3pai Parlament \u00e9s Tan\u00e1cs (EU) 2016\/679 sz\u00e1m\u00fa, a term\u00e9szetes szem\u00e9lyeknek a szem\u00e9lyes adatok kezel\u00e9se tekintet\u00e9ben t\u00f6rt\u00e9n\u0151 v\u00e9delm\u00e9r\u0151l \u00e9s az ilyen adatok szabad \u00e1raml\u00e1s\u00e1r\u00f3l, valamint a 95\/46\/EK ir\u00e1nyelv hat\u00e1lyon k\u00edv\u00fcl helyez\u00e9s\u00e9r\u0151l sz\u00f3l\u00f3 \u00e1ltal\u00e1nos adatv\u00e9delmi rendelet\u00e9vel (tov\u00e1bbiakban: \u00c1ltal\u00e1nos Adatv\u00e9delmi Rendelet\/GDPR) \u00f6sszhangban az [&hellip;]<\/p>\n","protected":false},"author":0,"featured_media":0,"comment_status":"closed","ping_status":"closed","template":"","tags":[],"blog-category":[28],"_links":{"self":[{"href":"http:\/\/gadoros.hu\/index.php?rest_route=\/wp\/v2\/blog_post\/3815"}],"collection":[{"href":"http:\/\/gadoros.hu\/index.php?rest_route=\/wp\/v2\/blog_post"}],"about":[{"href":"http:\/\/gadoros.hu\/index.php?rest_route=\/wp\/v2\/types\/blog_post"}],"replies":[{"embeddable":true,"href":"http:\/\/gadoros.hu\/index.php?rest_route=%2Fwp%2Fv2%2Fcomments&post=3815"}],"wp:attachment":[{"href":"http:\/\/gadoros.hu\/index.php?rest_route=%2Fwp%2Fv2%2Fmedia&parent=3815"}],"wp:term":[{"taxonomy":"post_tag","embeddable":true,"href":"http:\/\/gadoros.hu\/index.php?rest_route=%2Fwp%2Fv2%2Ftags&post=3815"},{"taxonomy":"blog-category","embeddable":true,"href":"http:\/\/gadoros.hu\/index.php?rest_route=%2Fwp%2Fv2%2Fblog-category&post=3815"}],"curies":[{"name":"wp","href":"https:\/\/api.w.org\/{rel}","templated":true}]}}