{"id":3791,"date":"2023-01-30T09:31:53","date_gmt":"2023-01-30T08:31:53","guid":{"rendered":"http:\/\/www.gadoros.hu\/?post_type=blog_post&#038;p=3791"},"modified":"2023-02-01T13:46:00","modified_gmt":"2023-02-01T12:46:00","slug":"teli-tura","status":"publish","type":"blog_post","link":"http:\/\/gadoros.hu\/?blog_post=teli-tura","title":{"rendered":"T\u00e9li T\u00fara"},"content":{"rendered":"\n<figure class=\"wp-block-image\"><img loading=\"lazy\" decoding=\"async\" width=\"724\" height=\"1024\" src=\"http:\/\/gadoros.hu\/wp-content\/uploads\/2023\/01\/2023_teli_tura_kek_alfold-2-724x1024.jpg\" alt=\"\" class=\"wp-image-3792\" srcset=\"http:\/\/gadoros.hu\/wp-content\/uploads\/2023\/01\/2023_teli_tura_kek_alfold-2-724x1024.jpg 724w, http:\/\/gadoros.hu\/wp-content\/uploads\/2023\/01\/2023_teli_tura_kek_alfold-2-212x300.jpg 212w, http:\/\/gadoros.hu\/wp-content\/uploads\/2023\/01\/2023_teli_tura_kek_alfold-2-768x1086.jpg 768w, http:\/\/gadoros.hu\/wp-content\/uploads\/2023\/01\/2023_teli_tura_kek_alfold-2-624x883.jpg 624w\" sizes=\"(max-width: 724px) 100vw, 724px\" \/><\/figure>\n\n\n\n<!--more-->\n\n\n<p><strong>   T\u00e9li t\u00fara az Alf\u00f6ldi k\u00e9keken<\/strong>\n<\/p>\n<p><strong> Gyalogos \u00e9s ker\u00e9kp\u00e1ros t\u00fara 2023-02-11<\/strong>\n<\/p>\n<p><strong>T\u00fara c\u00e9lja:<\/strong> -Alf\u00f6ldi k\u00e9kt\u00fara G\u00e1doros-\u00c1rp\u00e1dhalom szakasz\u00e1nak teljes\u00edt\u00e9se. \n<\/p>\n<p>\n                           -\u00c9p\u00edtett \u00e9s t\u00f6rt\u00e9nelmi eml\u00e9kek bemutat\u00e1sa.\n<\/p>\n<p><strong>Rajthely:<\/strong> G\u00e1doros vas\u00fat\u00e1llom\u00e1s 07 \u00f3ra 45 perc\n<\/p>\n<p><strong>Ki\u00e9rkez\u00e9s:<\/strong>   Orosh\u00e1za 07 \u00f3ra 12 perc- Szentetornya 07 \u00f3ra 22 perc vonat indul\u00e1s vagy egy\u00e9nileg. \n<\/p>\n<p><strong>Indul\u00e1s az Alf\u00f6ldi k\u00e9ken: <\/strong>\n<\/p>\n<p>\n  \u00c1rp\u00e1dhalom Fav\u00e1zas k\u00e1polna bemutat\u00e1sa: 09 \u00f3ra 30 perc\n<\/p>\n<p>\n  K\u00e1rolyi-Berchtold kast\u00e9lypark, Turul szobor bemutat\u00e1sa: 09 \u00f3ra 45 perc\n<\/p>\n<p><strong>Indul\u00e1s a K\u00e9k kereszt jelz\u00e9sen 10 \u00f3ra 00 perc<\/strong>\n<\/p>\n<p>\n  \u00c1rp\u00e1dhalom- domb 10 \u00f3ra 30 perc\n<\/p>\n<p><strong>C\u00e9l:<\/strong> Szentetornya evang\u00e9likus templom 11 \u00f3ra 50 perc \n<\/p>\n<p><strong>T\u00e1v:<\/strong> 15 km\n<\/p>\n<p>\n  Szentetornya vas\u00fati meg\u00e1ll\u00f3hely 12 \u00f3ra 00 perc\n<\/p>\n<p>\n  Az id\u0151pontok az id\u0151j\u00e1r\u00e1si \u00e9s terep viszonyok f\u00fcggv\u00e9ny\u00e9ben v\u00e1ltozhatnak!\n<\/p>\n<p>\n  Ker\u00e9kp\u00e1ros t\u00fara m\u0171\u00faton halad! L\u00e1that\u00f3s\u00e1gi mell\u00e9ny k\u00f6telez\u0151!\n<\/p>\n<p>\n  Lehet\u0151s\u00e9g van tov\u00e1bb folytatni az utat egy\u00e9nileg a K+ jelz\u00e9sen Gyop\u00e1rosf\u00fcrd\u0151ig (4 km), az edzettebbeknek piros s\u00e1von Orosh\u00e1z\u00e1ig (+4 km). \n<\/p>\n<p><strong>Hazautaz\u00e1s: <\/strong>Szentetornya vonat: 12 \u00f3ra 03 perc\n<\/p>\n<p>\n  \t                   Szentetornya busz:   13 \u00f3ra 03 perc\n<\/p>\n<p>\n  R\u00e9szv\u00e9tel ingyenes.\n<\/p>\n<p><strong>T\u00faravezet\u0151k:  <\/strong>Gyalogos:      Pusztai L\u00e1szl\u00f3  06-70-367-2977                                     \n<\/p>\n<p>\n                                  Ker\u00e9kp\u00e1ros:  Viczi\u00e1n Zolt\u00e1n 06-30-535-8322\n<\/p>","protected":false},"excerpt":{"rendered":"","protected":false},"author":0,"featured_media":0,"comment_status":"closed","ping_status":"closed","template":"","tags":[],"blog-category":[28],"_links":{"self":[{"href":"http:\/\/gadoros.hu\/index.php?rest_route=\/wp\/v2\/blog_post\/3791"}],"collection":[{"href":"http:\/\/gadoros.hu\/index.php?rest_route=\/wp\/v2\/blog_post"}],"about":[{"href":"http:\/\/gadoros.hu\/index.php?rest_route=\/wp\/v2\/types\/blog_post"}],"replies":[{"embeddable":true,"href":"http:\/\/gadoros.hu\/index.php?rest_route=%2Fwp%2Fv2%2Fcomments&post=3791"}],"wp:attachment":[{"href":"http:\/\/gadoros.hu\/index.php?rest_route=%2Fwp%2Fv2%2Fmedia&parent=3791"}],"wp:term":[{"taxonomy":"post_tag","embeddable":true,"href":"http:\/\/gadoros.hu\/index.php?rest_route=%2Fwp%2Fv2%2Ftags&post=3791"},{"taxonomy":"blog-category","embeddable":true,"href":"http:\/\/gadoros.hu\/index.php?rest_route=%2Fwp%2Fv2%2Fblog-category&post=3791"}],"curies":[{"name":"wp","href":"https:\/\/api.w.org\/{rel}","templated":true}]}}