{"id":3400,"date":"2022-05-12T13:27:08","date_gmt":"2022-05-12T11:27:08","guid":{"rendered":"http:\/\/www.gadoros.hu\/?post_type=blog_post&#038;p=3400"},"modified":"2022-05-12T13:27:25","modified_gmt":"2022-05-12T11:27:25","slug":"utlezaras","status":"publish","type":"blog_post","link":"http:\/\/gadoros.hu\/?blog_post=utlezaras","title":{"rendered":"\u00datlez\u00e1r\u00e1s"},"content":{"rendered":"\n<p style=\"text-align:center\"><strong>\u00c9rtes\u00edt\u00e9s<\/strong><strong><\/strong><\/p>\n\n\n\n<p style=\"text-align:center\">G\u00e1doros Nagyk\u00f6zs\u00e9g\n\u00d6nkorm\u00e1nyzata \u00e9rtes\u00edti<\/p>\n\n\n\n<p style=\"text-align:center\">a tisztelt\nLakoss\u00e1got, hogy a Bajcsy-Zsilinszky utca <\/p>\n\n\n\n<p style=\"text-align:center\">\u00fajra\naszfaltoz\u00e1s\u00e1nak munk\u00e1latai miatt <\/p>\n\n\n\n<p style=\"text-align:center\"><strong>2022. m\u00e1jus 19. (cs\u00fct\u00f6rt\u00f6k)\nnapj\u00e1t\u00f3l <\/strong><\/p>\n\n\n\n<p style=\"text-align:center\"><strong>2022. m\u00e1jus 23. (h\u00e9tf\u0151)\nnapj\u00e1ig az<\/strong><\/p>\n\n\n\n<p style=\"text-align:center\"><strong>Okt\u00f3ber 6. utca,\nM\u00e1jus 1. utca \u00e9s a M\u00e1rt\u00edrok \u00fatja fel\u0151l id\u0151szakosan nem lehet majd kihajtani a\nBajcsy-Zsilinszky utc\u00e1ra \u00fatlez\u00e1r\u00e1s miatt.<\/strong><\/p>\n\n\n\n<p style=\"text-align:center\">K\u00e9rj\u00fck a\nlakoss\u00e1got, hogy ezen utc\u00e1kat k\u00f6z\u00fati k\u00f6zleked\u00e9sre ne haszn\u00e1lj\u00e1k.<\/p>\n\n\n\n<p style=\"text-align:center\">\u00d6nkorm\u00e1nyzat<\/p>\n","protected":false},"excerpt":{"rendered":"<p>\u00c9rtes\u00edt\u00e9s G\u00e1doros Nagyk\u00f6zs\u00e9g \u00d6nkorm\u00e1nyzata \u00e9rtes\u00edti a tisztelt Lakoss\u00e1got, hogy a Bajcsy-Zsilinszky utca \u00fajra aszfaltoz\u00e1s\u00e1nak munk\u00e1latai miatt 2022. m\u00e1jus 19. (cs\u00fct\u00f6rt\u00f6k) napj\u00e1t\u00f3l 2022. m\u00e1jus 23. (h\u00e9tf\u0151) napj\u00e1ig az Okt\u00f3ber 6. utca, M\u00e1jus 1. utca \u00e9s a M\u00e1rt\u00edrok \u00fatja fel\u0151l id\u0151szakosan nem lehet majd kihajtani a Bajcsy-Zsilinszky utc\u00e1ra \u00fatlez\u00e1r\u00e1s miatt. K\u00e9rj\u00fck a lakoss\u00e1got, hogy ezen utc\u00e1kat k\u00f6z\u00fati [&hellip;]<\/p>\n","protected":false},"author":5,"featured_media":0,"comment_status":"closed","ping_status":"closed","template":"","tags":[],"blog-category":[28],"_links":{"self":[{"href":"http:\/\/gadoros.hu\/index.php?rest_route=\/wp\/v2\/blog_post\/3400"}],"collection":[{"href":"http:\/\/gadoros.hu\/index.php?rest_route=\/wp\/v2\/blog_post"}],"about":[{"href":"http:\/\/gadoros.hu\/index.php?rest_route=\/wp\/v2\/types\/blog_post"}],"author":[{"embeddable":true,"href":"http:\/\/gadoros.hu\/index.php?rest_route=\/wp\/v2\/users\/5"}],"replies":[{"embeddable":true,"href":"http:\/\/gadoros.hu\/index.php?rest_route=%2Fwp%2Fv2%2Fcomments&post=3400"}],"wp:attachment":[{"href":"http:\/\/gadoros.hu\/index.php?rest_route=%2Fwp%2Fv2%2Fmedia&parent=3400"}],"wp:term":[{"taxonomy":"post_tag","embeddable":true,"href":"http:\/\/gadoros.hu\/index.php?rest_route=%2Fwp%2Fv2%2Ftags&post=3400"},{"taxonomy":"blog-category","embeddable":true,"href":"http:\/\/gadoros.hu\/index.php?rest_route=%2Fwp%2Fv2%2Fblog-category&post=3400"}],"curies":[{"name":"wp","href":"https:\/\/api.w.org\/{rel}","templated":true}]}}