{"id":3399,"date":"2022-05-12T13:26:26","date_gmt":"2022-05-12T11:26:26","guid":{"rendered":"http:\/\/www.gadoros.hu\/?post_type=blog_post&#038;p=3399"},"modified":"2022-05-12T13:27:17","modified_gmt":"2022-05-12T11:27:17","slug":"forgalomkorlatozas","status":"publish","type":"blog_post","link":"http:\/\/gadoros.hu\/?blog_post=forgalomkorlatozas","title":{"rendered":"Forgalomkorl\u00e1toz\u00e1s"},"content":{"rendered":"\n<p style=\"text-align:center\"><strong>\u00c9rtes\u00edt\u00e9s<\/strong><strong><\/strong><\/p>\n\n\n\n<p style=\"text-align:center\">G\u00e1doros Nagyk\u00f6zs\u00e9g\n\u00d6nkorm\u00e1nyzata \u00e9rtes\u00edti<\/p>\n\n\n\n<p style=\"text-align:center\">a tisztelt\nLakoss\u00e1got, hogy a Bajcsy-Zsilinszky utca <\/p>\n\n\n\n<p style=\"text-align:center\">\u00fajra\naszfaltoz\u00e1s\u00e1nak munk\u00e1latai miatt <\/p>\n\n\n\n<p style=\"text-align:center\"><strong>2022. m\u00e1jus 12. (cs\u00fct\u00f6rt\u00f6k)\nnapj\u00e1t\u00f3l <\/strong><\/p>\n\n\n\n<p style=\"text-align:center\"><strong>2022. m\u00e1jus 23. (h\u00e9tf\u0151)\nnapj\u00e1ig <\/strong><\/p>\n\n\n\n<p style=\"text-align:center\"><strong>hosszabb ideig\ntart\u00f3 f\u00e9lp\u00e1ly\u00e1s \u00fatlez\u00e1r\u00e1s v\u00e1rhat\u00f3.<\/strong><\/p>\n\n\n\n<p style=\"text-align:center\">K\u00e9rj\u00fck a lakoss\u00e1got,\nhogy ezen az \u00fatszakaszon fokozott figyelemmel k\u00f6zlekedjenek.<\/p>\n\n\n\n<p style=\"text-align:center\">\u00d6nkorm\u00e1nyzat<\/p>\n","protected":false},"excerpt":{"rendered":"<p>\u00c9rtes\u00edt\u00e9s G\u00e1doros Nagyk\u00f6zs\u00e9g \u00d6nkorm\u00e1nyzata \u00e9rtes\u00edti a tisztelt Lakoss\u00e1got, hogy a Bajcsy-Zsilinszky utca \u00fajra aszfaltoz\u00e1s\u00e1nak munk\u00e1latai miatt 2022. m\u00e1jus 12. (cs\u00fct\u00f6rt\u00f6k) napj\u00e1t\u00f3l 2022. m\u00e1jus 23. (h\u00e9tf\u0151) napj\u00e1ig hosszabb ideig tart\u00f3 f\u00e9lp\u00e1ly\u00e1s \u00fatlez\u00e1r\u00e1s v\u00e1rhat\u00f3. K\u00e9rj\u00fck a lakoss\u00e1got, hogy ezen az \u00fatszakaszon fokozott figyelemmel k\u00f6zlekedjenek. \u00d6nkorm\u00e1nyzat<\/p>\n","protected":false},"author":5,"featured_media":0,"comment_status":"closed","ping_status":"closed","template":"","tags":[],"blog-category":[28],"_links":{"self":[{"href":"http:\/\/gadoros.hu\/index.php?rest_route=\/wp\/v2\/blog_post\/3399"}],"collection":[{"href":"http:\/\/gadoros.hu\/index.php?rest_route=\/wp\/v2\/blog_post"}],"about":[{"href":"http:\/\/gadoros.hu\/index.php?rest_route=\/wp\/v2\/types\/blog_post"}],"author":[{"embeddable":true,"href":"http:\/\/gadoros.hu\/index.php?rest_route=\/wp\/v2\/users\/5"}],"replies":[{"embeddable":true,"href":"http:\/\/gadoros.hu\/index.php?rest_route=%2Fwp%2Fv2%2Fcomments&post=3399"}],"wp:attachment":[{"href":"http:\/\/gadoros.hu\/index.php?rest_route=%2Fwp%2Fv2%2Fmedia&parent=3399"}],"wp:term":[{"taxonomy":"post_tag","embeddable":true,"href":"http:\/\/gadoros.hu\/index.php?rest_route=%2Fwp%2Fv2%2Ftags&post=3399"},{"taxonomy":"blog-category","embeddable":true,"href":"http:\/\/gadoros.hu\/index.php?rest_route=%2Fwp%2Fv2%2Fblog-category&post=3399"}],"curies":[{"name":"wp","href":"https:\/\/api.w.org\/{rel}","templated":true}]}}