{"id":3384,"date":"2022-04-29T16:37:30","date_gmt":"2022-04-29T14:37:30","guid":{"rendered":"http:\/\/www.gadoros.hu\/?post_type=blog_post&#038;p=3384"},"modified":"2022-04-29T16:37:38","modified_gmt":"2022-04-29T14:37:38","slug":"3384","status":"publish","type":"blog_post","link":"http:\/\/gadoros.hu\/?blog_post=3384","title":{"rendered":""},"content":{"rendered":"\n<h3 class=\"wp-block-heading\" style=\"text-align:center\">G\u00e1dorosi Polg\u00e1rmesteri Hivatal<\/h3>\n\n\n\n<p style=\"text-align:center\">a k\u00f6zszolg\u00e1lati tisztvisel\u0151kr\u0151l sz\u00f3l\u00f3 2011. \u00e9vi CXCIX. t\u00f6rv\u00e9ny 45. \u00a7 (1) bekezd\u00e9se alapj\u00e1n p\u00e1ly\u00e1zatot hirdet<\/p>\n\n\n\n<h5 class=\"wp-block-heading\" style=\"text-align:center\">G\u00e1dorosi Polg\u00e1rmesteri Hivatal<\/h5>\n\n\n\n<h2 class=\"wp-block-heading\" style=\"text-align:center\">hat\u00f3s\u00e1gi \u00fcgyint\u00e9z\u0151<\/h2>\n\n\n\n<p style=\"text-align:center\">munkak\u00f6r bet\u00f6lt\u00e9s\u00e9re.<\/p>\n\n\n\n<!--more-->\n\n\n\n<p><strong>A k\u00f6zszolg\u00e1lati jogviszony id\u0151tartama:<\/strong><\/p>\n\n\n\n<p>hat\u00e1rozatlan idej\u0171 k\u00f6zszolg\u00e1lati jogviszony<\/p>\n\n\n\n<p><strong>Foglalkoztat\u00e1s jellege:<\/strong><\/p>\n\n\n\n<p>Teljes munkaid\u0151<\/p>\n\n\n\n<p><strong>A munkav\u00e9gz\u00e9s helye:<\/strong><\/p>\n\n\n\n<p>B\u00e9k\u00e9s megye, 5932 G\u00e1doros, Kossuth Lajos utca 16.<\/p>\n\n\n\n<p style=\"text-align:left\"><strong>A k\u00f6zszolg\u00e1lati tisztvisel\u0151k k\u00e9pes\u00edt\u00e9si el\u0151\u00edr\u00e1sair\u00f3l sz\u00f3l\u00f3 29\/2012. (III. 7.) Korm. rendelet alapj\u00e1n a munkak\u00f6r bet\u00f6lt\u0151je \u00e1ltal ell\u00e1tand\u00f3 feladatk\u00f6r\u00f6k:<\/strong><\/p>\n\n\n\n<p>I\/14. hat\u00f3s\u00e1gi feladatk\u00f6r<\/p>\n\n\n\n<p><strong>Ell\u00e1tand\u00f3 feladatok:<\/strong><\/p>\n\n\n\n<p>Lak\u00e1s- \u00e9s helyis\u00e9gb\u00e9rlettel kapcsolatos \u00fcgyek, \u00e1llattart\u00e1s, k\u00f6rnyezetv\u00e9delmi igazgat\u00e1si feladatok. Ell\u00e1tja az \u00e1ltal\u00e1nos hirdetm\u00e9nyek kif\u00fcggeszt\u00e9s\u00e9vel kapcsolatos feladatokat.<\/p>\n\n\n\n<p><strong>A munkak\u00f6rh\u00f6z tartoz\u00f3 f\u0151bb tev\u00e9kenys\u00e9gi k\u00f6r\u00f6k:<\/strong><\/p>\n\n\n\n<p>Hat\u00f3s\u00e1gi feladatok ell\u00e1t\u00e1sa<\/p>\n\n\n\n<p><strong>Jog\u00e1ll\u00e1s, illetm\u00e9ny \u00e9s juttat\u00e1sok:<\/strong><\/p>\n\n\n\n<p>A jog\u00e1ll\u00e1sra, az illetm\u00e9ny meg\u00e1llap\u00edt\u00e1s\u00e1ra \u00e9s a juttat\u00e1sokra a k\u00f6zszolg\u00e1lati tisztvisel\u0151kr\u0151l sz\u00f3l\u00f3 2011. \u00e9vi CXCIX. t\u00f6rv\u00e9ny rendelkez\u00e9sei az ir\u00e1nyad\u00f3k.<\/p>\n\n\n\n<p><strong>P\u00e1ly\u00e1zati felt\u00e9telek:<\/strong><\/p>\n\n\n\n<ul><li>Magyar \u00e1llampolg\u00e1rs\u00e1g,<\/li><li>Cselekv\u0151k\u00e9pess\u00e9g,<\/li><li>B\u00fcntetlen el\u0151\u00e9let,<\/li><li>K\u00f6z\u00e9piskola\/gimn\u00e1zium,<\/li><li>Vagyonnyilatkozat t\u00e9teli elj\u00e1r\u00e1s lefolytat\u00e1sa,<\/li><\/ul>\n\n\n\n<p><strong>A p\u00e1ly\u00e1zat elb\u00edr\u00e1l\u00e1s\u00e1n\u00e1l el\u0151nyt jelent:<\/strong><\/p>\n\n\n\n<ul><li>Egyetem, jogi vagy k\u00f6zigazgat\u00e1s szervez\u0151 v\u00e9gzetts\u00e9g,<\/li><li>Felhaszn\u00e1l\u00f3i szint\u0171 ASP rendszer ismeret.<\/li><li>K\u00f6zigazgat\u00e1si tapasztalat.<\/li><\/ul>\n\n\n\n<p><strong>A p\u00e1ly\u00e1zat r\u00e9szek\u00e9nt beny\u00fajtand\u00f3 iratok, igazol\u00e1sok:<\/strong><\/p>\n\n\n\n<ul><li>a k\u00f6zszolg\u00e1lati tisztvisel\u0151k szem\u00e9lyi irataira, a k\u00f6zigazgat\u00e1si szervekn\u00e9l foglalkoztatott munkav\u00e1llal\u00f3k szem\u00e9lyi irataira \u00e9s a munka\u00fcgyi nyilv\u00e1ntart\u00e1sra, a k\u00f6zszolg\u00e1lati alapnyilv\u00e1ntart\u00e1sra \u00e9s k\u00f6zszolg\u00e1lati statisztikai adatgy\u0171jt\u00e9sre, valamint a tartal\u00e9k\u00e1llom\u00e1nyra vonatkoz\u00f3 egyes szab\u00e1lyokr\u00f3l sz\u00f3l\u00f3 45\/2012.  (III.20.) Korm. rendelet 1. mell\u00e9klete szerinti \u00f6n\u00e9letrajz,<\/li><li>iskolai v\u00e9gzetts\u00e9get, szakk\u00e9pzetts\u00e9get, k\u00e9pes\u00edt\u00e9st igazol\u00f3 okiratok m\u00e1solata,<\/li><li>a p\u00e1ly\u00e1z\u00f3 nyilatkozata arr\u00f3l, hogy nem \u00e1ll cselekv\u0151k\u00e9pess\u00e9get r\u00e9szlegesen korl\u00e1toz\u00f3, vagy teljesen korl\u00e1toz\u00f3 gondnoks\u00e1g alatt,<\/li><li>a p\u00e1ly\u00e1z\u00f3 nyilatkozata arra vonatkoz\u00f3an, hogy a p\u00e1ly\u00e1zati anyag\u00e1ban foglalt szem\u00e9lyes adatainak a p\u00e1ly\u00e1zati elj\u00e1r\u00e1ssal \u00f6sszef\u00fcgg\u00e9sben sz\u00fcks\u00e9ges kezel\u00e9s\u00e9hez hozz\u00e1j\u00e1rul,<\/li><li>a p\u00e1ly\u00e1z\u00f3 nyilatkozata arr\u00f3l, hogy hogy kinevez\u00e9s eset\u00e9n munkak\u00f6ri \u00f6sszef\u00e9rhetetlens\u00e9g vele szemben nem \u00e1ll fenn,<\/li><li>a p\u00e1ly\u00e1z\u00f3 nyilatkozata arra vonatkoz\u00f3an, hogy nem \u00e1ll hivatalveszt\u00e9s fegyelmi b\u00fcntet\u00e9s hat\u00e1ly alatt,<\/li><li>a p\u00e1ly\u00e1z\u00f3 nyilatkozata arra vonatkoz\u00f3an, hogy a p\u00e1ly\u00e1zat\u00e1nak tartalm\u00e1t a p\u00e1ly\u00e1zat elb\u00edr\u00e1l\u00e1s\u00e1ban r\u00e9sztvev\u0151k megismerhetik,<\/li><li>90 napn\u00e1l nem r\u00e9gebbi, speci\u00e1lis hat\u00f3s\u00e1gi erk\u00f6lcsi bizony\u00edtv\u00e1ny (b\u00fcntetlen el\u0151\u00e9let\u0171, vele szemben a Kttv. 39. \u00a7 (1b) \u00e9s (1c) bekezd\u00e9s\u00e9ben meghat\u00e1rozott kiz\u00e1r\u00f3 okok nem \u00e1llnak fenn, valamint a 39. \u00a7 (1) bekezd\u00e9s c) pontj\u00e1ban meghat\u00e1rozott b\u0171ncselekm\u00e9nyek tekintet\u00e9ben b\u00fcntet\u0151elj\u00e1r\u00e1s hat\u00e1lya alatt nem \u00e1ll).<\/li><\/ul>\n\n\n\n<p><strong>A munkak\u00f6r bet\u00f6lthet\u0151s\u00e9g\u00e9nek id\u0151pontja:<\/strong><\/p>\n\n\n\n<p>A munkak\u00f6r a p\u00e1ly\u00e1zatok elb\u00edr\u00e1l\u00e1s\u00e1t k\u00f6vet\u0151en azonnal bet\u00f6lthet\u0151.<\/p>\n\n\n\n<p><strong>A p\u00e1ly\u00e1zat beny\u00fajt\u00e1s\u00e1nak hat\u00e1rideje:<\/strong> 2022. m\u00e1jus 27.<\/p>\n\n\n\n<p>A p\u00e1ly\u00e1zati ki\u00edr\u00e1ssal kapcsolatosan tov\u00e1bbi inform\u00e1ci\u00f3t K\u0151szegi Erzs\u00e9bet M\u00e1ria ny\u00fajt, a<br> 68-490-331 -os telefonsz\u00e1mon.<\/p>\n\n\n\n<p><strong>A p\u00e1ly\u00e1zatok beny\u00fajt\u00e1s\u00e1nak m\u00f3dja:<\/strong><\/p>\n\n\n\n<ul><li>Postai \u00faton, a p\u00e1ly\u00e1zatnak a G\u00e1dorosi Polg\u00e1rmesteri Hivatal c\u00edm\u00e9re t\u00f6rt\u00e9n\u0151 megk\u00fcld\u00e9s\u00e9vel (5932 G\u00e1doros, Kossuth Lajos utca 16. ). K\u00e9rj\u00fck a bor\u00edt\u00e9kon felt\u00fcntetni a p\u00e1ly\u00e1zati adatb\u00e1zisban szerepl\u0151 azonos\u00edt\u00f3 sz\u00e1mot: 50-24\/2022. , valamint a munkak\u00f6r megnevez\u00e9s\u00e9t: hat\u00f3s\u00e1gi \u00fcgyint\u00e9z\u0151.<br><strong>vagy<\/strong><\/li><li>Elektronikus \u00faton jegyzo@gadoros.hu oldalon kereszt\u00fcl.<br><strong>vagy<\/strong><\/li><li>Szem\u00e9lyesen: K\u0151szegi Erzs\u00e9bet M\u00e1ria jegyz\u0151, B\u00e9k\u00e9s megye, 5932 G\u00e1doros, Kossuth Lajos utca 16. .<\/li><\/ul>\n\n\n\n<p><strong>A p\u00e1ly\u00e1zati elj\u00e1r\u00e1s, a p\u00e1ly\u00e1zat elb\u00edr\u00e1l\u00e1s\u00e1nak m\u00f3dja, rendje:<\/strong><\/p>\n\n\n\n<p>A formai \u00e9s tartalmi felt\u00e9teleknek megfelel\u0151 p\u00e1ly\u00e1zatok k\u00f6z\u00fcl a p\u00e1ly\u00e1zati anyagok alapj\u00e1n &#8211; a polg\u00e1rmester egyet\u00e9rt\u00e9s\u00e9vel &#8211; a jegyz\u0151 hozza meg a d\u00f6nt\u00e9st. A kinevez\u00e9si jogk\u00f6r gyakorl\u00f3ja hat h\u00f3nap pr\u00f3baid\u0151t k\u00f6t ki. A p\u00e1ly\u00e1zati elj\u00e1r\u00e1s eredm\u00e9nytelenn\u00e9 nyilv\u00e1n\u00edt\u00e1s\u00e1nak jog\u00e1t a p\u00e1ly\u00e1zat ki\u00edr\u00f3ja fenntartja.<\/p>\n\n\n\n<p><strong>A p\u00e1ly\u00e1zat elb\u00edr\u00e1l\u00e1s\u00e1nak hat\u00e1rideje:<\/strong> 2022. m\u00e1jus 31.<\/p>\n\n\n\n<p><strong>A munk\u00e1ltat\u00f3val kapcsolatos egy\u00e9b l\u00e9nyeges inform\u00e1ci\u00f3:<\/strong><\/p>\n\n\n\n<p>A p\u00e1ly\u00e1zat ki\u00edr\u00f3ja hi\u00e1nyp\u00f3tl\u00e1sra lehet\u0151s\u00e9get nem biztos\u00edt. P\u00e1ly\u00e1z\u00f3 jelentkez\u00e9s\u00e9vel \u00e9s \u00f6n\u00e9letrajz\u00e1nak megk\u00fcld\u00e9s\u00e9vel hozz\u00e1j\u00e1rul\u00e1s\u00e1t adja ahhoz, hogy az \u00f6n\u00e9letrajz\u00e1ban megadott adatokat a G\u00e1dorosi Polg\u00e1rmesteri Hivatal az Adatkezel\u00e9si t\u00e1j\u00e9koztat\u00f3ban meghat\u00e1rozottak szerint kezelje abb\u00f3l a c\u00e9lb\u00f3l, hogy az \u00e1ll\u00e1saj\u00e1nlatra t\u00f6rt\u00e9n\u0151 kiv\u00e1laszt\u00e1st lebonyol\u00edtsa. Postai \u00faton t\u00f6rt\u00e9n\u0151 beny\u00fajt\u00e1s eset\u00e9n k\u00e9rj\u00fck a bor\u00edt\u00e9kon felt\u00fcntetni a p\u00e1ly\u00e1zati adatb\u00e1zisban szerepl\u0151 azonos\u00edt\u00f3 sz\u00e1mot: 50-24\/2022., valamint a munkak\u00f6r megnevez\u00e9s\u00e9t: hat\u00f3s\u00e1gi \u00fcgyint\u00e9z\u0151.<\/p>\n\n\n\n<p><strong>A K\u00d6ZIG\u00c1LL\u00c1S publik\u00e1l\u00e1si id\u0151pontja: <\/strong>2022. \u00e1prilis 27.<\/p>\n","protected":false},"excerpt":{"rendered":"<p>G\u00e1dorosi Polg\u00e1rmesteri Hivatal a k\u00f6zszolg\u00e1lati tisztvisel\u0151kr\u0151l sz\u00f3l\u00f3 2011. \u00e9vi CXCIX. t\u00f6rv\u00e9ny 45. \u00a7 (1) bekezd\u00e9se alapj\u00e1n p\u00e1ly\u00e1zatot hirdet G\u00e1dorosi Polg\u00e1rmesteri Hivatal hat\u00f3s\u00e1gi \u00fcgyint\u00e9z\u0151 munkak\u00f6r bet\u00f6lt\u00e9s\u00e9re.<\/p>\n","protected":false},"author":3,"featured_media":0,"comment_status":"closed","ping_status":"closed","template":"","tags":[],"blog-category":[28],"_links":{"self":[{"href":"http:\/\/gadoros.hu\/index.php?rest_route=\/wp\/v2\/blog_post\/3384"}],"collection":[{"href":"http:\/\/gadoros.hu\/index.php?rest_route=\/wp\/v2\/blog_post"}],"about":[{"href":"http:\/\/gadoros.hu\/index.php?rest_route=\/wp\/v2\/types\/blog_post"}],"author":[{"embeddable":true,"href":"http:\/\/gadoros.hu\/index.php?rest_route=\/wp\/v2\/users\/3"}],"replies":[{"embeddable":true,"href":"http:\/\/gadoros.hu\/index.php?rest_route=%2Fwp%2Fv2%2Fcomments&post=3384"}],"wp:attachment":[{"href":"http:\/\/gadoros.hu\/index.php?rest_route=%2Fwp%2Fv2%2Fmedia&parent=3384"}],"wp:term":[{"taxonomy":"post_tag","embeddable":true,"href":"http:\/\/gadoros.hu\/index.php?rest_route=%2Fwp%2Fv2%2Ftags&post=3384"},{"taxonomy":"blog-category","embeddable":true,"href":"http:\/\/gadoros.hu\/index.php?rest_route=%2Fwp%2Fv2%2Fblog-category&post=3384"}],"curies":[{"name":"wp","href":"https:\/\/api.w.org\/{rel}","templated":true}]}}