{"id":3380,"date":"2022-04-27T13:01:10","date_gmt":"2022-04-27T11:01:10","guid":{"rendered":"http:\/\/www.gadoros.hu\/?post_type=blog_post&#038;p=3380"},"modified":"2022-05-20T21:16:09","modified_gmt":"2022-05-20T19:16:09","slug":"viztorony-tisztitas","status":"publish","type":"blog_post","link":"http:\/\/gadoros.hu\/?blog_post=viztorony-tisztitas","title":{"rendered":""},"content":{"rendered":"\n<h2 class=\"wp-block-heading\" style=\"text-align:center\">V\u00edztorony tiszt\u00edt\u00e1s<\/h2>\n\n\n\n<p style=\"text-align:center\">Tisztelt Lakoss\u00e1g!<\/p>\n\n\n\n<p>G\u00e1doros\nNagyk\u00f6zs\u00e9g \u00d6nkorm\u00e1nyzata t\u00e1j\u00e9koztatja a Tisztelt Lakoss\u00e1got, hogy <strong>2022.\nm\u00e1jus 9.-\u00e9n 9:00\u201313:00 k\u00f6z\u00f6tt a G\u00e1dorosi v\u00edztornyon<\/strong> az Alf\u00f6ldv\u00edz Zrt. munkat\u00e1rsai <strong>tiszt\u00edt\u00e1si, fert\u0151tlen\u00edt\u00e9si\nmunk\u00e1latokat fognak v\u00e9gezni.<\/strong> Ezen id\u0151szakban a telep\u00fcl\u00e9s eg\u00e9sz ter\u00fclet\u00e9n\nnyom\u00e1scs\u00f6kken\u00e9s fordulhat el\u0151.<\/p>\n\n\n\n<p>Tov\u00e1bb\u00e1 t\u00e1j\u00e9koztatjuk a Tisztelt Lakoss\u00e1got, hogy <strong>G\u00e1doros\niv\u00f3v\u00edz \u2013 eloszt\u00f3h\u00e1l\u00f3zat\u00e1n 2022. m\u00e1jus 25\u201330. k\u00f6z\u00f6tt<\/strong> <strong>mosat\u00e1st v\u00e9geznek<\/strong>\naz Alf\u00f6ldv\u00edz Zrt. munkat\u00e1rsai. Ezen id\u0151szak alatt szakaszos nyom\u00e1scs\u00f6kken\u00e9s,\nv\u00edzmin\u0151s\u00e9g roml\u00e1s, illetve r\u00f6vid ideig tart\u00f3 v\u00edzhi\u00e1ny fordulhat el\u0151.<\/p>\n\n\n\n<p>Az Alf\u00f6ldv\u00edz Zrt. az okozott\nkellemetlens\u00e9gek\u00e9rt a felhaszn\u00e1l\u00f3k t\u00fcrelm\u00e9t, meg\u00e9rt\u00e9s\u00e9t k\u00e9rik.<\/p>\n\n\n\n<p style=\"text-align:right\">\u00d6nkorm\u00e1nyzat<\/p>\n","protected":false},"excerpt":{"rendered":"<p>V\u00edztorony tiszt\u00edt\u00e1s Tisztelt Lakoss\u00e1g! G\u00e1doros Nagyk\u00f6zs\u00e9g \u00d6nkorm\u00e1nyzata t\u00e1j\u00e9koztatja a Tisztelt Lakoss\u00e1got, hogy 2022. m\u00e1jus 9.-\u00e9n 9:00\u201313:00 k\u00f6z\u00f6tt a G\u00e1dorosi v\u00edztornyon az Alf\u00f6ldv\u00edz Zrt. munkat\u00e1rsai tiszt\u00edt\u00e1si, fert\u0151tlen\u00edt\u00e9si munk\u00e1latokat fognak v\u00e9gezni. Ezen id\u0151szakban a telep\u00fcl\u00e9s eg\u00e9sz ter\u00fclet\u00e9n nyom\u00e1scs\u00f6kken\u00e9s fordulhat el\u0151. Tov\u00e1bb\u00e1 t\u00e1j\u00e9koztatjuk a Tisztelt Lakoss\u00e1got, hogy G\u00e1doros iv\u00f3v\u00edz \u2013 eloszt\u00f3h\u00e1l\u00f3zat\u00e1n 2022. m\u00e1jus 25\u201330. k\u00f6z\u00f6tt mosat\u00e1st v\u00e9geznek az [&hellip;]<\/p>\n","protected":false},"author":0,"featured_media":0,"comment_status":"closed","ping_status":"closed","template":"","tags":[],"blog-category":[28],"_links":{"self":[{"href":"http:\/\/gadoros.hu\/index.php?rest_route=\/wp\/v2\/blog_post\/3380"}],"collection":[{"href":"http:\/\/gadoros.hu\/index.php?rest_route=\/wp\/v2\/blog_post"}],"about":[{"href":"http:\/\/gadoros.hu\/index.php?rest_route=\/wp\/v2\/types\/blog_post"}],"replies":[{"embeddable":true,"href":"http:\/\/gadoros.hu\/index.php?rest_route=%2Fwp%2Fv2%2Fcomments&post=3380"}],"wp:attachment":[{"href":"http:\/\/gadoros.hu\/index.php?rest_route=%2Fwp%2Fv2%2Fmedia&parent=3380"}],"wp:term":[{"taxonomy":"post_tag","embeddable":true,"href":"http:\/\/gadoros.hu\/index.php?rest_route=%2Fwp%2Fv2%2Ftags&post=3380"},{"taxonomy":"blog-category","embeddable":true,"href":"http:\/\/gadoros.hu\/index.php?rest_route=%2Fwp%2Fv2%2Fblog-category&post=3380"}],"curies":[{"name":"wp","href":"https:\/\/api.w.org\/{rel}","templated":true}]}}