{"id":3367,"date":"2022-04-21T20:49:07","date_gmt":"2022-04-21T18:49:07","guid":{"rendered":"http:\/\/www.gadoros.hu\/?post_type=blog_post&#038;p=3367"},"modified":"2022-04-22T08:47:11","modified_gmt":"2022-04-22T06:47:11","slug":"3367","status":"publish","type":"blog_post","link":"http:\/\/gadoros.hu\/?blog_post=3367","title":{"rendered":""},"content":{"rendered":"\n<p><strong>G\u00e1doros Nagyk\u00f6zs\u00e9g Polg\u00e1rmestere<br>5932 G\u00e1doros, Kossuth Lajos utca 16.<br><u>Telefon: 68\/490-001<\/u><\/strong><\/p>\n\n\n\n<h2 class=\"wp-block-heading\" style=\"text-align:center\">M E G H \u00cd V \u00d3<\/h2>\n\n\n\n<p style=\"text-align:center\">G\u00e1doros Nagyk\u00f6zs\u00e9g \u00d6nkorm\u00e1nyzat <br>K\u00e9pvisel\u0151-test\u00fclete rendes \u00fcl\u00e9s\u00e9t<br><strong><u>2022. \u00e1prilis 25. (h\u00e9tf\u0151) 16:00 \u00f3rai<\/u><\/strong><br>kezdettel tartja a K\u00f6zs\u00e9gh\u00e1za tan\u00e1cskoz\u00f3 term\u00e9ben, melyre tisztelettel<br><strong>megh\u00edvom.<\/strong><\/p>\n\n\n\n<!--more-->\n\n\n\n<p><strong><u>Nyilv\u00e1nos \u00fcl\u00e9s keret\u00e9ben:<\/u><\/strong><\/p>\n\n\n\n<ol><li>Jelent\u00e9s a hat\u00e1rozatok v\u00e9grehajt\u00e1s\u00e1r\u00f3l.<br> El\u0151ad\u00f3: Dr. Szil\u00e1gyi Tibor polg\u00e1rmester<\/li><li> Hum\u00e1n Szolg\u00e1ltat\u00f3 K\u00f6zpont 2021. \u00e9vi besz\u00e1mol\u00f3ja<br> El\u0151ad\u00f3: Dr. Szil\u00e1gyi Tibor polg\u00e1rmester<\/li><li> a.) Besz\u00e1mol\u00f3 a Gondoz\u00e1si K\u00f6zpont munk\u00e1j\u00e1r\u00f3l<br> b.) Gondoz\u00e1si K\u00f6zpont k\u00e9relme<br> El\u0151ad\u00f3: Krivikn\u00e9 Zahorecz Anita Gondoz\u00e1si K\u00f6zpont Int\u00e9zm\u00e9nyvezet\u0151<\/li><li> Dr. Neller Vivien fogorvos feladat-ell\u00e1t\u00e1s \u00fcgye <br> El\u0151ad\u00f3: Dr. Szil\u00e1gyi Tibor polg\u00e1rmester<\/li><li> Justh Zsigmond M\u0171vel\u0151d\u00e9si H\u00e1z \u00e9s K\u00f6nyvt\u00e1r int\u00e9zm\u00e9nyvezet\u0151i \u00e1ll\u00e1s \u00fcgye<br> El\u0151ad\u00f3: Dr. Szil\u00e1gyi Tibor polg\u00e1rmester<\/li><li> G\u00e1dorosi Labdar\u00fag\u00f3 SE k\u00e9relme t\u00e1rgy\u00e1ban<br> El\u0151ad\u00f3: Dr. Szil\u00e1gyi Tibor polg\u00e1rmester<\/li><li> Gyermeknap el\u0151k\u00e9sz\u00edt\u00e9se  (sz\u00f3beli)<br> El\u0151ad\u00f3: K\u0151szegi Erzs\u00e9bet M\u00e1ria jegyz\u0151<\/li><li> Bejelent\u00e9sek, egyebek<\/li><\/ol>\n\n\n\n<p><strong><u>Z\u00e1rt \u00fcl\u00e9s keret\u00e9ben:<\/u><\/strong><\/p>\n\n\n\n<ol><li>Lak\u00e1sc\u00e9l\u00fa k\u00f6lcs\u00f6n elb\u00edr\u00e1l\u00e1s\u00e1nak \u00fcgye<br>El\u0151ad\u00f3: Dr. Szil\u00e1gyi Tibor polg\u00e1rmester<\/li><\/ol>\n\n\n\n<p><strong>Valamennyi napirendi ponthoz megh\u00edvottak:<\/strong><br>Dr. Szil\u00e1gyi Tibor polg\u00e1rmester, Varga Bal\u00e1zs alpolg\u00e1rmester, Fekete Tiborn\u00e9, Herbszt Gergely, J\u00e1vorcsik J\u00e1nos D\u00e1vid, Rib\u00e1rszki Istv\u00e1n J\u00e1nos \u00e9s Simond\u00e1n Vilmos telep\u00fcl\u00e9si k\u00e9pvisel\u0151k.<\/p>\n\n\n\n<p>K\u0151szegi Erzs\u00e9bet M\u00e1ria jegyz\u0151<br>T\u00f3th Tibor igazgat\u00e1si csoportvezet\u0151<br>Libor Zsoltn\u00e9 p\u00e9nz\u00fcgyi csoportvezet\u0151<\/p>\n\n\n\n<p>Prozlik M\u00e1rta Napk\u00f6zi Otthonos \u00d3voda int\u00e9zm\u00e9nyvezet\u0151<br>Sebesty\u00e9n L\u00e1szl\u00f3n\u00e9 Justh Zsigmond M\u0171vel\u0151d\u00e9si H\u00e1z \u00e9s K\u00f6nyvt\u00e1r int\u00e9zm\u00e9nyvezet\u0151<br>Krivikn\u00e9 Zahorecz Anita Gondoz\u00e1si K\u00f6zpont int\u00e9zm\u00e9nyvezet\u0151<br>Paulikn\u00e9 Szelei M\u00f3nika Prog\u00e1dor Nonprofit Kft. \u00fcgyvezet\u0151<\/p>\n\n\n\n<p>T\u00f3th Antal Roma Nemzetis\u00e9gi \u00d6nkorm\u00e1nyzat eln\u00f6ke<\/p>\n\n\n\n<p>4. napirendhez megh\u00edvva: Dr. Neller Vivien fogorvos<\/p>\n\n\n\n<p>G\u00e1doros, 2022. \u00e1prilis 21.<\/p>\n\n\n\n<p style=\"text-align:right\">Dr. Szil\u00e1gyi Tibor s.k.<br>polg\u00e1rmester<\/p>\n","protected":false},"excerpt":{"rendered":"<p>G\u00e1doros Nagyk\u00f6zs\u00e9g Polg\u00e1rmestere5932 G\u00e1doros, Kossuth Lajos utca 16.Telefon: 68\/490-001 M E G H \u00cd V \u00d3 G\u00e1doros Nagyk\u00f6zs\u00e9g \u00d6nkorm\u00e1nyzat K\u00e9pvisel\u0151-test\u00fclete rendes \u00fcl\u00e9s\u00e9t2022. \u00e1prilis 25. (h\u00e9tf\u0151) 16:00 \u00f3raikezdettel tartja a K\u00f6zs\u00e9gh\u00e1za tan\u00e1cskoz\u00f3 term\u00e9ben, melyre tisztelettelmegh\u00edvom.<\/p>\n","protected":false},"author":0,"featured_media":0,"comment_status":"closed","ping_status":"closed","template":"","tags":[],"blog-category":[28],"_links":{"self":[{"href":"http:\/\/gadoros.hu\/index.php?rest_route=\/wp\/v2\/blog_post\/3367"}],"collection":[{"href":"http:\/\/gadoros.hu\/index.php?rest_route=\/wp\/v2\/blog_post"}],"about":[{"href":"http:\/\/gadoros.hu\/index.php?rest_route=\/wp\/v2\/types\/blog_post"}],"replies":[{"embeddable":true,"href":"http:\/\/gadoros.hu\/index.php?rest_route=%2Fwp%2Fv2%2Fcomments&post=3367"}],"wp:attachment":[{"href":"http:\/\/gadoros.hu\/index.php?rest_route=%2Fwp%2Fv2%2Fmedia&parent=3367"}],"wp:term":[{"taxonomy":"post_tag","embeddable":true,"href":"http:\/\/gadoros.hu\/index.php?rest_route=%2Fwp%2Fv2%2Ftags&post=3367"},{"taxonomy":"blog-category","embeddable":true,"href":"http:\/\/gadoros.hu\/index.php?rest_route=%2Fwp%2Fv2%2Fblog-category&post=3367"}],"curies":[{"name":"wp","href":"https:\/\/api.w.org\/{rel}","templated":true}]}}