{"id":3366,"date":"2022-04-21T20:32:25","date_gmt":"2022-04-21T18:32:25","guid":{"rendered":"http:\/\/www.gadoros.hu\/?post_type=blog_post&#038;p=3366"},"modified":"2022-04-22T08:46:54","modified_gmt":"2022-04-22T06:46:54","slug":"3366","status":"publish","type":"blog_post","link":"http:\/\/gadoros.hu\/?blog_post=3366","title":{"rendered":""},"content":{"rendered":"\n<p><strong>G\u00e1doros Nagyk\u00f6zs\u00e9g \u00d6nkorm\u00e1nyzata<\/strong><br><strong>K\u00e9pvisel\u0151-test\u00fclet\u00e9nek<\/strong><br><strong>Szoci\u00e1lis, Kultur\u00e1lis, Eg\u00e9szs\u00e9g\u00fcgyi \u00e9s<\/strong><br><strong>Sport Bizotts\u00e1ga<\/strong><br><strong><u>5932 G\u00e1doros, Kossuth u. 16.<\/u><\/strong><\/p>\n\n\n\n<h2 class=\"wp-block-heading\" style=\"text-align:center\"><strong>M E G H \u00cd V \u00d3<\/strong><\/h2>\n\n\n\n<p style=\"text-align:center\">A Szoci\u00e1lis, Kultur\u00e1lis, Eg\u00e9szs\u00e9g\u00fcgyi \u00e9s Sport Bizotts\u00e1g \u00fcl\u00e9s\u00e9t<br><strong><u>2022. \u00e1prilis 25-\u00e9n (h\u00e9tf\u0151) 14:30 \u00f3r\u00e1t\u00f3l tartja<\/u><\/strong><br>a K\u00f6zs\u00e9gh\u00e1za tan\u00e1cskoz\u00f3 term\u00e9ben,<br>mely \u00fcl\u00e9sre tisztelettel megh\u00edvom.<\/p>\n\n\n\n<!--more-->\n\n\n\n<p><strong><u>Nyilv\u00e1nos \u00fcl\u00e9s keret\u00e9ben:<\/u><\/strong><\/p>\n\n\n\n<ol><li>Hum\u00e1n Szolg\u00e1ltat\u00f3 K\u00f6zpont 2021. \u00e9vi besz\u00e1mol\u00f3ja<\/li><li> a.) Besz\u00e1mol\u00f3 a Gondoz\u00e1si K\u00f6zpont munk\u00e1j\u00e1r\u00f3l<br> b.) Gondoz\u00e1si K\u00f6zpont k\u00e9relme<\/li><li>Dr. Neller Vivien fogorvos feladat-ell\u00e1t\u00e1s \u00fcgye<\/li><li> Gyermeknap el\u0151k\u00e9sz\u00edt\u00e9se (sz\u00f3beli)<\/li><li> Bejelent\u00e9sek, egyebek<\/li><\/ol>\n\n\n\n<p><strong><u>Z\u00e1rt \u00fcl\u00e9s keret\u00e9ben:<\/u><\/strong><\/p>\n\n\n\n<ol><li>Lak\u00e1sc\u00e9l\u00fa k\u00f6lcs\u00f6n elb\u00edr\u00e1l\u00e1s\u00e1nak \u00fcgye<\/li><\/ol>\n\n\n\n<p><strong>A napirendi pontokhoz megh\u00edvva:<\/strong><br>Fekete Tiborn\u00e9 eln\u00f6k, Herbszt Gergely, J\u00e1vorcsik J\u00e1nos D\u00e1vid, Kosztol\u00e1n\u00e9 Szab\u00f3 Ildik\u00f3 \u00e9s Krivikn\u00e9 Zahorecz Anita bizotts\u00e1gi tagok, Dr. Szil\u00e1gyi Tibor polg\u00e1rmester, Varga Bal\u00e1zs alpolg\u00e1rmester, Rib\u00e1rszki Istv\u00e1n J\u00e1nos, Simond\u00e1n Vilmos telep\u00fcl\u00e9si k\u00e9pvisel\u0151k, K\u0151szegi Erzs\u00e9bet M\u00e1ria jegyz\u0151.<br><strong>Tan\u00e1cskoz\u00e1si joggal megh\u00edvva<\/strong>: T\u00f3th Tibor igazgat\u00e1si csoportvezet\u0151.<\/p>\n\n\n\n<p>G\u00e1doros, 2022. \u00e1prilis 21.<\/p>\n\n\n\n<p style=\"text-align:right\">Fekete Tiborn\u00e9 s. k.<br>Bizotts\u00e1g Eln\u00f6ke<\/p>\n","protected":false},"excerpt":{"rendered":"<p>G\u00e1doros Nagyk\u00f6zs\u00e9g \u00d6nkorm\u00e1nyzataK\u00e9pvisel\u0151-test\u00fclet\u00e9nekSzoci\u00e1lis, Kultur\u00e1lis, Eg\u00e9szs\u00e9g\u00fcgyi \u00e9sSport Bizotts\u00e1ga5932 G\u00e1doros, Kossuth u. 16. M E G H \u00cd V \u00d3 A Szoci\u00e1lis, Kultur\u00e1lis, Eg\u00e9szs\u00e9g\u00fcgyi \u00e9s Sport Bizotts\u00e1g \u00fcl\u00e9s\u00e9t2022. \u00e1prilis 25-\u00e9n (h\u00e9tf\u0151) 14:30 \u00f3r\u00e1t\u00f3l tartjaa K\u00f6zs\u00e9gh\u00e1za tan\u00e1cskoz\u00f3 term\u00e9ben,mely \u00fcl\u00e9sre tisztelettel megh\u00edvom.<\/p>\n","protected":false},"author":0,"featured_media":0,"comment_status":"closed","ping_status":"closed","template":"","tags":[],"blog-category":[28],"_links":{"self":[{"href":"http:\/\/gadoros.hu\/index.php?rest_route=\/wp\/v2\/blog_post\/3366"}],"collection":[{"href":"http:\/\/gadoros.hu\/index.php?rest_route=\/wp\/v2\/blog_post"}],"about":[{"href":"http:\/\/gadoros.hu\/index.php?rest_route=\/wp\/v2\/types\/blog_post"}],"replies":[{"embeddable":true,"href":"http:\/\/gadoros.hu\/index.php?rest_route=%2Fwp%2Fv2%2Fcomments&post=3366"}],"wp:attachment":[{"href":"http:\/\/gadoros.hu\/index.php?rest_route=%2Fwp%2Fv2%2Fmedia&parent=3366"}],"wp:term":[{"taxonomy":"post_tag","embeddable":true,"href":"http:\/\/gadoros.hu\/index.php?rest_route=%2Fwp%2Fv2%2Ftags&post=3366"},{"taxonomy":"blog-category","embeddable":true,"href":"http:\/\/gadoros.hu\/index.php?rest_route=%2Fwp%2Fv2%2Fblog-category&post=3366"}],"curies":[{"name":"wp","href":"https:\/\/api.w.org\/{rel}","templated":true}]}}