{"id":3333,"date":"2022-03-21T09:11:26","date_gmt":"2022-03-21T08:11:26","guid":{"rendered":"http:\/\/www.gadoros.hu\/?post_type=blog_post&#038;p=3333"},"modified":"2022-03-21T09:11:33","modified_gmt":"2022-03-21T08:11:33","slug":"3333","status":"publish","type":"blog_post","link":"http:\/\/gadoros.hu\/?blog_post=3333","title":{"rendered":""},"content":{"rendered":"\n<p><strong>G\u00e1doros Nagyk\u00f6zs\u00e9g Polg\u00e1rmestere<br>5932 G\u00e1doros, Kossuth Lajos utca 16.<br><u>Telefon: 68\/490-001<\/u><\/strong><\/p>\n\n\n\n<h2 class=\"wp-block-heading\" style=\"text-align:center\">M E G H \u00cd V \u00d3<\/h2>\n\n\n\n<p style=\"text-align:center\">G\u00e1doros Nagyk\u00f6zs\u00e9gi \u00d6nkorm\u00e1nyzat K\u00e9pvisel\u0151-test\u00fclete rendes \u00fcl\u00e9s\u00e9t<\/p>\n\n\n\n<p style=\"text-align:center\"><strong><u>2022. m\u00e1rcius 22-\u00e9n (kedd) 15:00 \u00f3rai<\/u><\/strong><\/p>\n\n\n\n<p style=\"text-align:center\">kezdettel tartja a K\u00f6zs\u00e9gh\u00e1za tan\u00e1cskoz\u00f3 term\u00e9ben, melyre tisztelettel<\/p>\n\n\n\n<p style=\"text-align:center\"><strong>megh\u00edvom.<\/strong><\/p>\n\n\n\n<!--more-->\n\n\n\n<p><strong><u>Nyilv\u00e1nos \u00fcl\u00e9s keret\u00e9ben:<\/u><\/strong><\/p>\n\n\n\n<ol><li>Jelent\u00e9s a hat\u00e1rozatok v\u00e9grehajt\u00e1s\u00e1r\u00f3l<br>El\u0151ad\u00f3: Dr. Szil\u00e1gyi Tibor polg\u00e1rmester<\/li><li>Besz\u00e1mol\u00f3 a gy\u00e1m\u00fcgyi feladatok ell\u00e1t\u00e1s\u00e1r\u00f3l, \u00e9s a csal\u00e1dseg\u00edt\u0151 \u00e9s gyermekj\u00f3l\u00e9ti szolg\u00e1lat tev\u00e9kenys\u00e9g\u00e9r\u0151l<br>El\u0151ad\u00f3: Vida Melinda igazgat\u00e1si \u00fcgyint\u00e9z\u0151<br>Halustyik \u00c9va az Orosh\u00e1zi Kist\u00e9rs\u00e9g Egyes\u00edtett Gyermekj\u00f3l\u00e9ti K\u00f6zpontja \u00e9s Csal\u00e1dseg\u00edt\u0151 Szolg\u00e1lat int\u00e9zm\u00e9nyvezet\u0151je<\/li><li>2023. \u00e9vi k\u00f6zbeszerz\u00e9si terv elfogad\u00e1sa<br>El\u0151ad\u00f3: Dr. Szil\u00e1gyi Tibor polg\u00e1rmester<\/li><li>A 2026-os k\u00f6zs\u00e9gt\u00f6rt\u00e9neti monogr\u00e1fia el\u0151k\u00e9sz\u00fcleteinek megkezd\u00e9se<br>El\u0151ad\u00f3: Dr. Szil\u00e1gyi Tibor polg\u00e1rmester<\/li><li>A 2022\/2023-as nevel\u00e9si \u00e9vre vonatkoz\u00f3 \u00f3vodai beiratkoz\u00e1s id\u0151pontj\u00e1nak meghat\u00e1roz\u00e1s\u00e1r\u00f3l \u00e9s az \u00f3vodai k\u00f6rzethat\u00e1rok kialak\u00edt\u00e1s\u00e1r\u00f3l <br>El\u0151ad\u00f3: Dr. Szil\u00e1gyi Tibor polg\u00e1rmester<\/li><li>Bejelent\u00e9sek<ol><li>Szavazatsz\u00e1ml\u00e1l\u00f3 Bizotts\u00e1gok tagjainak megv\u00e1laszt\u00e1sa t\u00e1rgy\u00e1ban<br>El\u0151ad\u00f3: K\u0151szegi Erzs\u00e9bet M\u00e1ria HVI vezet\u0151<\/li><li>Polg\u00e1rmester illetm\u00e9nye \u00e9s k\u00f6lts\u00e9gt\u00e9r\u00edt\u00e9s \u00fcgye<br>El\u0151ad\u00f3: K\u0151szegi Erzs\u00e9bet M\u00e1ria jegyz\u0151<\/li><li>P\u00e1ly\u00e1zati \u00fcgyekr\u0151l sz\u00f3beli t\u00e1j\u00e9koztat\u00e1s (G\u00c9P, Kossuth u. 5. sz. alatti ingatlan)<br>El\u0151ad\u00f3: Dr. Szil\u00e1gyi Tibor polg\u00e1rmester<\/li><li>Szov\u00e1tai Panor\u00e1ma Vend\u00e9gh\u00e1z b\u00e9rleti szerz\u0151d\u00e9s \u00fcgye<br>El\u0151ad\u00f3: Dr. Szil\u00e1gyi Tibor polg\u00e1rmester<\/li><\/ol><\/li><\/ol>\n\n\n\n<p><strong>Valamennyi napirendi ponthoz megh\u00edvottak:<\/strong><br>Dr. Szil\u00e1gyi Tibor polg\u00e1rmester, Varga Bal\u00e1zs alpolg\u00e1rmester, Fekete Tiborn\u00e9, Herbszt Gergely, J\u00e1vorcsik J\u00e1nos D\u00e1vid, Rib\u00e1rszki Istv\u00e1n J\u00e1nos \u00e9s Simond\u00e1n Vilmos telep\u00fcl\u00e9si k\u00e9pvisel\u0151k.<\/p>\n\n\n\n<p>B\u00e9k\u00e9s Megyei Korm\u00e1nyhivatal, Korm\u00e1nymegb\u00edzott<\/p>\n\n\n\n<p>K\u0151szegi Erzs\u00e9bet M\u00e1ria jegyz\u0151<br>T\u00f3th Tibor igazgat\u00e1si csoportvezet\u0151<br>Libor Zsoltn\u00e9 p\u00e9nz\u00fcgyi csoportvezet\u0151<\/p>\n\n\n\n<p>Prozlik M\u00e1rta Napk\u00f6zi Otthonos \u00d3voda int\u00e9zm\u00e9nyvezet\u0151<br>Sebesty\u00e9n L\u00e1szl\u00f3n\u00e9 Justh Zsigmond M\u0171vel\u0151d\u00e9si H\u00e1z \u00e9s K\u00f6nyvt\u00e1r int\u00e9zm\u00e9nyvezet\u0151<br>Krivikn\u00e9 Zahorecz Anita Gondoz\u00e1si K\u00f6zpont int\u00e9zm\u00e9nyvezet\u0151<br>T\u00f3th M\u00e1ria Prog\u00e1dor Kft. \u00fcgyvezet\u0151<\/p>\n\n\n\n<p>T\u00f3th Antal Roma Nemzetis\u00e9gi \u00d6nkorm\u00e1nyzat eln\u00f6ke<\/p>\n\n\n\n<p>2. napirendi ponthoz megh\u00edvva: Halustyik \u00c9va Orosh\u00e1zi Kist\u00e9rs\u00e9g Egyes\u00edtett Gyermekj\u00f3l\u00e9ti<br>K\u00f6zpontja \u00e9s Csal\u00e1dseg\u00edt\u0151 Szolg\u00e1lat int\u00e9zm\u00e9nyvezet\u0151<br>6\/4. napirendi ponthoz megh\u00edvva: T\u00f3th M\u00e1ria Szog\u00e1dor Kft. \u00fcgyvezet\u0151<\/p>\n\n\n\n<p>G\u00e1doros, 2022. m\u00e1rcius 17.<\/p>\n\n\n\n<p style=\"text-align:right\">Dr. Szil\u00e1gyi Tibor s.k.<br>polg\u00e1rmester <\/p>\n","protected":false},"excerpt":{"rendered":"<p>G\u00e1doros Nagyk\u00f6zs\u00e9g Polg\u00e1rmestere5932 G\u00e1doros, Kossuth Lajos utca 16.Telefon: 68\/490-001 M E G H \u00cd V \u00d3 G\u00e1doros Nagyk\u00f6zs\u00e9gi \u00d6nkorm\u00e1nyzat K\u00e9pvisel\u0151-test\u00fclete rendes \u00fcl\u00e9s\u00e9t 2022. m\u00e1rcius 22-\u00e9n (kedd) 15:00 \u00f3rai kezdettel tartja a K\u00f6zs\u00e9gh\u00e1za tan\u00e1cskoz\u00f3 term\u00e9ben, melyre tisztelettel megh\u00edvom.<\/p>\n","protected":false},"author":3,"featured_media":0,"comment_status":"closed","ping_status":"closed","template":"","tags":[],"blog-category":[28],"_links":{"self":[{"href":"http:\/\/gadoros.hu\/index.php?rest_route=\/wp\/v2\/blog_post\/3333"}],"collection":[{"href":"http:\/\/gadoros.hu\/index.php?rest_route=\/wp\/v2\/blog_post"}],"about":[{"href":"http:\/\/gadoros.hu\/index.php?rest_route=\/wp\/v2\/types\/blog_post"}],"author":[{"embeddable":true,"href":"http:\/\/gadoros.hu\/index.php?rest_route=\/wp\/v2\/users\/3"}],"replies":[{"embeddable":true,"href":"http:\/\/gadoros.hu\/index.php?rest_route=%2Fwp%2Fv2%2Fcomments&post=3333"}],"wp:attachment":[{"href":"http:\/\/gadoros.hu\/index.php?rest_route=%2Fwp%2Fv2%2Fmedia&parent=3333"}],"wp:term":[{"taxonomy":"post_tag","embeddable":true,"href":"http:\/\/gadoros.hu\/index.php?rest_route=%2Fwp%2Fv2%2Ftags&post=3333"},{"taxonomy":"blog-category","embeddable":true,"href":"http:\/\/gadoros.hu\/index.php?rest_route=%2Fwp%2Fv2%2Fblog-category&post=3333"}],"curies":[{"name":"wp","href":"https:\/\/api.w.org\/{rel}","templated":true}]}}