{"id":3332,"date":"2022-03-21T08:37:15","date_gmt":"2022-03-21T07:37:15","guid":{"rendered":"http:\/\/www.gadoros.hu\/?post_type=blog_post&#038;p=3332"},"modified":"2022-03-21T08:37:23","modified_gmt":"2022-03-21T07:37:23","slug":"3332","status":"publish","type":"blog_post","link":"http:\/\/gadoros.hu\/?blog_post=3332","title":{"rendered":""},"content":{"rendered":"\n<p><strong>G\u00e1doros Nagyk\u00f6zs\u00e9g \u00d6nkorm\u00e1nyzata<\/strong><br><strong>K\u00e9pvisel\u0151-test\u00fclet\u00e9nek<\/strong><br><strong>Szoci\u00e1lis, Kultur\u00e1lis, Eg\u00e9szs\u00e9g\u00fcgyi \u00e9s<\/strong><br><strong>Sport Bizotts\u00e1ga<\/strong><br><strong><u>5932 G\u00e1doros, Kossuth u. 16.<\/u><\/strong><\/p>\n\n\n\n<h2 class=\"wp-block-heading\" style=\"text-align:center\"><strong>M E G H \u00cd V \u00d3<\/strong><\/h2>\n\n\n\n<p style=\"text-align:center\">A Szoci\u00e1lis, Kultur\u00e1lis, Eg\u00e9szs\u00e9g\u00fcgyi \u00e9s Sport Bizotts\u00e1g \u00fcl\u00e9s\u00e9t<\/p>\n\n\n\n<p style=\"text-align:center\"><strong><u>2022. m\u00e1rcius 22-\u00e9n (kedd) 14:30 \u00f3r\u00e1t\u00f3l tartja<\/u><\/strong><\/p>\n\n\n\n<p style=\"text-align:center\">a K\u00f6zs\u00e9gh\u00e1za tan\u00e1cskoz\u00f3 term\u00e9ben, mely \u00fcl\u00e9sre tisztelettel megh\u00edvom.<\/p>\n\n\n\n<!--more-->\n\n\n\n<p><strong><u>Nyilv\u00e1nos \u00fcl\u00e9s keret\u00e9ben:<\/u><\/strong><\/p>\n\n\n\n<ol><li>Besz\u00e1mol\u00f3 a gy\u00e1m\u00fcgyi feladatok ell\u00e1t\u00e1s\u00e1r\u00f3l, \u00e9s a csal\u00e1dseg\u00edt\u0151 \u00e9s gyermekj\u00f3l\u00e9ti szolg\u00e1lat tev\u00e9kenys\u00e9g\u00e9r\u0151l<\/li><li>A 2026-os k\u00f6zs\u00e9gt\u00f6rt\u00e9neti monogr\u00e1fia el\u0151k\u00e9sz\u00fcleteinek megkezd\u00e9se<\/li><li>A 2022\/2023-as nevel\u00e9si \u00e9vre vonatkoz\u00f3 \u00f3vodai beiratkoz\u00e1s id\u0151pontj\u00e1nak meghat\u00e1roz\u00e1s\u00e1r\u00f3l \u00e9s az \u00f3vodai k\u00f6rzethat\u00e1rok kialak\u00edt\u00e1s\u00e1r\u00f3l <\/li><li>Egyebek, bejelent\u00e9sek<\/li><\/ol>\n\n\n\n<p><strong>A napirendi pontokhoz megh\u00edvva:<\/strong><br>Fekete Tiborn\u00e9 eln\u00f6k, Herbszt Gergely, J\u00e1vorcsik J\u00e1nos D\u00e1vid, Kosztol\u00e1n\u00e9 Szab\u00f3 Ildik\u00f3 \u00e9s Krivikn\u00e9 Zahorecz Anita bizotts\u00e1gi tagok, Dr. Szil\u00e1gyi Tibor polg\u00e1rmester, Varga Bal\u00e1zs alpolg\u00e1rmester, Rib\u00e1rszki Istv\u00e1n J\u00e1nos, Simond\u00e1n Vilmos telep\u00fcl\u00e9si k\u00e9pvisel\u0151k, K\u0151szegi Erzs\u00e9bet M\u00e1ria jegyz\u0151.<br><strong>Tan\u00e1cskoz\u00e1si joggal megh\u00edvva<\/strong>: T\u00f3th Tibor igazgat\u00e1si csoportvezet\u0151.<\/p>\n\n\n\n<p>2. napirendi ponthoz megh\u00edvva: Muhel G\u00e1bor k\u00f6nyvt\u00e1ros<\/p>\n\n\n\n<p>G\u00e1doros, 2022. m\u00e1rcius 17.<\/p>\n\n\n\n<p style=\"text-align:right\">Fekete Tiborn\u00e9 s. k.<br>Bizotts\u00e1g Eln\u00f6ke<\/p>\n","protected":false},"excerpt":{"rendered":"<p>G\u00e1doros Nagyk\u00f6zs\u00e9g \u00d6nkorm\u00e1nyzataK\u00e9pvisel\u0151-test\u00fclet\u00e9nekSzoci\u00e1lis, Kultur\u00e1lis, Eg\u00e9szs\u00e9g\u00fcgyi \u00e9sSport Bizotts\u00e1ga5932 G\u00e1doros, Kossuth u. 16. M E G H \u00cd V \u00d3 A Szoci\u00e1lis, Kultur\u00e1lis, Eg\u00e9szs\u00e9g\u00fcgyi \u00e9s Sport Bizotts\u00e1g \u00fcl\u00e9s\u00e9t 2022. m\u00e1rcius 22-\u00e9n (kedd) 14:30 \u00f3r\u00e1t\u00f3l tartja a K\u00f6zs\u00e9gh\u00e1za tan\u00e1cskoz\u00f3 term\u00e9ben, mely \u00fcl\u00e9sre tisztelettel megh\u00edvom.<\/p>\n","protected":false},"author":3,"featured_media":0,"comment_status":"closed","ping_status":"closed","template":"","tags":[],"blog-category":[28],"_links":{"self":[{"href":"http:\/\/gadoros.hu\/index.php?rest_route=\/wp\/v2\/blog_post\/3332"}],"collection":[{"href":"http:\/\/gadoros.hu\/index.php?rest_route=\/wp\/v2\/blog_post"}],"about":[{"href":"http:\/\/gadoros.hu\/index.php?rest_route=\/wp\/v2\/types\/blog_post"}],"author":[{"embeddable":true,"href":"http:\/\/gadoros.hu\/index.php?rest_route=\/wp\/v2\/users\/3"}],"replies":[{"embeddable":true,"href":"http:\/\/gadoros.hu\/index.php?rest_route=%2Fwp%2Fv2%2Fcomments&post=3332"}],"wp:attachment":[{"href":"http:\/\/gadoros.hu\/index.php?rest_route=%2Fwp%2Fv2%2Fmedia&parent=3332"}],"wp:term":[{"taxonomy":"post_tag","embeddable":true,"href":"http:\/\/gadoros.hu\/index.php?rest_route=%2Fwp%2Fv2%2Ftags&post=3332"},{"taxonomy":"blog-category","embeddable":true,"href":"http:\/\/gadoros.hu\/index.php?rest_route=%2Fwp%2Fv2%2Fblog-category&post=3332"}],"curies":[{"name":"wp","href":"https:\/\/api.w.org\/{rel}","templated":true}]}}