{"id":3309,"date":"2022-02-25T14:09:26","date_gmt":"2022-02-25T13:09:26","guid":{"rendered":"http:\/\/www.gadoros.hu\/?post_type=blog_post&#038;p=3309"},"modified":"2022-02-28T10:25:34","modified_gmt":"2022-02-28T09:25:34","slug":"3309","status":"publish","type":"blog_post","link":"http:\/\/gadoros.hu\/?blog_post=3309","title":{"rendered":""},"content":{"rendered":"\n<p><strong>G\u00e1doros Nagyk\u00f6zs\u00e9g Polg\u00e1rmestere<br>5932 G\u00e1doros, Kossuth Lajos utca 16.<br><u>Telefon: 68\/490-001<\/u><\/strong><\/p>\n\n\n\n<h2 class=\"wp-block-heading\" style=\"text-align:center\">M E G H \u00cd V \u00d3<\/h2>\n\n\n\n<p style=\"text-align:center\">G\u00e1doros Nagyk\u00f6zs\u00e9gi \u00d6nkorm\u00e1nyzat  K\u00e9pvisel\u0151-test\u00fclete rendk\u00edv\u00fcli \u00fcl\u00e9s\u00e9t<\/p>\n\n\n\n<h4 class=\"wp-block-heading\" style=\"text-align:center\"><strong><u>2022. febru\u00e1r 28-\u00e1n (h\u00e9tf\u0151) 15:00 \u00f3rai<\/u><\/strong><\/h4>\n\n\n\n<p style=\"text-align:center\">kezdettel tartja a K\u00f6zs\u00e9gh\u00e1za tan\u00e1cskoz\u00f3 term\u00e9ben, melyre tisztelettel<\/p>\n\n\n\n<h3 class=\"wp-block-heading\" style=\"text-align:center\"><strong>megh\u00edvom.<\/strong><\/h3>\n\n\n\n<!--more-->\n\n\n\n<p><strong>Nyilv\u00e1nos \u00fcl\u00e9s keret\u00e9ben:<\/strong><\/p>\n\n\n\n<ol><li>2022. \u00e9vi k\u00f6lts\u00e9gvet\u00e9s megvitat\u00e1sa, elfogad\u00e1sa<br> El\u0151ad\u00f3: Dr. Szil\u00e1gyi Tibor polg\u00e1rmester<\/li><li> Justh Zsigmond M\u0171vel\u0151d\u00e9si H\u00e1z \u00e9s K\u00f6nyvt\u00e1r besz\u00e1mol\u00f3 \u00e9s munkaterv beny\u00fajt\u00e1sa<br> El\u0151ad\u00f3: Dr. Szil\u00e1gyi Tibor polg\u00e1rmester<\/li><li> Gazdas\u00e1g\u00e9l\u00e9nk\u00edt\u0151 Program t\u00e1mogat\u00e1si k\u00e9relem t\u00e1rgy\u00e1ban<br> El\u0151ad\u00f3: Dr. Szil\u00e1gyi Tibor polg\u00e1rmester<\/li><li> Szavazatsz\u00e1ml\u00e1l\u00f3 bizotts\u00e1g megv\u00e1laszt\u00e1sa<br> El\u0151ad\u00f3: K\u0151szegi Erzs\u00e9bet M\u00e1ria Helyi V\u00e1laszt\u00e1si Iroda Vezet\u0151<\/li><li> Egyebek, bejelent\u00e9sek<\/li><\/ol>\n\n\n\n<p><strong>Valamennyi napirendi ponthoz megh\u00edvottak:<\/strong><br>Dr. Szil\u00e1gyi Tibor polg\u00e1rmester, Varga Bal\u00e1zs alpolg\u00e1rmester, Fekete Tiborn\u00e9, Herbszt Gergely, J\u00e1vorcsik J\u00e1nos D\u00e1vid, Rib\u00e1rszki Istv\u00e1n J\u00e1nos \u00e9s Simond\u00e1n Vilmos telep\u00fcl\u00e9si k\u00e9pvisel\u0151k.<\/p>\n\n\n\n<p>B\u00e9k\u00e9s Megyei Korm\u00e1nyhivatal, Korm\u00e1nymegb\u00edzott<\/p>\n\n\n\n<p>K\u0151szegi Erzs\u00e9bet M\u00e1ria jegyz\u0151<br>T\u00f3th Tibor igazgat\u00e1si csoportvezet\u0151<br>Libor Zsoltn\u00e9 p\u00e9nz\u00fcgyi csoportvezet\u0151<\/p>\n\n\n\n<p>Prozlik M\u00e1rta Napk\u00f6zi Otthonos \u00d3voda int\u00e9zm\u00e9nyvezet\u0151<br>Sebesty\u00e9n L\u00e1szl\u00f3n\u00e9 Justh Zsigmond M\u0171vel\u0151d\u00e9si H\u00e1z \u00e9s K\u00f6nyvt\u00e1r int\u00e9zm\u00e9nyvezet\u0151<br>Krivikn\u00e9 Zahorecz Anita Gondoz\u00e1si K\u00f6zpont int\u00e9zm\u00e9nyvezet\u0151<br>T\u00f3th M\u00e1ria Prog\u00e1dor Kft. \u00fcgyvezet\u0151<\/p>\n\n\n\n<p>T\u00f3th Antal Roma Nemzetis\u00e9gi \u00d6nkorm\u00e1nyzat\neln\u00f6ke<\/p>\n\n\n\n<p>Tasi G\u00e1bor B\u00e9k\u00e9s-Csan\u00e1di Szent Gy\u00f6rgy Vit\u00e9zi Rend Alap\u00edtv\u00e1ny k\u00e9pviselet\u00e9ben<\/p>\n\n\n\n<p>G\u00e1doros, 2022. febru\u00e1r 25.<\/p>\n\n\n\n<p style=\"text-align:right\">Dr. Szil\u00e1gyi Tibor s.k.<br>polg\u00e1rmester<\/p>\n","protected":false},"excerpt":{"rendered":"<p>G\u00e1doros Nagyk\u00f6zs\u00e9g Polg\u00e1rmestere5932 G\u00e1doros, Kossuth Lajos utca 16.Telefon: 68\/490-001 M E G H \u00cd V \u00d3 G\u00e1doros Nagyk\u00f6zs\u00e9gi \u00d6nkorm\u00e1nyzat K\u00e9pvisel\u0151-test\u00fclete rendk\u00edv\u00fcli \u00fcl\u00e9s\u00e9t 2022. febru\u00e1r 28-\u00e1n (h\u00e9tf\u0151) 15:00 \u00f3rai kezdettel tartja a K\u00f6zs\u00e9gh\u00e1za tan\u00e1cskoz\u00f3 term\u00e9ben, melyre tisztelettel megh\u00edvom.<\/p>\n","protected":false},"author":0,"featured_media":0,"comment_status":"closed","ping_status":"closed","template":"","tags":[],"blog-category":[28],"_links":{"self":[{"href":"http:\/\/gadoros.hu\/index.php?rest_route=\/wp\/v2\/blog_post\/3309"}],"collection":[{"href":"http:\/\/gadoros.hu\/index.php?rest_route=\/wp\/v2\/blog_post"}],"about":[{"href":"http:\/\/gadoros.hu\/index.php?rest_route=\/wp\/v2\/types\/blog_post"}],"replies":[{"embeddable":true,"href":"http:\/\/gadoros.hu\/index.php?rest_route=%2Fwp%2Fv2%2Fcomments&post=3309"}],"wp:attachment":[{"href":"http:\/\/gadoros.hu\/index.php?rest_route=%2Fwp%2Fv2%2Fmedia&parent=3309"}],"wp:term":[{"taxonomy":"post_tag","embeddable":true,"href":"http:\/\/gadoros.hu\/index.php?rest_route=%2Fwp%2Fv2%2Ftags&post=3309"},{"taxonomy":"blog-category","embeddable":true,"href":"http:\/\/gadoros.hu\/index.php?rest_route=%2Fwp%2Fv2%2Fblog-category&post=3309"}],"curies":[{"name":"wp","href":"https:\/\/api.w.org\/{rel}","templated":true}]}}