{"id":3299,"date":"2022-02-14T09:40:22","date_gmt":"2022-02-14T08:40:22","guid":{"rendered":"http:\/\/www.gadoros.hu\/?post_type=blog_post&#038;p=3299"},"modified":"2022-02-14T09:40:30","modified_gmt":"2022-02-14T08:40:30","slug":"3299","status":"publish","type":"blog_post","link":"http:\/\/gadoros.hu\/?blog_post=3299","title":{"rendered":""},"content":{"rendered":"\n<p><strong>G\u00e1doros Nagyk\u00f6zs\u00e9g Polg\u00e1rmestere<br>5932 G\u00e1doros, Kossuth Lajos utca 16.<br><u>Telefon: 68\/490-001<\/u><\/strong><\/p>\n\n\n\n<h2 class=\"wp-block-heading\" style=\"text-align:center\">M E G H \u00cd V \u00d3<\/h2>\n\n\n\n<p style=\"text-align:center\">G\u00e1doros Nagyk\u00f6zs\u00e9gi \u00d6nkorm\u00e1nyzat  K\u00e9pvisel\u0151-test\u00fclete rendes \u00fcl\u00e9s\u00e9t<\/p>\n\n\n\n<p style=\"text-align:center\"><strong><u>2022. febru\u00e1r 15. (kedd) 15:00 \u00f3rai<\/u><\/strong><\/p>\n\n\n\n<p style=\"text-align:center\">kezdettel tartja a K\u00f6zs\u00e9gh\u00e1za tan\u00e1cskoz\u00f3 term\u00e9ben, melyre tisztelettel<\/p>\n\n\n\n<p style=\"text-align:center\"><strong>megh\u00edvom.<\/strong><\/p>\n\n\n\n<!--more-->\n\n\n\n<p><strong><u>Nyilv\u00e1nos \u00fcl\u00e9s keret\u00e9ben:<\/u><\/strong><\/p>\n\n\n\n<ol><li>A Kisboldogasszony Katolikus \u00c1ltal\u00e1nos Iskola 2022\/2023. tan\u00e9vre vonatkoz\u00f3 felv\u00e9teli k\u00f6rzet\u00e9nek meg\u00e1llap\u00edt\u00e1s\u00e1hoz v\u00e9lem\u00e9nyez\u00e9s<br>El\u0151ad\u00f3: Dr. Szil\u00e1gyi Tibor polg\u00e1rmester<\/li><li>Hum\u00e1n Szolg\u00e1ltat\u00f3 K\u00f6zpont sz\u00e9khelyv\u00e1ltoz\u00e1sa<br>El\u0151ad\u00f3: Dr. Szil\u00e1gyi Tibor polg\u00e1rmester<\/li><li>K\u00f6ztemet\u00e9s szerz\u0151d\u00e9s\u00e9nek meghosszabb\u00edt\u00e1sa<br>El\u0151ad\u00f3: Dr. Szil\u00e1gyi Tibor polg\u00e1rmester<\/li><li>Jelent\u00e9s a hat\u00e1rozatok v\u00e9grehajt\u00e1s\u00e1r\u00f3l<br>El\u0151ad\u00f3: Dr. Szil\u00e1gyi Tibor polg\u00e1rmester<\/li><li>2022. \u00e9vi k\u00f6lts\u00e9gvet\u00e9s megvitat\u00e1sa, elfogad\u00e1sa<br>El\u0151ad\u00f3: Dr. Szil\u00e1gyi Tibor polg\u00e1rmester<\/li><li>A 2022. \u00e9vi igazgat\u00e1si sz\u00fcnet elrendel\u00e9s\u00e9r\u0151l, valamint a 2022. \u00e9vi munkasz\u00fcneti napok k\u00f6r\u00fcli \u00fcgyf\u00e9lfogad\u00e1si rendr\u0151l sz\u00f3l\u00f3 rendelet<br>El\u0151ad\u00f3: Dr. Szil\u00e1gyi Tibor polg\u00e1rmester<\/li><li>2023. \u00e9vi B\u00e9k\u00e9s J\u00f3zsef eml\u00e9k\u00e9v el\u0151k\u00e9sz\u00edt\u00e9se<br>El\u0151ad\u00f3: Dr. Szil\u00e1gyi Tibor polg\u00e1rmester<\/li><li>Rendezv\u00e9nyek \u00e1tbesz\u00e9l\u00e9se (sz\u00f3beli)<br>El\u0151ad\u00f3: Dr. Szil\u00e1gyi Tibor polg\u00e1rmester<\/li><li>Justh Zsigmond M\u0171vel\u0151d\u00e9si H\u00e1z \u00e9s K\u00f6nyvt\u00e1r int\u00e9zm\u00e9nyvezet\u0151 p\u00e1ly\u00e1zat ki\u00edr\u00e1sa<br>El\u0151ad\u00f3: Dr. Szil\u00e1gyi Tibor polg\u00e1rmester<\/li><li>Bejelent\u00e9sek<ol><li>K\u00f6zvil\u00e1g\u00edt\u00e1ssal kapcsolatos t\u00e1j\u00e9koztat\u00e1s (sz\u00f3beli)<br>El\u0151ad\u00f3: Dr. Szil\u00e1gyi Tibor polg\u00e1rmester<\/li><li>Gazdas\u00e1g\u00e9l\u00e9nk\u00edt\u0151 Programr\u00f3l t\u00e1j\u00e9koztat\u00e1s (sz\u00f3beli)<br>El\u0151ad\u00f3: Dr. Szil\u00e1gyi Tibor polg\u00e1rmester<\/li><\/ol><\/li><\/ol>\n\n\n\n<p><strong><u>Z\u00e1rt \u00fcl\u00e9s keret\u00e9ben:<\/u><\/strong><\/p>\n\n\n\n<ol><li>Alpolg\u00e1rmester tiszteletd\u00edj\u00e1nak (k\u00f6lts\u00e9gt\u00e9r\u00edt\u00e9s\u00e9nek) meg\u00e1llap\u00edt\u00e1sa<br>El\u0151ad\u00f3: Dr. Szil\u00e1gyi Tibor polg\u00e1rmester<\/li><\/ol>\n\n\n\n<p><strong>Valamennyi napirendi ponthoz megh\u00edvottak:<\/strong><br>Dr. Szil\u00e1gyi Tibor polg\u00e1rmester, Varga Bal\u00e1zs alpolg\u00e1rmester, Fekete Tiborn\u00e9, Herbszt Gergely, J\u00e1vorcsik J\u00e1nos D\u00e1vid, Rib\u00e1rszki Istv\u00e1n J\u00e1nos \u00e9s Simond\u00e1n Vilmos telep\u00fcl\u00e9si k\u00e9pvisel\u0151k.<\/p>\n\n\n\n<p>B\u00e9k\u00e9s Megyei Korm\u00e1nyhivatal, Korm\u00e1nymegb\u00edzott<\/p>\n\n\n\n<p>K\u0151szegi Erzs\u00e9bet M\u00e1ria jegyz\u0151<br>T\u00f3th Tibor igazgat\u00e1si csoportvezet\u0151<br>Libor Zsoltn\u00e9 p\u00e9nz\u00fcgyi csoportvezet\u0151<\/p>\n\n\n\n<p>Prozlik M\u00e1rta Napk\u00f6zi Otthonos \u00d3voda int\u00e9zm\u00e9nyvezet\u0151<br>Sebesty\u00e9n L\u00e1szl\u00f3n\u00e9 Justh Zsigmond M\u0171vel\u0151d\u00e9si H\u00e1z \u00e9s K\u00f6nyvt\u00e1r int\u00e9zm\u00e9nyvezet\u0151<br>Krivikn\u00e9 Zahorecz Anita Gondoz\u00e1si K\u00f6zpont int\u00e9zm\u00e9nyvezet\u0151<br>T\u00f3th M\u00e1ria Prog\u00e1dor Kft. \u00fcgyvezet\u0151<\/p>\n\n\n\n<p>T\u00f3th Antal Roma Nemzetis\u00e9gi \u00d6nkorm\u00e1nyzat eln\u00f6ke<\/p>\n\n\n\n<p>2. napirendi ponthoz megh\u00edvva: Bodorl\u00f3 Borb\u00e1la, Hum\u00e1n Szolg\u00e1ltat\u00f3 int\u00e9zm\u00e9nyvezet\u0151<br>3. napirendi ponthoz megh\u00edvva: Orosh\u00e1zi Pi\u00e9ta Temetkez\u00e9si Bt., K\u00e1rai Attila \u00fcgyvezet\u0151<\/p>\n\n\n\n<p>G\u00e1doros, 2022. febru\u00e1r 11.<\/p>\n\n\n\n<p style=\"text-align:right\">Dr. Szil\u00e1gyi Tibor s.k.<br>polg\u00e1rmester<\/p>\n","protected":false},"excerpt":{"rendered":"<p>G\u00e1doros Nagyk\u00f6zs\u00e9g Polg\u00e1rmestere5932 G\u00e1doros, Kossuth Lajos utca 16.Telefon: 68\/490-001 M E G H \u00cd V \u00d3 G\u00e1doros Nagyk\u00f6zs\u00e9gi \u00d6nkorm\u00e1nyzat K\u00e9pvisel\u0151-test\u00fclete rendes \u00fcl\u00e9s\u00e9t 2022. febru\u00e1r 15. (kedd) 15:00 \u00f3rai kezdettel tartja a K\u00f6zs\u00e9gh\u00e1za tan\u00e1cskoz\u00f3 term\u00e9ben, melyre tisztelettel megh\u00edvom.<\/p>\n","protected":false},"author":3,"featured_media":0,"comment_status":"closed","ping_status":"closed","template":"","tags":[],"blog-category":[28],"_links":{"self":[{"href":"http:\/\/gadoros.hu\/index.php?rest_route=\/wp\/v2\/blog_post\/3299"}],"collection":[{"href":"http:\/\/gadoros.hu\/index.php?rest_route=\/wp\/v2\/blog_post"}],"about":[{"href":"http:\/\/gadoros.hu\/index.php?rest_route=\/wp\/v2\/types\/blog_post"}],"author":[{"embeddable":true,"href":"http:\/\/gadoros.hu\/index.php?rest_route=\/wp\/v2\/users\/3"}],"replies":[{"embeddable":true,"href":"http:\/\/gadoros.hu\/index.php?rest_route=%2Fwp%2Fv2%2Fcomments&post=3299"}],"wp:attachment":[{"href":"http:\/\/gadoros.hu\/index.php?rest_route=%2Fwp%2Fv2%2Fmedia&parent=3299"}],"wp:term":[{"taxonomy":"post_tag","embeddable":true,"href":"http:\/\/gadoros.hu\/index.php?rest_route=%2Fwp%2Fv2%2Ftags&post=3299"},{"taxonomy":"blog-category","embeddable":true,"href":"http:\/\/gadoros.hu\/index.php?rest_route=%2Fwp%2Fv2%2Fblog-category&post=3299"}],"curies":[{"name":"wp","href":"https:\/\/api.w.org\/{rel}","templated":true}]}}