{"id":3293,"date":"2022-02-08T11:04:02","date_gmt":"2022-02-08T10:04:02","guid":{"rendered":"http:\/\/www.gadoros.hu\/?post_type=blog_post&#038;p=3293"},"modified":"2022-02-08T11:04:10","modified_gmt":"2022-02-08T10:04:10","slug":"3293","status":"publish","type":"blog_post","link":"http:\/\/gadoros.hu\/?blog_post=3293","title":{"rendered":""},"content":{"rendered":"\n<h2 class=\"wp-block-heading\" style=\"text-align:center\"><strong>\u00c9RTES\u00cdT\u00c9S<\/strong><\/h2>\n\n\n\n<p style=\"text-align:center\">G\u00e1doros Nagyk\u00f6zs\u00e9g \u00d6nkorm\u00e1nyzata \u00e9rtes\u00edti a Tisztelt G\u00e1dorosi Lakosokat, hogy a<\/p>\n\n\n\n<h4 class=\"wp-block-heading\" style=\"text-align:center\"><strong>DAREH B\u00c1ZIS Hullad\u00e9kgazd\u00e1lkod\u00e1si Nonprofit Zrt. szem\u00e9lyes \u00fcgyf\u00e9lfogad\u00e1sa<\/strong><\/h4>\n\n\n\n<p style=\"text-align:center\"><strong>2022. febru\u00e1r 3-t\u00f3l (cs\u00fct\u00f6rt\u00f6k) visszavon\u00e1sig<\/strong><br><strong>a Polg\u00e1rmesteri Hivatal 2. sz. irod\u00e1j\u00e1ban<\/strong><br>(5932 G\u00e1doros, Kossuth Lajos utca 16. sz.) <strong>lesz el\u00e9rhet\u0151<\/strong>.<\/p>\n\n\n\n<!--more-->\n\n\n\n<p>\u00dcgyf\u00e9lszolg\u00e1lati id\u0151n k\u00edv\u00fcl az al\u00e1bbi k\u00f6zponti el\u00e9rhet\u0151s\u00e9geken v\u00e1rj\u00e1k a megkeres\u00e9st: <\/p>\n\n\n\n<p><strong>Telefon: +36\/66\/447-150<\/strong><br><strong>E-mail: <\/strong><a href=\"mailto:\u00fcgyfelszolgalat@grnkft.hu\"><strong>\u00fcgyfelszolgalat@grnkft.hu<\/strong><\/a><strong> , <\/strong><a href=\"mailto:uzletiugyfel@grnkft.hu\"><strong>uzletiugyfel@grnkft.hu<\/strong><\/a><strong>, <\/strong><a href=\"mailto:szallitasi-informaciok@grnkft.hu\"><strong>szallitasi-informaciok@grnkft.hu<\/strong><\/a><br><strong>Szem\u00e9lyesen vagy postai \u00faton: <\/strong>5600 B\u00e9k\u00e9scsaba, Kinizsi u. 4-6. (h\u00e9tf\u0151 \u00e9s szerda: 8:00 \u2013 15:00 \u00f3r\u00e1ig, cs\u00fct\u00f6rt\u00f6k: 7:00 \u2013 19:00 \u00f3r\u00e1ig)<\/p>\n\n\n\n<p>A hullad\u00e9ksz\u00e1ll\u00edt\u00e1si inform\u00e1ci\u00f3kr\u00f3l \u00e9s \u00fcgyint\u00e9z\u00e9sr\u0151l a <a href=\"http:\/\/www.dareh.hu\">www.dareh.hu<\/a> oldalon t\u00e1j\u00e9koz\u00f3dhatnak.<\/p>\n","protected":false},"excerpt":{"rendered":"<p>\u00c9RTES\u00cdT\u00c9S G\u00e1doros Nagyk\u00f6zs\u00e9g \u00d6nkorm\u00e1nyzata \u00e9rtes\u00edti a Tisztelt G\u00e1dorosi Lakosokat, hogy a DAREH B\u00c1ZIS Hullad\u00e9kgazd\u00e1lkod\u00e1si Nonprofit Zrt. szem\u00e9lyes \u00fcgyf\u00e9lfogad\u00e1sa 2022. febru\u00e1r 3-t\u00f3l (cs\u00fct\u00f6rt\u00f6k) visszavon\u00e1siga Polg\u00e1rmesteri Hivatal 2. sz. irod\u00e1j\u00e1ban(5932 G\u00e1doros, Kossuth Lajos utca 16. sz.) lesz el\u00e9rhet\u0151.<\/p>\n","protected":false},"author":3,"featured_media":0,"comment_status":"closed","ping_status":"closed","template":"","tags":[],"blog-category":[28],"_links":{"self":[{"href":"http:\/\/gadoros.hu\/index.php?rest_route=\/wp\/v2\/blog_post\/3293"}],"collection":[{"href":"http:\/\/gadoros.hu\/index.php?rest_route=\/wp\/v2\/blog_post"}],"about":[{"href":"http:\/\/gadoros.hu\/index.php?rest_route=\/wp\/v2\/types\/blog_post"}],"author":[{"embeddable":true,"href":"http:\/\/gadoros.hu\/index.php?rest_route=\/wp\/v2\/users\/3"}],"replies":[{"embeddable":true,"href":"http:\/\/gadoros.hu\/index.php?rest_route=%2Fwp%2Fv2%2Fcomments&post=3293"}],"wp:attachment":[{"href":"http:\/\/gadoros.hu\/index.php?rest_route=%2Fwp%2Fv2%2Fmedia&parent=3293"}],"wp:term":[{"taxonomy":"post_tag","embeddable":true,"href":"http:\/\/gadoros.hu\/index.php?rest_route=%2Fwp%2Fv2%2Ftags&post=3293"},{"taxonomy":"blog-category","embeddable":true,"href":"http:\/\/gadoros.hu\/index.php?rest_route=%2Fwp%2Fv2%2Fblog-category&post=3293"}],"curies":[{"name":"wp","href":"https:\/\/api.w.org\/{rel}","templated":true}]}}