{"id":3264,"date":"2022-01-06T08:34:40","date_gmt":"2022-01-06T07:34:40","guid":{"rendered":"http:\/\/www.gadoros.hu\/?post_type=blog_post&#038;p=3264"},"modified":"2022-01-06T08:40:28","modified_gmt":"2022-01-06T07:40:28","slug":"3264","status":"publish","type":"blog_post","link":"http:\/\/gadoros.hu\/?blog_post=3264","title":{"rendered":""},"content":{"rendered":"\n<p style=\"text-align:center\"><strong>\u00c9rtes\u00edt\u00e9s<\/strong><\/p>\n\n\n\n<p style=\"text-align:center\">G\u00e1doros Nagyk\u00f6zs\u00e9g \u00d6nkorm\u00e1nyzata \u00e9rtes\u00edti a Tisztelt Lakoss\u00e1got, hogy a szoci\u00e1lis t\u00fczel\u0151anyag t\u00e1mogat\u00e1st<\/p>\n\n\n\n<p style=\"text-align:center\"><strong>a Justh Zsigmond M\u0171vel\u0151d\u00e9si H\u00e1z udvar\u00e1n <\/strong><br><strong>(5932 G\u00e1doros, Kossuth utca 18.) lehet \u00e1tvenni:<\/strong><\/p>\n\n\n\n<p style=\"text-align:center\"><strong>2022. janu\u00e1r 11. (kedd)<\/strong><br><strong>2022. janu\u00e1r 12. (szerda) <\/strong><br><strong>2022. janu\u00e1r 13. (cs\u00fct\u00f6rt\u00f6k)<\/strong><\/p>\n\n\n\n<p style=\"text-align:center\"><strong>\u00a0\u00a0\u00a0\u00a0\u00a0 8:00-11:00-\u00f3r\u00e1ig \u00e9s 13:00-15:00 \u00f3r\u00e1ig.<\/strong><\/p>\n\n\n\n<p style=\"text-align:center\">K\u00e9rj\u00fck a t\u00fczel\u0151anyag elsz\u00e1ll\u00edt\u00e1s\u00e1r\u00f3l az ig\u00e9nyl\u0151 gondoskodjon.<\/p>\n\n\n\n<p style=\"text-align:right\">\u00d6nkorm\u00e1nyzat<\/p>\n","protected":false},"excerpt":{"rendered":"<p>\u00c9rtes\u00edt\u00e9s G\u00e1doros Nagyk\u00f6zs\u00e9g \u00d6nkorm\u00e1nyzata \u00e9rtes\u00edti a Tisztelt Lakoss\u00e1got, hogy a szoci\u00e1lis t\u00fczel\u0151anyag t\u00e1mogat\u00e1st a Justh Zsigmond M\u0171vel\u0151d\u00e9si H\u00e1z udvar\u00e1n (5932 G\u00e1doros, Kossuth utca 18.) lehet \u00e1tvenni: 2022. janu\u00e1r 11. (kedd)2022. janu\u00e1r 12. (szerda) 2022. janu\u00e1r 13. (cs\u00fct\u00f6rt\u00f6k) \u00a0\u00a0\u00a0\u00a0\u00a0 8:00-11:00-\u00f3r\u00e1ig \u00e9s 13:00-15:00 \u00f3r\u00e1ig. K\u00e9rj\u00fck a t\u00fczel\u0151anyag elsz\u00e1ll\u00edt\u00e1s\u00e1r\u00f3l az ig\u00e9nyl\u0151 gondoskodjon. \u00d6nkorm\u00e1nyzat<\/p>\n","protected":false},"author":0,"featured_media":0,"comment_status":"closed","ping_status":"closed","template":"","tags":[],"blog-category":[28],"_links":{"self":[{"href":"http:\/\/gadoros.hu\/index.php?rest_route=\/wp\/v2\/blog_post\/3264"}],"collection":[{"href":"http:\/\/gadoros.hu\/index.php?rest_route=\/wp\/v2\/blog_post"}],"about":[{"href":"http:\/\/gadoros.hu\/index.php?rest_route=\/wp\/v2\/types\/blog_post"}],"replies":[{"embeddable":true,"href":"http:\/\/gadoros.hu\/index.php?rest_route=%2Fwp%2Fv2%2Fcomments&post=3264"}],"wp:attachment":[{"href":"http:\/\/gadoros.hu\/index.php?rest_route=%2Fwp%2Fv2%2Fmedia&parent=3264"}],"wp:term":[{"taxonomy":"post_tag","embeddable":true,"href":"http:\/\/gadoros.hu\/index.php?rest_route=%2Fwp%2Fv2%2Ftags&post=3264"},{"taxonomy":"blog-category","embeddable":true,"href":"http:\/\/gadoros.hu\/index.php?rest_route=%2Fwp%2Fv2%2Fblog-category&post=3264"}],"curies":[{"name":"wp","href":"https:\/\/api.w.org\/{rel}","templated":true}]}}