{"id":3200,"date":"2021-11-15T15:45:21","date_gmt":"2021-11-15T14:45:21","guid":{"rendered":"http:\/\/www.gadoros.hu\/?post_type=blog_post&#038;p=3200"},"modified":"2021-11-15T16:07:32","modified_gmt":"2021-11-15T15:07:32","slug":"3200","status":"publish","type":"blog_post","link":"http:\/\/gadoros.hu\/?blog_post=3200","title":{"rendered":""},"content":{"rendered":"\n<p><strong>G\u00e1doros Nagyk\u00f6zs\u00e9g Polg\u00e1rmestere<\/strong><br><strong>5932 G\u00e1doros, Kossuth Lajos utca 16.<\/strong><br>Telefon: 68\/490-001<\/p>\n\n\n\n<p style=\"text-align:center\"><strong>M E G H \u00cd V \u00d3<\/strong><\/p>\n\n\n\n<p style=\"text-align:center\">G\u00e1doros Nagyk\u00f6zs\u00e9gi \u00d6nkorm\u00e1nyzat <br>K\u00e9pvisel\u0151-test\u00fclete rendes \u00fcl\u00e9s\u00e9t<\/p>\n\n\n\n<p style=\"text-align:center\"><strong>2021. november 16. (kedd) 15:30\n\u00f3rai<\/strong><\/p>\n\n\n\n<p style=\"text-align:center\">kezdettel tartja a K\u00f6zs\u00e9gh\u00e1za tan\u00e1cskoz\u00f3 term\u00e9ben, melyre tisztelettel<br><strong>megh\u00edvom.<\/strong><\/p>\n\n\n\n<!--more-->\n\n\n\n<p><strong>Nyilv\u00e1nos \u00fcl\u00e9s keret\u00e9ben:<\/strong><\/p>\n\n\n\n<ol><li>K\u00f6zvil\u00e1g\u00edt\u00e1s korszer\u0171s\u00edt\u00e9se &#8211; El\u0151ad\u00f3: Dr. Szil\u00e1gy Tibor polg\u00e1rmester<\/li><li>Jelent\u00e9s a hat\u00e1rozatok v\u00e9grehajt\u00e1s\u00e1r\u00f3l &#8211;  El\u0151ad\u00f3: Dr. Szil\u00e1gy Tibor polg\u00e1rmester <\/li><li>2021. \u00e9vi k\u00f6lts\u00e9gvet\u00e9si rendelet m\u00f3dos\u00edt\u00e1sa &#8211; El\u0151ad\u00f3: Dr. Szil\u00e1gy Tibor polg\u00e1rmester <\/li><li> Ad\u00f3z\u00e1ssal kapcsolatos feladatok ell\u00e1t\u00e1s\u00e1r\u00f3l, behajt\u00e1sok helyzet\u00e9r\u0151l t\u00e1j\u00e9koztat\u00f3 &#8211; El\u0151ad\u00f3: Szamosk\u00f6zi Anna M\u00e1ria f\u0151el\u0151ad\u00f3<\/li><li> Besz\u00e1mol\u00f3 az \u00f6nkorm\u00e1nyzat \u00e9s int\u00e9zm\u00e9nyei h\u00e1romnegyed \u00e9ves gazd\u00e1lkod\u00e1s\u00e1r\u00f3l &#8211; El\u0151ad\u00f3: Libor Zsoltn\u00e9 p\u00e9nz\u00fcgyi csoportvezet\u0151<\/li><li> 2022. \u00e9vi k\u00f6lts\u00e9gvet\u00e9s bev\u00e9teli oldal\u00e1t megalapoz\u00f3 d\u00f6nt\u00e9sekre javaslat &#8211; El\u0151ad\u00f3: Dr. Szil\u00e1gyi Tibor polg\u00e1rmester<\/li><li>2021. \u00e9vi bels\u0151 ellen\u0151rz\u00e9si program m\u00f3dos\u00edt\u00e1s j\u00f3v\u00e1hagy\u00e1sa \/ 2022. \u00e9vi bels\u0151 ellen\u0151rz\u00e9si program j\u00f3v\u00e1hagy\u00e1sa &#8211;  El\u0151ad\u00f3: Dr. Szil\u00e1gy Tibor polg\u00e1rmester <\/li><li>A szoci\u00e1lis c\u00e9l\u00fa t\u00fczel\u0151anyag t\u00e1mogat\u00e1s helyi szab\u00e1lyair\u00f3l sz\u00f3l\u00f3 9\/2017 (VIII.10.) \u00f6nkorm\u00e1nyzati rendelet m\u00f3dos\u00edt\u00e1sa &#8211; El\u0151ad\u00f3: Dr. Szil\u00e1gyi Tibor polg\u00e1rmester<\/li><li>K\u00f6zm\u0171vel\u0151d\u00e9si rendelet &#8211; El\u0151ad\u00f3: Dr. Szil\u00e1gyi Tibor polg\u00e1rmester<\/li><li>Polg\u00e1rmesteri Hivatal besz\u00e1mol\u00f3ja a hivatal tev\u00e9kenys\u00e9g\u00e9r\u0151l &#8211; El\u0151ad\u00f3: Dr. Szil\u00e1gyi Tibor polg\u00e1rmester<\/li><li>Polg\u00e1rmester, bizotts\u00e1gok munk\u00e1j\u00e1r\u00f3l, \u00e9s az \u00e1truh\u00e1zott hat\u00e1sk\u00f6rben hozott int\u00e9zked\u00e9seir\u0151l besz\u00e1mol\u00f3 &#8211; El\u0151ad\u00f3: polg\u00e1rmester, bizotts\u00e1gok eln\u00f6kei<\/li><li>2022. \u00e9vi munkaprogram \u00f6ssze\u00e1ll\u00edt\u00e1sa &#8211; El\u0151ad\u00f3: Dr. Szil\u00e1gyi Tibor polg\u00e1rmester<\/li><li>2022. \u00e9vi k\u00f6zmeghallgat\u00e1s id\u0151pontj\u00e1nak el\u0151k\u00e9sz\u00edt\u00e9se &#8211; El\u0151ad\u00f3: Dr. Szil\u00e1gyi Tibor polg\u00e1rmester <\/li><li>2022. \u00e9vi k\u00f6zs\u00e9gi rendezv\u00e9nyekre javaslat &#8211; El\u0151ad\u00f3: Dr. Szil\u00e1gyi Tibor polg\u00e1rmester<\/li><li>Besz\u00e1mol\u00f3 a SzoGador Kft. 2020. \u00e9vi m\u0171k\u00f6d\u00e9s\u00e9r\u0151l &#8211; El\u0151ad\u00f3: T\u00f3th M\u00e1ria SzoGador Kft. \u00fcgyvezet\u0151je <\/li><li>Prog\u00e1dor Kft. h\u00e1l\u00f3zatfejleszt\u00e9s\u00e9nek \u00fcgye &#8211; El\u0151ad\u00f3: T\u00f3th M\u00e1ria Prog\u00e1dor Kft. \u00fcgyvezet\u0151je <\/li><li>A Lechner Tud\u00e1sk\u00f6zpont Nonprofit Korl\u00e1tolt Felel\u0151ss\u00e9g\u0171 T\u00e1rsas\u00e1g \u00e1ltal meghirdetett \u201ea kistelep\u00fcl\u00e9si telep\u00fcl\u00e9stervek elk\u00e9sz\u00edt\u00e9s\u00e9nek t\u00e1mogat\u00e1s\u00e1ra\u201d c\u00edm\u0171 p\u00e1ly\u00e1zat beny\u00fajt\u00e1sa &#8211;  <br>El\u0151ad\u00f3: Dr. Szil\u00e1gyi Tibor polg\u00e1rmester  <\/li><li>Aj\u00e1nlatk\u00e9r\u0151i d\u00f6nt\u00e9s a TOP-1.4.1-19-BS1-2019-00019 azonos\u00edt\u00f3sz\u00e1m\u00fa \u201eG\u00e1doros, Kossuth utca 17. sz\u00e1m (hrsz: 903) alatti \u00e9p\u00fcletb\u0151l b\u00f6lcs\u0151de kialak\u00edt\u00e1sa\u201d c\u00edm\u0171 \u00e9p\u00edt\u00e9si beruh\u00e1z\u00e1s t\u00e1rgy\u00e1ban \u00e9s sz\u00fcks\u00e9ges \u00f6ner\u0151 biztos\u00edt\u00e1sa \u00fcgy\u00e9ben &#8211; El\u0151ad\u00f3: Dr. Szil\u00e1gyi Tibor polg\u00e1rmester<\/li><li>Bajcsy-Zsilinszky utca 80. sz. alatti kert r\u00e9sz b\u00e9rleti \u00fcgye &#8211; El\u0151ad\u00f3: Dr. Szil\u00e1gyi Tibor polg\u00e1rmester<\/li><li>Szolgalmi jog bejegyz\u00e9se &#8211; El\u0151ad\u00f3: Dr. Szil\u00e1gyi Tibor polg\u00e1rmester<\/li><li>Alf\u00f6ld Slow Egyes\u00fcletbe tagfelv\u00e9teli k\u00e9relem &#8211; El\u0151ad\u00f3: Dr. Szil\u00e1gyi Tibor polg\u00e1rmester<\/li><li>Alf\u00f6ldv\u00edz Zrt. Integr\u00e1ci\u00f3s Program (sz\u00f3beli) &#8211; El\u0151ad\u00f3: Dr. Szil\u00e1gyi Tibor polg\u00e1rmester<\/li><li>Bejelent\u00e9sek<\/li><\/ol>\n\n\n\n<ul><li>Nonprofit Kft. alap\u00edt\u00e1sa (sz\u00f3beli) &#8211; El\u0151ad\u00f3: Dr. Szil\u00e1gyi Tibor polg\u00e1rmester<\/li><li>A Kisboldogasszony Katolikus \u00c1ltal\u00e1nos Iskola 2022\/2023. tan\u00e9vre vonatkoz\u00f3 felv\u00e9teli k\u00f6rzet\u00e9nek meg\u00e1llap\u00edt\u00e1s\u00e1hoz v\u00e9lem\u00e9nyez\u00e9s &#8211; El\u0151ad\u00f3: Dr. Szil\u00e1gyi Tibor polg\u00e1rmester<\/li><li>G\u00e1dorosi piact\u00e9ren b\u00fcf\u00e9 kont\u00e9ner \u00fczemeltet\u00e9se -El\u0151ad\u00f3: Dr. Szil\u00e1gyi Tibor polg\u00e1rmester<\/li><\/ul>\n\n\n\n<p><strong>Valamennyi napirendi ponthoz megh\u00edvottak:<\/strong><br>Dr. Szil\u00e1gyi Tibor polg\u00e1rmester, Varga Bal\u00e1zs alpolg\u00e1rmester, Fekete Tiborn\u00e9, Herbszt Gergely, J\u00e1vorcsik J\u00e1nos D\u00e1vid, Rib\u00e1rszki Istv\u00e1n J\u00e1nos \u00e9s Simond\u00e1n Vilmos telep\u00fcl\u00e9si k\u00e9pvisel\u0151k.<\/p>\n\n\n\n<p>B\u00e9k\u00e9s Megyei Korm\u00e1nyhivatal, Korm\u00e1nymegb\u00edzott<\/p>\n\n\n\n<p>K\u0151szegi Erzs\u00e9bet M\u00e1ria jegyz\u0151<br>T\u00f3th Tibor igazgat\u00e1si csoportvezet\u0151<br>Libor Zsoltn\u00e9 p\u00e9nz\u00fcgyi csoportvezet\u0151<\/p>\n\n\n\n<p>Prozlik M\u00e1rta Napk\u00f6zi Otthonos \u00d3voda int\u00e9zm\u00e9nyvezet\u0151<br>Sebesty\u00e9n L\u00e1szl\u00f3n\u00e9 Justh Zsigmond M\u0171vel\u0151d\u00e9si H\u00e1z \u00e9s K\u00f6nyvt\u00e1r int\u00e9zm\u00e9nyvezet\u0151<br>Krivikn\u00e9 Zahorecz Anita Gondoz\u00e1si K\u00f6zpont int\u00e9zm\u00e9nyvezet\u0151<br>T\u00f3th M\u00e1ria Prog\u00e1dor Kft. \u00fcgyvezet\u0151<\/p>\n\n\n\n<p>T\u00f3th Antal Roma Nemzetis\u00e9gi \u00d6nkorm\u00e1nyzat\neln\u00f6ke<\/p>\n\n\n\n<p>1. napirendhez megh\u00edvva: Balogh Barna k\u00f6zvil\u00e1g\u00edt\u00e1s menedzser <br>4. napirendhez megh\u00edvva: Szamosk\u00f6zi Anna M\u00e1ria f\u0151munkat\u00e1rs<br>15-16. napirendi ponthoz megh\u00edvva: T\u00f3th M\u00e1ria Prog\u00e1dor Kft. \u00fcgyvezet\u0151<\/p>\n\n\n\n<p>G\u00e1doros, 2021. november 10.<\/p>\n\n\n\n<p style=\"text-align:right\">Dr. Szil\u00e1gyi Tibor s.k.<br>polg\u00e1rmester<\/p>\n","protected":false},"excerpt":{"rendered":"<p>G\u00e1doros Nagyk\u00f6zs\u00e9g Polg\u00e1rmestere5932 G\u00e1doros, Kossuth Lajos utca 16.Telefon: 68\/490-001 M E G H \u00cd V \u00d3 G\u00e1doros Nagyk\u00f6zs\u00e9gi \u00d6nkorm\u00e1nyzat K\u00e9pvisel\u0151-test\u00fclete rendes \u00fcl\u00e9s\u00e9t 2021. november 16. (kedd) 15:30 \u00f3rai kezdettel tartja a K\u00f6zs\u00e9gh\u00e1za tan\u00e1cskoz\u00f3 term\u00e9ben, melyre tisztelettelmegh\u00edvom.<\/p>\n","protected":false},"author":0,"featured_media":0,"comment_status":"closed","ping_status":"closed","template":"","tags":[],"blog-category":[28],"_links":{"self":[{"href":"http:\/\/gadoros.hu\/index.php?rest_route=\/wp\/v2\/blog_post\/3200"}],"collection":[{"href":"http:\/\/gadoros.hu\/index.php?rest_route=\/wp\/v2\/blog_post"}],"about":[{"href":"http:\/\/gadoros.hu\/index.php?rest_route=\/wp\/v2\/types\/blog_post"}],"replies":[{"embeddable":true,"href":"http:\/\/gadoros.hu\/index.php?rest_route=%2Fwp%2Fv2%2Fcomments&post=3200"}],"wp:attachment":[{"href":"http:\/\/gadoros.hu\/index.php?rest_route=%2Fwp%2Fv2%2Fmedia&parent=3200"}],"wp:term":[{"taxonomy":"post_tag","embeddable":true,"href":"http:\/\/gadoros.hu\/index.php?rest_route=%2Fwp%2Fv2%2Ftags&post=3200"},{"taxonomy":"blog-category","embeddable":true,"href":"http:\/\/gadoros.hu\/index.php?rest_route=%2Fwp%2Fv2%2Fblog-category&post=3200"}],"curies":[{"name":"wp","href":"https:\/\/api.w.org\/{rel}","templated":true}]}}