{"id":3198,"date":"2021-11-15T15:19:46","date_gmt":"2021-11-15T14:19:46","guid":{"rendered":"http:\/\/www.gadoros.hu\/?post_type=blog_post&#038;p=3198"},"modified":"2021-11-15T15:22:16","modified_gmt":"2021-11-15T14:22:16","slug":"3198","status":"publish","type":"blog_post","link":"http:\/\/gadoros.hu\/?blog_post=3198","title":{"rendered":""},"content":{"rendered":"\n<p><strong>G\u00e1doros Nagyk\u00f6zs\u00e9gi \u00d6nkorm\u00e1nyzat<\/strong><br><strong>K\u00e9pvisel\u0151-test\u00fclet\u00e9nek <\/strong><br><strong>P\u00e9nz\u00fcgyi, Gazdas\u00e1gi \u00e9s<\/strong><br><strong>K\u00f6rnyezetv\u00e9delmi Bizotts\u00e1ga<\/strong><br><strong>5932 G\u00e1doros, Kossuth u. 16.<\/strong><br><strong>Telefon: 68\/490-001<\/strong><\/p>\n\n\n\n<p style=\"text-align:center\"><strong>M E G H \u00cd V \u00d3<\/strong><\/p>\n\n\n\n<p style=\"text-align:center\">G\u00e1doros Nagyk\u00f6zs\u00e9gi \u00d6nkorm\u00e1nyzat K\u00e9pvisel\u0151-test\u00fclet\u00e9nek<br>P\u00e9nz\u00fcgyi, Gazdas\u00e1gi \u00e9s K\u00f6rnyezetv\u00e9delmi Bizotts\u00e1ga k\u00f6vetkez\u0151 \u00fcl\u00e9s\u00e9t<\/p>\n\n\n\n<p style=\"text-align:center\"><strong>2021. november 16-\u00e1n (kedd) 14:30 \u00f3rai\nkezdettel<\/strong><\/p>\n\n\n\n<p style=\"text-align:center\">tartja a K\u00f6zs\u00e9gh\u00e1za tan\u00e1cskoz\u00f3 term\u00e9ben, melyre tisztelettel <br><strong>megh\u00edvom.<\/strong><\/p>\n\n\n\n<!--more-->\n\n\n\n<p><strong>Nyilv\u00e1nos \u00fcl\u00e9s\nkeret\u00e9ben:<\/strong><\/p>\n\n\n\n<ol><li>2021. \u00e9vi k\u00f6lts\u00e9gvet\u00e9si rendelet m\u00f3dos\u00edt\u00e1sa<\/li><li>Ad\u00f3z\u00e1ssal kapcsolatos feladatok ell\u00e1t\u00e1s\u00e1r\u00f3l, behajt\u00e1sok helyzet\u00e9r\u0151l t\u00e1j\u00e9koztat\u00f3<\/li><li>Besz\u00e1mol\u00f3 az \u00f6nkorm\u00e1nyzat \u00e9s int\u00e9zm\u00e9nyei h\u00e1romnegyed \u00e9ves gazd\u00e1lkod\u00e1s\u00e1r\u00f3l<\/li><li>2022. \u00e9vi k\u00f6lts\u00e9gvet\u00e9s bev\u00e9teli oldal\u00e1t megalapoz\u00f3 d\u00f6nt\u00e9sekre javaslat<\/li><li>2021. \u00e9vi bels\u0151 ellen\u0151rz\u00e9si program m\u00f3dos\u00edt\u00e1s j\u00f3v\u00e1hagy\u00e1sa \/ 2022. \u00e9vi bels\u0151 ellen\u0151rz\u00e9si program j\u00f3v\u00e1hagy\u00e1sa<\/li><li>A szoci\u00e1lis c\u00e9l\u00fa t\u00fczel\u0151anyag t\u00e1mogat\u00e1s helyi szab\u00e1lyair\u00f3l sz\u00f3l\u00f3 9\/2017 (VIII.10.) \u00f6nkorm\u00e1nyzati rendelet m\u00f3dos\u00edt\u00e1sa<\/li><li>A bizotts\u00e1g munk\u00e1j\u00e1r\u00f3l besz\u00e1mol\u00f3<\/li><li>Besz\u00e1mol\u00f3 a SzoGador Kft. 2020. \u00e9vi m\u0171k\u00f6d\u00e9s\u00e9r\u0151l<\/li><li>A Lechner Tud\u00e1sk\u00f6zpont Nonprofit Korl\u00e1tolt Felel\u0151ss\u00e9g\u0171 T\u00e1rsas\u00e1g \u00e1ltal meghirdetett \u201ea kistelep\u00fcl\u00e9si telep\u00fcl\u00e9stervek elk\u00e9sz\u00edt\u00e9s\u00e9nek t\u00e1mogat\u00e1s\u00e1ra\u201d c\u00edm\u0171 p\u00e1ly\u00e1zat beny\u00fajt\u00e1sa<\/li><li>Aj\u00e1nlatk\u00e9r\u0151i d\u00f6nt\u00e9s a TOP-1.4.1-19-BS1-2019-00019 azonos\u00edt\u00f3sz\u00e1m\u00fa \u201eG\u00e1doros, Kossuth utca 17. sz\u00e1m (hrsz: 903) alatti \u00e9p\u00fcletb\u0151l b\u00f6lcs\u0151de kialak\u00edt\u00e1sa\u201d c\u00edm\u0171 \u00e9p\u00edt\u00e9si beruh\u00e1z\u00e1s t\u00e1rgy\u00e1ban \u00e9s sz\u00fcks\u00e9ges \u00f6ner\u0151 biztos\u00edt\u00e1sa \u00fcgy\u00e9ben<\/li><li>Bajcsy-Zsilinszky utca 80. sz. alatti kert r\u00e9sz b\u00e9rleti \u00fcgye<\/li><li>Alf\u00f6ld Slow Egyes\u00fcletbe tagfelv\u00e9teli k\u00e9relem<\/li><li>Bejelent\u00e9sek<\/li><\/ol>\n\n\n\n<p><strong>A napirendi pontokhoz megh\u00edvva:<\/strong><br>J\u00e1vorcsik J\u00e1nos D\u00e1vid eln\u00f6k, Rib\u00e1rszki Istv\u00e1n J\u00e1nos \u00e9s Mih\u00f3kn\u00e9 Rib\u00e1rszki Erika bizotts\u00e1gi tagok. Dr. Szil\u00e1gyi Tibor polg\u00e1rmester, Varga Bal\u00e1zs alpolg\u00e1rmester, Fekete Tiborn\u00e9, Herbszt Gergely, Simond\u00e1n Vilmos telep\u00fcl\u00e9si k\u00e9pvisel\u0151, K\u0151szegi Erzs\u00e9bet M\u00e1ria jegyz\u0151, T\u00f3th Tibor igazgat\u00e1si csoportvezet\u0151, Libor Zsoltn\u00e9 p\u00e9nz\u00fcgyi csoportvezet\u0151<\/p>\n\n\n\n<p>G\u00e1doros, 2021. november 8.<\/p>\n\n\n\n<p style=\"text-align:right\">J\u00e1vorcsik J\u00e1nos D\u00e1vid s. k.<br>Bizotts\u00e1g Eln\u00f6ke<\/p>\n","protected":false},"excerpt":{"rendered":"<p>G\u00e1doros Nagyk\u00f6zs\u00e9gi \u00d6nkorm\u00e1nyzatK\u00e9pvisel\u0151-test\u00fclet\u00e9nek P\u00e9nz\u00fcgyi, Gazdas\u00e1gi \u00e9sK\u00f6rnyezetv\u00e9delmi Bizotts\u00e1ga5932 G\u00e1doros, Kossuth u. 16.Telefon: 68\/490-001 M E G H \u00cd V \u00d3 G\u00e1doros Nagyk\u00f6zs\u00e9gi \u00d6nkorm\u00e1nyzat K\u00e9pvisel\u0151-test\u00fclet\u00e9nekP\u00e9nz\u00fcgyi, Gazdas\u00e1gi \u00e9s K\u00f6rnyezetv\u00e9delmi Bizotts\u00e1ga k\u00f6vetkez\u0151 \u00fcl\u00e9s\u00e9t 2021. november 16-\u00e1n (kedd) 14:30 \u00f3rai kezdettel tartja a K\u00f6zs\u00e9gh\u00e1za tan\u00e1cskoz\u00f3 term\u00e9ben, melyre tisztelettel megh\u00edvom.<\/p>\n","protected":false},"author":0,"featured_media":0,"comment_status":"closed","ping_status":"closed","template":"","tags":[],"blog-category":[28],"_links":{"self":[{"href":"http:\/\/gadoros.hu\/index.php?rest_route=\/wp\/v2\/blog_post\/3198"}],"collection":[{"href":"http:\/\/gadoros.hu\/index.php?rest_route=\/wp\/v2\/blog_post"}],"about":[{"href":"http:\/\/gadoros.hu\/index.php?rest_route=\/wp\/v2\/types\/blog_post"}],"replies":[{"embeddable":true,"href":"http:\/\/gadoros.hu\/index.php?rest_route=%2Fwp%2Fv2%2Fcomments&post=3198"}],"wp:attachment":[{"href":"http:\/\/gadoros.hu\/index.php?rest_route=%2Fwp%2Fv2%2Fmedia&parent=3198"}],"wp:term":[{"taxonomy":"post_tag","embeddable":true,"href":"http:\/\/gadoros.hu\/index.php?rest_route=%2Fwp%2Fv2%2Ftags&post=3198"},{"taxonomy":"blog-category","embeddable":true,"href":"http:\/\/gadoros.hu\/index.php?rest_route=%2Fwp%2Fv2%2Fblog-category&post=3198"}],"curies":[{"name":"wp","href":"https:\/\/api.w.org\/{rel}","templated":true}]}}