{"id":3195,"date":"2021-11-12T10:58:16","date_gmt":"2021-11-12T09:58:16","guid":{"rendered":"http:\/\/www.gadoros.hu\/?post_type=blog_post&#038;p=3195"},"modified":"2021-11-12T11:00:33","modified_gmt":"2021-11-12T10:00:33","slug":"3195","status":"publish","type":"blog_post","link":"http:\/\/gadoros.hu\/?blog_post=3195","title":{"rendered":""},"content":{"rendered":"\n<h4 class=\"wp-block-heading\" style=\"text-align:center\">Tisztelt Lakoss\u00e1g!<\/h4>\n\n\n\n<p>G\u00e1doros Nagyk\u00f6zs\u00e9g \u00d6nkorm\u00e1nyzata t\u00e1j\u00e9koztatja a Tisztelt Lakoss\u00e1got,\nhogy <strong>2021. november 3-\u00e1n 09:00-13:00 k\u00f6z\u00f6tt<\/strong> <strong>a G\u00e1dorosi v\u00edztornyon<\/strong>\naz Alf\u00f6ldv\u00edz Zrt. munkat\u00e1rsai <strong>tiszt\u00edt\u00e1si, fert\u0151tlen\u00edt\u00e9si munk\u00e1latokat fognak\nv\u00e9gezni.<\/strong> Ezen id\u0151szakban a telep\u00fcl\u00e9s eg\u00e9sz ter\u00fclet\u00e9n nyom\u00e1scs\u00f6kken\u00e9s\nfordulhat el\u0151.<\/p>\n\n\n\n<p>Tov\u00e1bb\u00e1\nt\u00e1j\u00e9koztatjuk a Tisztelt Lakoss\u00e1got, hogy <strong>G\u00e1doros iv\u00f3v\u00edz \u2013 eloszt\u00f3h\u00e1l\u00f3zat\u00e1n\n2021. november 12-17. k\u00f6z\u00f6tt<\/strong> <strong>mosat\u00e1st v\u00e9geznek<\/strong> az Alf\u00f6ldv\u00edz Zrt.\nmunkat\u00e1rsai. Ezen id\u0151szak alatt szakaszos nyom\u00e1scs\u00f6kken\u00e9s, v\u00edzmin\u0151s\u00e9g roml\u00e1s,\nilletve r\u00f6vid ideig tart\u00f3 v\u00edzhi\u00e1ny fordulhat el\u0151.<\/p>\n\n\n\n<p>Az Alf\u00f6ldv\u00edz\nZrt. az okozott kellemetlens\u00e9gek\u00e9rt a felhaszn\u00e1l\u00f3k t\u00fcrelm\u00e9t, meg\u00e9rt\u00e9s\u00e9t k\u00e9rik.<\/p>\n\n\n\n<p style=\"text-align:right\">\u00d6nkorm\u00e1nyzat<\/p>\n","protected":false},"excerpt":{"rendered":"<p>Tisztelt Lakoss\u00e1g! G\u00e1doros Nagyk\u00f6zs\u00e9g \u00d6nkorm\u00e1nyzata t\u00e1j\u00e9koztatja a Tisztelt Lakoss\u00e1got, hogy 2021. november 3-\u00e1n 09:00-13:00 k\u00f6z\u00f6tt a G\u00e1dorosi v\u00edztornyon az Alf\u00f6ldv\u00edz Zrt. munkat\u00e1rsai tiszt\u00edt\u00e1si, fert\u0151tlen\u00edt\u00e9si munk\u00e1latokat fognak v\u00e9gezni. Ezen id\u0151szakban a telep\u00fcl\u00e9s eg\u00e9sz ter\u00fclet\u00e9n nyom\u00e1scs\u00f6kken\u00e9s fordulhat el\u0151. Tov\u00e1bb\u00e1 t\u00e1j\u00e9koztatjuk a Tisztelt Lakoss\u00e1got, hogy G\u00e1doros iv\u00f3v\u00edz \u2013 eloszt\u00f3h\u00e1l\u00f3zat\u00e1n 2021. november 12-17. k\u00f6z\u00f6tt mosat\u00e1st v\u00e9geznek az Alf\u00f6ldv\u00edz Zrt. [&hellip;]<\/p>\n","protected":false},"author":3,"featured_media":0,"comment_status":"closed","ping_status":"closed","template":"","tags":[],"blog-category":[28],"_links":{"self":[{"href":"http:\/\/gadoros.hu\/index.php?rest_route=\/wp\/v2\/blog_post\/3195"}],"collection":[{"href":"http:\/\/gadoros.hu\/index.php?rest_route=\/wp\/v2\/blog_post"}],"about":[{"href":"http:\/\/gadoros.hu\/index.php?rest_route=\/wp\/v2\/types\/blog_post"}],"author":[{"embeddable":true,"href":"http:\/\/gadoros.hu\/index.php?rest_route=\/wp\/v2\/users\/3"}],"replies":[{"embeddable":true,"href":"http:\/\/gadoros.hu\/index.php?rest_route=%2Fwp%2Fv2%2Fcomments&post=3195"}],"wp:attachment":[{"href":"http:\/\/gadoros.hu\/index.php?rest_route=%2Fwp%2Fv2%2Fmedia&parent=3195"}],"wp:term":[{"taxonomy":"post_tag","embeddable":true,"href":"http:\/\/gadoros.hu\/index.php?rest_route=%2Fwp%2Fv2%2Ftags&post=3195"},{"taxonomy":"blog-category","embeddable":true,"href":"http:\/\/gadoros.hu\/index.php?rest_route=%2Fwp%2Fv2%2Fblog-category&post=3195"}],"curies":[{"name":"wp","href":"https:\/\/api.w.org\/{rel}","templated":true}]}}