{"id":3107,"date":"2021-09-16T14:02:12","date_gmt":"2021-09-16T14:02:12","guid":{"rendered":"http:\/\/www.gadoros.hu\/?post_type=blog_post&#038;p=3107"},"modified":"2021-09-16T14:03:22","modified_gmt":"2021-09-16T14:03:22","slug":"3107","status":"publish","type":"blog_post","link":"http:\/\/gadoros.hu\/?blog_post=3107","title":{"rendered":""},"content":{"rendered":"\n<p style=\"text-align:center\">G\u00e1doros Nagyk\u00f6zs\u00e9g \u00d6nkorm\u00e1nyzata <br>\u00e9rtes\u00edti a Tisztelt Lakoss\u00e1got, hogy <br><strong>Elektronikai Hullad\u00e9kgy\u0171jt\u00e9s lesz <\/strong><\/p>\n\n\n\n<p style=\"text-align:center\"><strong>2021. szeptember 27-28-29. <\/strong><br><strong>(h\u00e9tf\u0151-kedd-szerda)<\/strong><br><strong>d\u00e9lel\u0151tt 08:00-11:30 \u00f3r\u00e1ig <\/strong><br><strong>d\u00e9lut\u00e1n 13:00-15:30 \u00f3r\u00e1ig<\/strong><\/p>\n\n\n\n<p style=\"text-align:center\"><strong>a\nJusth Zsigmond M\u0171vel\u0151d\u00e9si H\u00e1z udvar\u00e1n.<\/strong><\/p>\n\n\n\n<p style=\"text-align:center\">A\nbegy\u0171jt\u00e9s napj\u00e1n mindenki elhozhatja m\u0171k\u00f6d\u00e9sk\u00e9ptelen, haszn\u00e1laton k\u00edv\u00fcli,\n\u00e1rammal, vagy akkumul\u00e1torral m\u0171k\u00f6d\u0151 <strong>eg\u00e9sz, \u00e9p, (nem sz\u00e9tszerelt) <\/strong>eszk\u00f6zeit,\nberendez\u00e9seit. Az \u00e1tad\u00e1s d\u00edjmentes.<\/p>\n\n\n\n<p style=\"text-align:right\">G\u00e1doros Nagyk\u00f6zs\u00e9g\n\u00d6nkorm\u00e1nyzata<\/p>\n","protected":false},"excerpt":{"rendered":"<p>G\u00e1doros Nagyk\u00f6zs\u00e9g \u00d6nkorm\u00e1nyzata \u00e9rtes\u00edti a Tisztelt Lakoss\u00e1got, hogy Elektronikai Hullad\u00e9kgy\u0171jt\u00e9s lesz 2021. szeptember 27-28-29. (h\u00e9tf\u0151-kedd-szerda)d\u00e9lel\u0151tt 08:00-11:30 \u00f3r\u00e1ig d\u00e9lut\u00e1n 13:00-15:30 \u00f3r\u00e1ig a Justh Zsigmond M\u0171vel\u0151d\u00e9si H\u00e1z udvar\u00e1n. A begy\u0171jt\u00e9s napj\u00e1n mindenki elhozhatja m\u0171k\u00f6d\u00e9sk\u00e9ptelen, haszn\u00e1laton k\u00edv\u00fcli, \u00e1rammal, vagy akkumul\u00e1torral m\u0171k\u00f6d\u0151 eg\u00e9sz, \u00e9p, (nem sz\u00e9tszerelt) eszk\u00f6zeit, berendez\u00e9seit. Az \u00e1tad\u00e1s d\u00edjmentes. G\u00e1doros Nagyk\u00f6zs\u00e9g \u00d6nkorm\u00e1nyzata<\/p>\n","protected":false},"author":0,"featured_media":0,"comment_status":"closed","ping_status":"closed","template":"","tags":[],"blog-category":[28],"_links":{"self":[{"href":"http:\/\/gadoros.hu\/index.php?rest_route=\/wp\/v2\/blog_post\/3107"}],"collection":[{"href":"http:\/\/gadoros.hu\/index.php?rest_route=\/wp\/v2\/blog_post"}],"about":[{"href":"http:\/\/gadoros.hu\/index.php?rest_route=\/wp\/v2\/types\/blog_post"}],"replies":[{"embeddable":true,"href":"http:\/\/gadoros.hu\/index.php?rest_route=%2Fwp%2Fv2%2Fcomments&post=3107"}],"wp:attachment":[{"href":"http:\/\/gadoros.hu\/index.php?rest_route=%2Fwp%2Fv2%2Fmedia&parent=3107"}],"wp:term":[{"taxonomy":"post_tag","embeddable":true,"href":"http:\/\/gadoros.hu\/index.php?rest_route=%2Fwp%2Fv2%2Ftags&post=3107"},{"taxonomy":"blog-category","embeddable":true,"href":"http:\/\/gadoros.hu\/index.php?rest_route=%2Fwp%2Fv2%2Fblog-category&post=3107"}],"curies":[{"name":"wp","href":"https:\/\/api.w.org\/{rel}","templated":true}]}}