{"id":3087,"date":"2021-08-27T11:02:08","date_gmt":"2021-08-27T11:02:08","guid":{"rendered":"http:\/\/www.gadoros.hu\/?post_type=blog_post&#038;p=3087"},"modified":"2021-08-27T11:03:11","modified_gmt":"2021-08-27T11:03:11","slug":"3087","status":"publish","type":"blog_post","link":"http:\/\/gadoros.hu\/?blog_post=3087","title":{"rendered":""},"content":{"rendered":"\n<p style=\"text-align:center\"><strong>T\u00c1J\u00c9KOZTAT\u00c1S<\/strong><\/p>\n\n\n\n<p style=\"text-align:center\">\u00c9RTES\u00cdTJ\u00dcK A TISZTELT LAKOSS\u00c1GOT, HOGY<br> A G\u00c1DOROSI POLG\u00c1RMESTERI HIVATAL EL\u0150TTI PARKOL\u00d3BAN <br><strong>Korm\u00e1nyablak \u00dcgyf\u00e9lszolg\u00e1lat v\u00e1rja \u00fcgyfeleit <\/strong><\/p>\n\n\n\n<p style=\"text-align:center\"><strong>2021. szeptember 7-\u00e9n (kedd) <\/strong><br><strong>8:00-16:00 \u00d3R\u00c1IG.<\/strong><\/p>\n\n\n\n<p>A KORM\u00c1NYABLAK BUSZBAN AZ AL\u00c1BBI \u00dcGYEK INT\u00c9ZHET\u0150EK:<\/p>\n\n\n\n<ul><li><strong>SZEM\u00c9LYI OKM\u00c1NYOK\n\u00dcGYINT\u00c9Z\u00c9SE (szem\u00e9lyazonos\u00edt\u00f3 igazolv\u00e1ny, lakc\u00edmk\u00e1rtya, parkol\u00e1si igazolv\u00e1ny, vezet\u0151i\nenged\u00e9ly, \u00fatlev\u00e9l \u00e9s di\u00e1kigazolv\u00e1ny)<\/strong><\/li><li><strong>G\u00c9PJ\u00c1RM\u0170-FORGALMI\n\u00dcGYEK (rendsz\u00e1m ig\u00e9nyl\u00e9s n\u00e9lk\u00fcli g\u00e9pj\u00e1rm\u0171 \u00fcgyek)<\/strong><\/li><\/ul>\n\n\n\n<p>Amennyiben\nokm\u00e1ny \u00fcgyint\u00e9z\u00e9sre van sz\u00fcks\u00e9g\u00fck, k\u00e9rj\u00fck vegy\u00e9k ig\u00e9nybe a szolg\u00e1ltat\u00e1st!<\/p>\n\n\n\n<p style=\"text-align:right\">\u00d6NKORM\u00c1NYZAT<\/p>\n","protected":false},"excerpt":{"rendered":"<p>T\u00c1J\u00c9KOZTAT\u00c1S \u00c9RTES\u00cdTJ\u00dcK A TISZTELT LAKOSS\u00c1GOT, HOGY A G\u00c1DOROSI POLG\u00c1RMESTERI HIVATAL EL\u0150TTI PARKOL\u00d3BAN Korm\u00e1nyablak \u00dcgyf\u00e9lszolg\u00e1lat v\u00e1rja \u00fcgyfeleit 2021. szeptember 7-\u00e9n (kedd) 8:00-16:00 \u00d3R\u00c1IG. A KORM\u00c1NYABLAK BUSZBAN AZ AL\u00c1BBI \u00dcGYEK INT\u00c9ZHET\u0150EK: SZEM\u00c9LYI OKM\u00c1NYOK \u00dcGYINT\u00c9Z\u00c9SE (szem\u00e9lyazonos\u00edt\u00f3 igazolv\u00e1ny, lakc\u00edmk\u00e1rtya, parkol\u00e1si igazolv\u00e1ny, vezet\u0151i enged\u00e9ly, \u00fatlev\u00e9l \u00e9s di\u00e1kigazolv\u00e1ny) G\u00c9PJ\u00c1RM\u0170-FORGALMI \u00dcGYEK (rendsz\u00e1m ig\u00e9nyl\u00e9s n\u00e9lk\u00fcli g\u00e9pj\u00e1rm\u0171 \u00fcgyek) Amennyiben okm\u00e1ny \u00fcgyint\u00e9z\u00e9sre van sz\u00fcks\u00e9g\u00fck, k\u00e9rj\u00fck [&hellip;]<\/p>\n","protected":false},"author":0,"featured_media":0,"comment_status":"closed","ping_status":"closed","template":"","tags":[],"blog-category":[28],"_links":{"self":[{"href":"http:\/\/gadoros.hu\/index.php?rest_route=\/wp\/v2\/blog_post\/3087"}],"collection":[{"href":"http:\/\/gadoros.hu\/index.php?rest_route=\/wp\/v2\/blog_post"}],"about":[{"href":"http:\/\/gadoros.hu\/index.php?rest_route=\/wp\/v2\/types\/blog_post"}],"replies":[{"embeddable":true,"href":"http:\/\/gadoros.hu\/index.php?rest_route=%2Fwp%2Fv2%2Fcomments&post=3087"}],"wp:attachment":[{"href":"http:\/\/gadoros.hu\/index.php?rest_route=%2Fwp%2Fv2%2Fmedia&parent=3087"}],"wp:term":[{"taxonomy":"post_tag","embeddable":true,"href":"http:\/\/gadoros.hu\/index.php?rest_route=%2Fwp%2Fv2%2Ftags&post=3087"},{"taxonomy":"blog-category","embeddable":true,"href":"http:\/\/gadoros.hu\/index.php?rest_route=%2Fwp%2Fv2%2Fblog-category&post=3087"}],"curies":[{"name":"wp","href":"https:\/\/api.w.org\/{rel}","templated":true}]}}