{"id":3078,"date":"2021-08-16T08:09:18","date_gmt":"2021-08-16T08:09:18","guid":{"rendered":"http:\/\/www.gadoros.hu\/?post_type=blog_post&#038;p=3078"},"modified":"2021-08-19T08:04:33","modified_gmt":"2021-08-19T08:04:33","slug":"3078","status":"publish","type":"blog_post","link":"http:\/\/gadoros.hu\/?blog_post=3078","title":{"rendered":""},"content":{"rendered":"\n<p style=\"text-align:center\"><strong>Tisztelt Betegek!<\/strong><strong><\/strong><\/p>\n\n\n\n<p style=\"text-align:center\"><strong>\u00c9rtes\u00edtj\u00fck \u00d6n\u00f6ket, hogy a <\/strong><br><strong>H\u00e1zi Gyermekorvosi rendel\u0151ben <\/strong><br><br><strong>2021. augusztus 11. \u00e9s 2021. augusztus 31. napja k\u00f6z\u00f6tt <\/strong><br><br><strong>az eg\u00e9szs\u00e9g\u00fcgyi szakasszisztensi ell\u00e1t\u00e1st <\/strong><br><strong>szabads\u00e1g miatt helyettes l\u00e1tja el!<\/strong><br><br><strong>A rendel\u00e9st helyettes\u00edt\u0151 koll\u00e9ga: <\/strong><br><strong>T\u00f6r\u00f6k Katalin.<\/strong><\/p>\n\n\n\n<p><strong>Rendel\u00e9si id\u0151: &nbsp; <\/strong><br><strong>Kedd: &nbsp;&nbsp;&nbsp;&nbsp;&nbsp;&nbsp;&nbsp; &nbsp;&nbsp;&nbsp;&nbsp; 8:00 \u2013 12:00 \u00f3r\u00e1ig<\/strong><br><strong>Cs\u00fct\u00f6rt\u00f6k: &nbsp; 12:30 \u2013 16:00 \u00f3r\u00e1ig<\/strong><\/p>\n\n\n\n<p style=\"text-align:center\"><strong>A rendel\u00e9si id\u0151 alatt tudjuk fogadni telefonh\u00edv\u00e1saikat a 68\/490-030-as sz\u00e1mon id\u0151pont, illetve gy\u00f3gyszerfel\u00edr\u00e1s \u00fcgy\u00e9ben.<\/strong><\/p>\n\n\n\n<p style=\"text-align:center\"><strong>Egy\u00e9b ell\u00e1t\u00e1st ig\u00e9nyl\u0151 esetben, rendel\u00e9si id\u0151n k\u00edv\u00fcl az orosh\u00e1zi dr. L\u00e1szl\u00f3 Elek K\u00f3rh\u00e1z gyermekambulanci\u00e1t sz\u00edveskedjenek felkeresni.<\/strong><\/p>\n\n\n\n<p style=\"text-align:center\"><strong>Meg\u00e9rt\u00e9s\u00fcket k\u00f6sz\u00f6nj\u00fck!<\/strong><strong><\/strong><\/p>\n\n\n\n<p style=\"text-align:center\">G\u00e1doros\nNagyk\u00f6zs\u00e9g \u00d6nkorm\u00e1nyzata<\/p>\n","protected":false},"excerpt":{"rendered":"<p>Tisztelt Betegek! \u00c9rtes\u00edtj\u00fck \u00d6n\u00f6ket, hogy a H\u00e1zi Gyermekorvosi rendel\u0151ben 2021. augusztus 11. \u00e9s 2021. augusztus 31. napja k\u00f6z\u00f6tt az eg\u00e9szs\u00e9g\u00fcgyi szakasszisztensi ell\u00e1t\u00e1st szabads\u00e1g miatt helyettes l\u00e1tja el! A rendel\u00e9st helyettes\u00edt\u0151 koll\u00e9ga: T\u00f6r\u00f6k Katalin. Rendel\u00e9si id\u0151: &nbsp; Kedd: &nbsp;&nbsp;&nbsp;&nbsp;&nbsp;&nbsp;&nbsp; &nbsp;&nbsp;&nbsp;&nbsp; 8:00 \u2013 12:00 \u00f3r\u00e1igCs\u00fct\u00f6rt\u00f6k: &nbsp; 12:30 \u2013 16:00 \u00f3r\u00e1ig A rendel\u00e9si id\u0151 alatt tudjuk fogadni telefonh\u00edv\u00e1saikat [&hellip;]<\/p>\n","protected":false},"author":0,"featured_media":0,"comment_status":"closed","ping_status":"closed","template":"","tags":[],"blog-category":[28],"_links":{"self":[{"href":"http:\/\/gadoros.hu\/index.php?rest_route=\/wp\/v2\/blog_post\/3078"}],"collection":[{"href":"http:\/\/gadoros.hu\/index.php?rest_route=\/wp\/v2\/blog_post"}],"about":[{"href":"http:\/\/gadoros.hu\/index.php?rest_route=\/wp\/v2\/types\/blog_post"}],"replies":[{"embeddable":true,"href":"http:\/\/gadoros.hu\/index.php?rest_route=%2Fwp%2Fv2%2Fcomments&post=3078"}],"wp:attachment":[{"href":"http:\/\/gadoros.hu\/index.php?rest_route=%2Fwp%2Fv2%2Fmedia&parent=3078"}],"wp:term":[{"taxonomy":"post_tag","embeddable":true,"href":"http:\/\/gadoros.hu\/index.php?rest_route=%2Fwp%2Fv2%2Ftags&post=3078"},{"taxonomy":"blog-category","embeddable":true,"href":"http:\/\/gadoros.hu\/index.php?rest_route=%2Fwp%2Fv2%2Fblog-category&post=3078"}],"curies":[{"name":"wp","href":"https:\/\/api.w.org\/{rel}","templated":true}]}}