{"id":3051,"date":"2021-07-09T11:00:18","date_gmt":"2021-07-09T11:00:18","guid":{"rendered":"http:\/\/www.gadoros.hu\/?post_type=blog_post&#038;p=3051"},"modified":"2021-07-09T11:00:35","modified_gmt":"2021-07-09T11:00:35","slug":"3051","status":"publish","type":"blog_post","link":"http:\/\/gadoros.hu\/?blog_post=3051","title":{"rendered":""},"content":{"rendered":"\n<p><strong>G\u00e1doros Nagyk\u00f6zs\u00e9g Polg\u00e1rmestere<\/strong><br><strong>5932 G\u00e1doros, Kossuth u. 16.<\/strong><br>Telefon: 68\/490-001<\/p>\n\n\n\n<p style=\"text-align:center\"><strong>M E G H \u00cd V \u00d3<\/strong><\/p>\n\n\n\n<p style=\"text-align:center\">G\u00e1doros Nagyk\u00f6zs\u00e9gi \u00d6nkorm\u00e1nyzat <br>K\u00e9pvisel\u0151-test\u00fclete rendes \u00fcl\u00e9s\u00e9t<\/p>\n\n\n\n<p style=\"text-align:center\"><strong>2021. j\u00falius 12-\u00e9n (h\u00e9tf\u0151) 17:00\n\u00f3rai<\/strong><\/p>\n\n\n\n<p style=\"text-align:center\">kezdettel tartja a K\u00f6zs\u00e9gh\u00e1za tan\u00e1cskoz\u00f3 term\u00e9ben, melyre tisztelettel<br><strong>megh\u00edvom.<\/strong><\/p>\n\n\n\n<!--more-->\n\n\n\n<p><strong>Nyilv\u00e1nos \u00fcl\u00e9s keret\u00e9ben:<\/strong><\/p>\n\n\n\n<ol><li>G\u00e1doros Nagyk\u00f6zs\u00e9g \u00d6nkorm\u00e1nyzat Gondoz\u00e1si K\u00f6zpontj\u00e1nak feladat-ell\u00e1t\u00e1si \u00fcgye, t\u00e1j\u00e9koztat\u00f3ja, \u00e9s k\u00e9relme &#8211; El\u0151ad\u00f3: Dr. Szil\u00e1gyi Tibor polg\u00e1rmester<\/li><li>Jelent\u00e9s a hat\u00e1rozatok v\u00e9grehajt\u00e1s\u00e1r\u00f3l &#8211; El\u0151ad\u00f3: Dr. Szil\u00e1gyi Tibor polg\u00e1rmester<\/li><li>Az \u00d6nkorm\u00e1nyzat 2021. \u00e9vi k\u00f6lts\u00e9gvet\u00e9s\u00e9r\u0151l sz\u00f3l\u00f3 3\/2021. (II. 23.) \u00f6nkorm\u00e1nyzati rendelet m\u00f3dos\u00edt\u00e1s\u00e1r\u00f3l  &#8211; El\u0151ad\u00f3: Dr. Szil\u00e1gyi Tibor polg\u00e1rmester<\/li><li>T\u00e1j\u00e9koztat\u00f3 G\u00e1doros Nagyk\u00f6zs\u00e9gben a szil\u00e1rd hullad\u00e9k elsz\u00e1ll\u00edt\u00e1s\u00e1val kapcsolatban v\u00e9gzett munk\u00e1r\u00f3l &#8211; El\u0151ad\u00f3: Dr. Szil\u00e1gyi Tibor polg\u00e1rmester<\/li><li>T\u00e1j\u00e9koztat\u00f3 a k\u00f6zfoglalkoztat\u00e1s helyzet\u00e9r\u0151l \u00e9s a START munkaprogramr\u00f3l &#8211; El\u0151ad\u00f3: Dr. Szil\u00e1gyi Tibor polg\u00e1rmester<\/li><li>T\u00e1j\u00e9koztat\u00f3 a gyermekorvosi, iskola eg\u00e9szs\u00e9g\u00fcgyi ell\u00e1t\u00e1sr\u00f3l G\u00e1doros Nagyk\u00f6zs\u00e9gben (sz\u00f3beli) &#8211; El\u0151ad\u00f3: Dr. Szil\u00e1gyi Tibor polg\u00e1rmester<\/li><li>Fogorvos t\u00e1mogat\u00e1si \u00fcgye &#8211; El\u0151ad\u00f3: Dr. Szil\u00e1gyi Tibor polg\u00e1rmester<\/li><li>Ingyenes v\u00e9rv\u00e9teli szolg\u00e1ltat\u00e1s f\u00e9l\u00e9ves besz\u00e1mol\u00f3ja &#8211; El\u0151ad\u00f3: Dr. Szil\u00e1gyi Tibor polg\u00e1rmester<\/li><li>G\u00e1dorosi Id\u0151sek\u00e9rt Alap\u00edtv\u00e1ny besz\u00e1mol\u00f3ja &#8211; El\u0151ad\u00f3: Dr. Szil\u00e1gyi Tibor polg\u00e1rmester<\/li><li>G\u00e1dorosi Labdar\u00fag\u00f3 SE k\u00f6lts\u00e9gvet\u00e9si tervezete &#8211; El\u0151ad\u00f3: Dr. Szil\u00e1gyi Tibor polg\u00e1rmester<\/li><li>\u201eVir\u00e1gos, rendezett porta\u201d elismer\u00e9s \u00e9s \u201eG\u00e1doros D\u00edszpolg\u00e1ra\u201d kit\u00fcntet\u0151 c\u00edm adom\u00e1nyoz\u00e1s\u00e1nak el\u0151k\u00e9sz\u00edt\u00e9se, munkacsoport megalak\u00edt\u00e1sa &#8211; El\u0151ad\u00f3: Dr. Szil\u00e1gyi Tibor polg\u00e1rmester<\/li><li>VP6-7.2.1-.1-21. \u201eK\u00fclter\u00fcleti helyi k\u00f6zutak fejleszt\u00e9se\u201d program keret\u00e9ben a \u201eG\u00e1doros k\u00fclter\u00fclet 032\/2 hrsz-\u00fa f\u00f6ld\u00fat stabiliz\u00e1l\u00e1sa\u201d c\u00edm\u0171 p\u00e1ly\u00e1zat bead\u00e1sa \u00e9s \u00f6ner\u0151 biztos\u00edt\u00e1s\u00e1nak j\u00f3v\u00e1hagy\u00e1sa &#8211; El\u0151ad\u00f3: Dr. Szil\u00e1gyi Tibor polg\u00e1rmester<\/li><li>Bejelent\u00e9sek <\/li><\/ol>\n\n\n\n<ol><li>Meg\u00e1ll\u00f3 Ital- \u00e9s Vegyeskeresked\u00e9s \u00fczemeltet\u0151j\u00e9nek k\u00e9relme &#8211; El\u0151ad\u00f3: Dr. Szil\u00e1gyi Tibor polg\u00e1rmester<\/li><li>Vastag Betta k\u00e9relme (Z\u00f6lds\u00e9g-Gy\u00fcm\u00f6lcs Centrum) &#8211; El\u0151ad\u00f3: Dr. Szil\u00e1gyi Tibor polg\u00e1rmester <\/li><li>Falunapi rendezv\u00e9ny megbesz\u00e9l\u00e9se (sz\u00f3beli) &#8211; El\u0151ad\u00f3: Dr. Szil\u00e1gyi Tibor polg\u00e1rmester<\/li><li>P\u00e1ly\u00e1zati t\u00e1j\u00e9koztat\u00f3 (sz\u00f3beli) &#8211; El\u0151ad\u00f3: Dr. Szil\u00e1gyi Tibor polg\u00e1rmester<\/li><li>J\u00e1tsz\u00f3t\u00e9r fel\u00faj\u00edt\u00e1sr\u00f3l t\u00e1j\u00e9koztat\u00f3 (sz\u00f3beli) &#8211; El\u0151ad\u00f3: Dr. Szil\u00e1gyi Tibor polg\u00e1rmester<\/li><li>Szennyv\u00edzberuh\u00e1z\u00e1s Bel\u00fcgyminiszt\u00e9rium \u00f6ner\u0151 elsz\u00e1mol\u00e1sr\u00f3l t\u00e1j\u00e9koztat\u00f3 (sz\u00f3beli) &#8211; El\u0151ad\u00f3: Dr. Szil\u00e1gyi Tibor polg\u00e1rmester<\/li><\/ol>\n\n\n\n<p><strong>Valamennyi napirendi ponthoz megh\u00edvottak:<\/strong><br>Dr. Szil\u00e1gyi Tibor polg\u00e1rmester, Varga Bal\u00e1zs alpolg\u00e1rmester, Fekete Tiborn\u00e9, Herbszt Gergely, J\u00e1vorcsik J\u00e1nos D\u00e1vid, Rib\u00e1rszki Istv\u00e1n J\u00e1nos \u00e9s Simond\u00e1n Vilmos telep\u00fcl\u00e9si k\u00e9pvisel\u0151k.<\/p>\n\n\n\n<p>B\u00e9k\u00e9s Megyei Korm\u00e1nyhivatal, Korm\u00e1nymegb\u00edzott<\/p>\n\n\n\n<p>K\u0151szegi Erzs\u00e9bet M\u00e1ria jegyz\u0151<br>T\u00f3th Tibor igazgat\u00e1si csoportvezet\u0151<br>Libor Zsoltn\u00e9 p\u00e9nz\u00fcgyi csoportvezet\u0151<\/p>\n\n\n\n<p>Prozlik M\u00e1rta Napk\u00f6zi Otthonos \u00d3voda int\u00e9zm\u00e9nyvezet\u0151<br>Sebesty\u00e9n L\u00e1szl\u00f3n\u00e9 Justh Zsigmond M\u0171vel\u0151d\u00e9si H\u00e1z \u00e9s K\u00f6nyvt\u00e1r int\u00e9zm\u00e9nyvezet\u0151<br>Krivikn\u00e9 Zahorecz Anita Gondoz\u00e1si K\u00f6zpont int\u00e9zm\u00e9nyvezet\u0151<br>T\u00f3th M\u00e1ria Prog\u00e1dor Kft. \u00fcgyvezet\u0151<\/p>\n\n\n\n<p>T\u00f3th Antal Roma Nemzetis\u00e9gi \u00d6nkorm\u00e1nyzat\neln\u00f6ke<\/p>\n\n\n\n<p>1. napirendi ponthoz megh\u00edvva:\nMoln\u00e1r Vir\u00e1g lelkip\u00e1sztor<\/p>\n\n\n\n<p>G\u00e1doros, 2021. j\u00falius 08.<\/p>\n\n\n\n<p style=\"text-align:right\">Dr. Szil\u00e1gyi Tibor s. k.<br>polg\u00e1rmester<\/p>\n","protected":false},"excerpt":{"rendered":"<p>G\u00e1doros Nagyk\u00f6zs\u00e9g Polg\u00e1rmestere5932 G\u00e1doros, Kossuth u. 16.Telefon: 68\/490-001 M E G H \u00cd V \u00d3 G\u00e1doros Nagyk\u00f6zs\u00e9gi \u00d6nkorm\u00e1nyzat K\u00e9pvisel\u0151-test\u00fclete rendes \u00fcl\u00e9s\u00e9t 2021. j\u00falius 12-\u00e9n (h\u00e9tf\u0151) 17:00 \u00f3rai kezdettel tartja a K\u00f6zs\u00e9gh\u00e1za tan\u00e1cskoz\u00f3 term\u00e9ben, melyre tisztelettelmegh\u00edvom.<\/p>\n","protected":false},"author":1,"featured_media":0,"comment_status":"closed","ping_status":"closed","template":"","tags":[],"blog-category":[28],"_links":{"self":[{"href":"http:\/\/gadoros.hu\/index.php?rest_route=\/wp\/v2\/blog_post\/3051"}],"collection":[{"href":"http:\/\/gadoros.hu\/index.php?rest_route=\/wp\/v2\/blog_post"}],"about":[{"href":"http:\/\/gadoros.hu\/index.php?rest_route=\/wp\/v2\/types\/blog_post"}],"author":[{"embeddable":true,"href":"http:\/\/gadoros.hu\/index.php?rest_route=\/wp\/v2\/users\/1"}],"replies":[{"embeddable":true,"href":"http:\/\/gadoros.hu\/index.php?rest_route=%2Fwp%2Fv2%2Fcomments&post=3051"}],"wp:attachment":[{"href":"http:\/\/gadoros.hu\/index.php?rest_route=%2Fwp%2Fv2%2Fmedia&parent=3051"}],"wp:term":[{"taxonomy":"post_tag","embeddable":true,"href":"http:\/\/gadoros.hu\/index.php?rest_route=%2Fwp%2Fv2%2Ftags&post=3051"},{"taxonomy":"blog-category","embeddable":true,"href":"http:\/\/gadoros.hu\/index.php?rest_route=%2Fwp%2Fv2%2Fblog-category&post=3051"}],"curies":[{"name":"wp","href":"https:\/\/api.w.org\/{rel}","templated":true}]}}