{"id":3049,"date":"2021-07-09T10:38:21","date_gmt":"2021-07-09T10:38:21","guid":{"rendered":"http:\/\/www.gadoros.hu\/?post_type=blog_post&#038;p=3049"},"modified":"2021-07-09T10:38:28","modified_gmt":"2021-07-09T10:38:28","slug":"3049","status":"publish","type":"blog_post","link":"http:\/\/gadoros.hu\/?blog_post=3049","title":{"rendered":""},"content":{"rendered":"\n<p style=\"text-align:left\"><strong>G\u00e1doros Nagyk\u00f6zs\u00e9g \u00d6nkorm\u00e1nyzata<\/strong><br><strong>K\u00e9pvisel\u0151-test\u00fclet\u00e9nek<\/strong><br><strong>Szoci\u00e1lis, Kultur\u00e1lis, Eg\u00e9szs\u00e9g\u00fcgyi \u00e9s<\/strong><br><strong>Sport Bizotts\u00e1ga<\/strong><br><strong>5932 G\u00e1doros, Kossuth u. 16.<\/strong><\/p>\n\n\n\n<p style=\"text-align:center\"><strong>M E G H \u00cd V \u00d3<\/strong><\/p>\n\n\n\n<p style=\"text-align:center\">A Szoci\u00e1lis, Kultur\u00e1lis, Eg\u00e9szs\u00e9g\u00fcgyi \u00e9s Sport Bizotts\u00e1g\n\u00fcl\u00e9s\u00e9t<\/p>\n\n\n\n<p style=\"text-align:center\"><strong>2021. j\u00falius 12-\u00e9n (h\u00e9tf\u0151) 14:30 \u00f3r\u00e1t\u00f3l\ntartja<\/strong><\/p>\n\n\n\n<p style=\"text-align:center\">a K\u00f6zs\u00e9gh\u00e1za tan\u00e1cskoz\u00f3 term\u00e9ben,<br>mely \u00fcl\u00e9sre tisztelettel megh\u00edvom.<\/p>\n\n\n\n<!--more-->\n\n\n\n<p><strong>Nyilv\u00e1nos \u00fcl\u00e9s\nkeret\u00e9ben:<\/strong><\/p>\n\n\n\n<ol><li>G\u00e1doros\nNagyk\u00f6zs\u00e9g \u00d6nkorm\u00e1nyzat Gondoz\u00e1si K\u00f6zpontj\u00e1nak feladat-ell\u00e1t\u00e1si \u00fcgye,\nt\u00e1j\u00e9koztat\u00f3ja, \u00e9s k\u00e9relme<\/li><li>Az\n\u00d6nkorm\u00e1nyzat 2021. \u00e9vi k\u00f6lts\u00e9gvet\u00e9s\u00e9r\u0151l sz\u00f3l\u00f3 3\/2021. (II. 23.) \u00f6nkorm\u00e1nyzati\nrendelet m\u00f3dos\u00edt\u00e1s\u00e1r\u00f3l<\/li><li>T\u00e1j\u00e9koztat\u00f3\nG\u00e1doros Nagyk\u00f6zs\u00e9gben a szil\u00e1rd hullad\u00e9k elsz\u00e1ll\u00edt\u00e1s\u00e1val kapcsolatban v\u00e9gzett\nmunk\u00e1r\u00f3l<\/li><li>T\u00e1j\u00e9koztat\u00f3\na k\u00f6zfoglalkoztat\u00e1s helyzet\u00e9r\u0151l \u00e9s a START munkaprogramr\u00f3l<\/li><li>T\u00e1j\u00e9koztat\u00f3\na gyermekorvosi, iskola eg\u00e9szs\u00e9g\u00fcgyi ell\u00e1t\u00e1s G\u00e1doros Nagyk\u00f6zs\u00e9gben<\/li><li>Ingyenes\nv\u00e9rv\u00e9teli szolg\u00e1ltat\u00e1s f\u00e9l\u00e9ves besz\u00e1mol\u00f3ja<\/li><li>G\u00e1dorosi\nId\u0151sek\u00e9rt Alap\u00edtv\u00e1ny besz\u00e1mol\u00f3ja<\/li><li>Bejelent\u00e9sek<\/li><\/ol>\n\n\n\n<p><strong>A napirendi pontokhoz megh\u00edvva:<\/strong><br>Fekete Tiborn\u00e9 eln\u00f6k, Herbszt Gergely, J\u00e1vorcsik J\u00e1nos D\u00e1vid, Kosztol\u00e1n\u00e9 Szab\u00f3 Ildik\u00f3 \u00e9s Krivikn\u00e9 Zahorecz Anita bizotts\u00e1gi tagok, Dr. Szil\u00e1gyi Tibor polg\u00e1rmester, Varga Bal\u00e1zs alpolg\u00e1rmester, Rib\u00e1rszki Istv\u00e1n J\u00e1nos, Simond\u00e1n Vilmos telep\u00fcl\u00e9si k\u00e9pvisel\u0151k, K\u0151szegi Erzs\u00e9bet M\u00e1ria jegyz\u0151<\/p>\n\n\n\n<p>G\u00e1doros, 2021. j\u00falius 08.<\/p>\n\n\n\n<p style=\"text-align:right\">Fekete Tiborn\u00e9 s. k.<br>Bizotts\u00e1g Eln\u00f6ke<\/p>\n","protected":false},"excerpt":{"rendered":"<p>G\u00e1doros Nagyk\u00f6zs\u00e9g \u00d6nkorm\u00e1nyzataK\u00e9pvisel\u0151-test\u00fclet\u00e9nekSzoci\u00e1lis, Kultur\u00e1lis, Eg\u00e9szs\u00e9g\u00fcgyi \u00e9sSport Bizotts\u00e1ga5932 G\u00e1doros, Kossuth u. 16. M E G H \u00cd V \u00d3 A Szoci\u00e1lis, Kultur\u00e1lis, Eg\u00e9szs\u00e9g\u00fcgyi \u00e9s Sport Bizotts\u00e1g \u00fcl\u00e9s\u00e9t 2021. j\u00falius 12-\u00e9n (h\u00e9tf\u0151) 14:30 \u00f3r\u00e1t\u00f3l tartja a K\u00f6zs\u00e9gh\u00e1za tan\u00e1cskoz\u00f3 term\u00e9ben,mely \u00fcl\u00e9sre tisztelettel megh\u00edvom.<\/p>\n","protected":false},"author":1,"featured_media":0,"comment_status":"closed","ping_status":"closed","template":"","tags":[],"blog-category":[28],"_links":{"self":[{"href":"http:\/\/gadoros.hu\/index.php?rest_route=\/wp\/v2\/blog_post\/3049"}],"collection":[{"href":"http:\/\/gadoros.hu\/index.php?rest_route=\/wp\/v2\/blog_post"}],"about":[{"href":"http:\/\/gadoros.hu\/index.php?rest_route=\/wp\/v2\/types\/blog_post"}],"author":[{"embeddable":true,"href":"http:\/\/gadoros.hu\/index.php?rest_route=\/wp\/v2\/users\/1"}],"replies":[{"embeddable":true,"href":"http:\/\/gadoros.hu\/index.php?rest_route=%2Fwp%2Fv2%2Fcomments&post=3049"}],"wp:attachment":[{"href":"http:\/\/gadoros.hu\/index.php?rest_route=%2Fwp%2Fv2%2Fmedia&parent=3049"}],"wp:term":[{"taxonomy":"post_tag","embeddable":true,"href":"http:\/\/gadoros.hu\/index.php?rest_route=%2Fwp%2Fv2%2Ftags&post=3049"},{"taxonomy":"blog-category","embeddable":true,"href":"http:\/\/gadoros.hu\/index.php?rest_route=%2Fwp%2Fv2%2Fblog-category&post=3049"}],"curies":[{"name":"wp","href":"https:\/\/api.w.org\/{rel}","templated":true}]}}