{"id":3019,"date":"2021-06-30T09:34:50","date_gmt":"2021-06-30T09:34:50","guid":{"rendered":"http:\/\/www.gadoros.hu\/?post_type=blog_post&#038;p=3019"},"modified":"2021-06-30T09:37:37","modified_gmt":"2021-06-30T09:37:37","slug":"3019","status":"publish","type":"blog_post","link":"http:\/\/gadoros.hu\/?blog_post=3019","title":{"rendered":""},"content":{"rendered":"\n<p style=\"text-align:center\"><strong>G\u00e1doros Nagyk\u00f6zs\u00e9g \u00d6nkorm\u00e1nyzat<\/strong><br><strong>H\u00e1zi Gyermekorvos<\/strong><\/p>\n\n\n\n<p style=\"text-align:center\"><strong>Rendel\u00e9si id\u0151<\/strong><\/p>\n\n\n\n<p style=\"text-align:center\">2021. j\u00falius 05.- j\u00falius 16-ig<\/p>\n\n\n\n<p><strong>Helyettes\u00edt\u0151 orvos: Dr.\nNagy Ir\u00e9n<\/strong><\/p>\n\n\n\n<table class=\"wp-block-table\"><tbody><tr><td>\n  <strong>&nbsp;<\/strong>\n  <\/td><td>\n  <strong>D\u00e9lel\u0151tt<\/strong>\n  <\/td><td>\n  <strong>D\u00e9lut\u00e1n<\/strong>\n  <\/td><\/tr><tr><td>\n  <strong>H\u00e9tf\u0151<\/strong>\n  <\/td><td>   <strong>8:00\u201310:00<\/strong>   <\/td><td>\n  <strong>&#8212;&#8212;&#8212;&#8212;&#8212;<\/strong>\n  <\/td><\/tr><tr><td>\n  <strong>Kedd<\/strong>\n  <\/td><td>   <strong>8:00\u201310:00<\/strong>   <\/td><td>\n  <strong>&#8212;&#8212;&#8212;&#8212;&#8212;<\/strong>\n  <\/td><\/tr><tr><td>\n  <strong>Szerda<\/strong>\n  <\/td><td>   <strong>8:00\u201310:00<\/strong>   <\/td><td>\n  <strong>&#8212;&#8212;&#8212;&#8212;&#8212;<\/strong>\n  <\/td><\/tr><tr><td>\n  <strong>Cs\u00fct\u00f6rt\u00f6k<\/strong>\n  <\/td><td>   <strong>8:00\u201310:00<\/strong>   <\/td><td>   <strong>Tan\u00e1csad\u00e1s 12:30\u201315:00<\/strong>   <\/td><\/tr><tr><td>\n  <strong>P\u00e9ntek<\/strong>\n  <\/td><td>   <strong>8:00\u201310:00<\/strong>   <\/td><td>\n  <strong>&#8212;&#8212;&#8212;&#8212;&#8212;<\/strong>\n  <\/td><\/tr><\/tbody><\/table>\n\n\n\n<p style=\"text-align:center\"><strong>Telefonos id\u0151pont egyeztet\u00e9s: <\/strong><br><strong>06\/68 490-030 telefonsz\u00e1mon k\u00e9rhet\u0151!<\/strong><\/p>\n\n\n\n<p>G\u00e1doros, 2021. 07. 01<\/p>\n","protected":false},"excerpt":{"rendered":"<p>G\u00e1doros Nagyk\u00f6zs\u00e9g \u00d6nkorm\u00e1nyzatH\u00e1zi Gyermekorvos Rendel\u00e9si id\u0151 2021. j\u00falius 05.- j\u00falius 16-ig Helyettes\u00edt\u0151 orvos: Dr. Nagy Ir\u00e9n &nbsp; D\u00e9lel\u0151tt D\u00e9lut\u00e1n H\u00e9tf\u0151 8:00\u201310:00 &#8212;&#8212;&#8212;&#8212;&#8212; Kedd 8:00\u201310:00 &#8212;&#8212;&#8212;&#8212;&#8212; Szerda 8:00\u201310:00 &#8212;&#8212;&#8212;&#8212;&#8212; Cs\u00fct\u00f6rt\u00f6k 8:00\u201310:00 Tan\u00e1csad\u00e1s 12:30\u201315:00 P\u00e9ntek 8:00\u201310:00 &#8212;&#8212;&#8212;&#8212;&#8212; Telefonos id\u0151pont egyeztet\u00e9s: 06\/68 490-030 telefonsz\u00e1mon k\u00e9rhet\u0151! G\u00e1doros, 2021. 07. 01<\/p>\n","protected":false},"author":0,"featured_media":0,"comment_status":"closed","ping_status":"closed","template":"","tags":[],"blog-category":[28],"_links":{"self":[{"href":"http:\/\/gadoros.hu\/index.php?rest_route=\/wp\/v2\/blog_post\/3019"}],"collection":[{"href":"http:\/\/gadoros.hu\/index.php?rest_route=\/wp\/v2\/blog_post"}],"about":[{"href":"http:\/\/gadoros.hu\/index.php?rest_route=\/wp\/v2\/types\/blog_post"}],"replies":[{"embeddable":true,"href":"http:\/\/gadoros.hu\/index.php?rest_route=%2Fwp%2Fv2%2Fcomments&post=3019"}],"wp:attachment":[{"href":"http:\/\/gadoros.hu\/index.php?rest_route=%2Fwp%2Fv2%2Fmedia&parent=3019"}],"wp:term":[{"taxonomy":"post_tag","embeddable":true,"href":"http:\/\/gadoros.hu\/index.php?rest_route=%2Fwp%2Fv2%2Ftags&post=3019"},{"taxonomy":"blog-category","embeddable":true,"href":"http:\/\/gadoros.hu\/index.php?rest_route=%2Fwp%2Fv2%2Fblog-category&post=3019"}],"curies":[{"name":"wp","href":"https:\/\/api.w.org\/{rel}","templated":true}]}}