{"id":3007,"date":"2021-06-29T11:32:54","date_gmt":"2021-06-29T11:32:54","guid":{"rendered":"http:\/\/www.gadoros.hu\/?post_type=blog_post&#038;p=3007"},"modified":"2021-06-29T12:16:08","modified_gmt":"2021-06-29T12:16:08","slug":"3007","status":"publish","type":"blog_post","link":"http:\/\/gadoros.hu\/?blog_post=3007","title":{"rendered":""},"content":{"rendered":"\n<p style=\"text-align:center\"><strong>Tisztelt Lakoss\u00e1g! Kedves Sz\u00fcl\u0151k!<\/strong><\/p>\n\n\n\n<p style=\"text-align:center\">G\u00e1doros\nNagyk\u00f6zs\u00e9g \u00d6nkorm\u00e1nyzata t\u00e1j\u00e9koztat\u00e1sul k\u00f6zli, hogy Dr. Nagy Ir\u00e9n h\u00e1zi gyermekorvos\nk\u00e9relm\u00e9re tekintettel 2021. j\u00fanius 30. napj\u00e1val a feladatell\u00e1t\u00e1si szerz\u0151d\u00e9s megsz\u00fcntet\u00e9sre\nker\u00fclt.<\/p>\n\n\n\n<!--more-->\n\n\n\n<p style=\"text-align:center\">2021. j\u00falius\n01. napj\u00e1t\u00f3l G\u00e1doros Nagyk\u00f6zs\u00e9g k\u00f6zigazgat\u00e1si ter\u00fclet\u00e9n a helyettes\u00edt\u00e9ssel megoldott\nrendel\u00e9s a ny\u00e1ri szabads\u00e1gol\u00e1s ideje alatt al\u00e1bbiak szerint alakul:<\/p>\n\n\n\n<p style=\"text-align:center\"><strong>2021. j\u00falius\n01. napj\u00e1t\u00f3l 2021. j\u00falius 16. napj\u00e1ig<\/strong> (mindennap) Dr. Nagy Ir\u00e9n helyettes\u00edt\u0151 orvos,<\/p>\n\n\n\n<p style=\"text-align:center\"><strong>2021. j\u00falius\n19. napj\u00e1t\u00f3l 2021. augusztus 31. napj\u00e1ig <\/strong>(heti k\u00e9t alkalommal) Dr. Bod Margit Zsuzsanna \u00e9s Dr.\nT\u00f3th Mikl\u00f3s J\u00e1nosn\u00e9 helyettes\u00edt\u0151 orvosok l\u00e1tj\u00e1k el.<\/p>\n\n\n\n<p style=\"text-align:center\">A\nmindennapos betegell\u00e1t\u00e1s az eg\u00e9szs\u00e9g\u00fcgyi szakasszisztens koordin\u00e1l\u00e1s\u00e1val\nt\u00f6rt\u00e9nik.<\/p>\n\n\n\n<p style=\"text-align:center\"><strong>Telefonos\nid\u0151pontegyeztet\u00e9s a tov\u00e1bbiakban is a 06-68-490-030 sz\u00e1mon t\u00f6rt\u00e9nik.<\/strong><\/p>\n\n\n\n<p style=\"text-align:center\">A tan\u00e1csad\u00e1s\ntov\u00e1bbra is telefonos egyeztet\u00e9st k\u00f6vet\u0151en a v\u00e9d\u0151n\u0151i szolg\u00e1lattal egyeztetve\nt\u00f6rt\u00e9nik.<\/p>\n\n\n\n<p style=\"text-align:center\">Felh\u00edvjuk a\nfigyelmet, hogy a ny\u00e1ri id\u0151szak alatti szabads\u00e1gol\u00e1sok miatt, v\u00e1ltoz\u00e1s eset\u00e9n a\ngyermekorvosi rendel\u00e9s az \u00e9p\u00fcleten kihelyezett t\u00e1j\u00e9koztat\u00e1s szerint t\u00f6rt\u00e9nik.<\/p>\n\n\n\n<p style=\"text-align:center\">K\u00f6sz\u00f6nj\u00fck\nsz\u00edves meg\u00e9rt\u00e9s\u00fcket!<\/p>\n","protected":false},"excerpt":{"rendered":"<p>Tisztelt Lakoss\u00e1g! Kedves Sz\u00fcl\u0151k! G\u00e1doros Nagyk\u00f6zs\u00e9g \u00d6nkorm\u00e1nyzata t\u00e1j\u00e9koztat\u00e1sul k\u00f6zli, hogy Dr. Nagy Ir\u00e9n h\u00e1zi gyermekorvos k\u00e9relm\u00e9re tekintettel 2021. j\u00fanius 30. napj\u00e1val a feladatell\u00e1t\u00e1si szerz\u0151d\u00e9s megsz\u00fcntet\u00e9sre ker\u00fclt.<\/p>\n","protected":false},"author":0,"featured_media":0,"comment_status":"closed","ping_status":"closed","template":"","tags":[],"blog-category":[28],"_links":{"self":[{"href":"http:\/\/gadoros.hu\/index.php?rest_route=\/wp\/v2\/blog_post\/3007"}],"collection":[{"href":"http:\/\/gadoros.hu\/index.php?rest_route=\/wp\/v2\/blog_post"}],"about":[{"href":"http:\/\/gadoros.hu\/index.php?rest_route=\/wp\/v2\/types\/blog_post"}],"replies":[{"embeddable":true,"href":"http:\/\/gadoros.hu\/index.php?rest_route=%2Fwp%2Fv2%2Fcomments&post=3007"}],"wp:attachment":[{"href":"http:\/\/gadoros.hu\/index.php?rest_route=%2Fwp%2Fv2%2Fmedia&parent=3007"}],"wp:term":[{"taxonomy":"post_tag","embeddable":true,"href":"http:\/\/gadoros.hu\/index.php?rest_route=%2Fwp%2Fv2%2Ftags&post=3007"},{"taxonomy":"blog-category","embeddable":true,"href":"http:\/\/gadoros.hu\/index.php?rest_route=%2Fwp%2Fv2%2Fblog-category&post=3007"}],"curies":[{"name":"wp","href":"https:\/\/api.w.org\/{rel}","templated":true}]}}