{"id":2983,"date":"2021-06-22T09:36:28","date_gmt":"2021-06-22T09:36:28","guid":{"rendered":"http:\/\/www.gadoros.hu\/?post_type=blog_post&#038;p=2983"},"modified":"2021-06-23T07:22:00","modified_gmt":"2021-06-23T07:22:00","slug":"2983","status":"publish","type":"blog_post","link":"http:\/\/gadoros.hu\/?blog_post=2983","title":{"rendered":""},"content":{"rendered":"\n<p style=\"text-align:center\"><strong>Tisztelt Lakoss\u00e1g!<\/strong><\/p>\n\n\n\n<p style=\"text-align:center\">G\u00e1doros Nagyk\u00f6zs\u00e9g \u00d6nkorm\u00e1nyzata t\u00e1j\u00e9koztatja a Tisztelt Lakoss\u00e1got, hogy a telep\u00fcl\u00e9s a Magyar Falu Program keret\u00e9ben meghirdetett Felel\u0151s \u00e1llattart\u00e1s el\u0151seg\u00edt\u00e9se c\u00edm\u0171 p\u00e1ly\u00e1zatban k\u00edv\u00e1n r\u00e9szt venni.<\/p>\n\n\n\n<p style=\"text-align:center\">Sikeres\np\u00e1ly\u00e1zat eset\u00e9n a program keret\u00e9ben a lakoss\u00e1g kuty\u00e1inak \u00e9s macsk\u00e1inak <strong>ivartalan\u00edt\u00e1sa<\/strong>, orvoshoz val\u00f3\nsz\u00e1ll\u00edt\u00e1sa, veszetts\u00e9g elleni v\u00e9d\u0151olt\u00e1sa \u00e9s transzponderrel (mikrochippel) val\u00f3\ningyenes megjel\u00f6l\u00e9se t\u00f6rt\u00e9nik.<\/p>\n\n\n\n<p style=\"text-align:center\">Az\nivartalan\u00edt\u00e1s ig\u00e9ny\u00e9t az <strong>\u00e1llat\ntulajdonosa<\/strong> kiz\u00e1r\u00f3lag <strong>szem\u00e9lyesen<\/strong>\na Justh Zsigmond M\u0171vel\u0151d\u00e9si H\u00e1zban <strong>2021.\n06.28-\u00e1n (h\u00e9tf\u0151n) 7:00 -12:00 <\/strong>k\u00f6z\u00f6tt, valamint <strong>2021.06.29-\u00e9n (kedden) 13:00-17:00 <\/strong>k\u00f6z\u00f6tt jelezheti.<\/p>\n\n\n\n<p style=\"text-align:center\">K\u00e9rj\u00fck, az \u00e1llat tulajdonosa ig\u00e9nye lead\u00e1skor hozza mag\u00e1val <strong>szem\u00e9lyes okm\u00e1nyait<\/strong>, valamint az <strong>\u00e1llat eg\u00e9szs\u00e9g\u00fcgyi kisk\u00f6nyv\u00e9t <\/strong>(amennyiben van)!<\/p>\n\n\n\n<p style=\"text-align:right\">\u00d6nkorm\u00e1nyzat<\/p>\n","protected":false},"excerpt":{"rendered":"<p>Tisztelt Lakoss\u00e1g! G\u00e1doros Nagyk\u00f6zs\u00e9g \u00d6nkorm\u00e1nyzata t\u00e1j\u00e9koztatja a Tisztelt Lakoss\u00e1got, hogy a telep\u00fcl\u00e9s a Magyar Falu Program keret\u00e9ben meghirdetett Felel\u0151s \u00e1llattart\u00e1s el\u0151seg\u00edt\u00e9se c\u00edm\u0171 p\u00e1ly\u00e1zatban k\u00edv\u00e1n r\u00e9szt venni. Sikeres p\u00e1ly\u00e1zat eset\u00e9n a program keret\u00e9ben a lakoss\u00e1g kuty\u00e1inak \u00e9s macsk\u00e1inak ivartalan\u00edt\u00e1sa, orvoshoz val\u00f3 sz\u00e1ll\u00edt\u00e1sa, veszetts\u00e9g elleni v\u00e9d\u0151olt\u00e1sa \u00e9s transzponderrel (mikrochippel) val\u00f3 ingyenes megjel\u00f6l\u00e9se t\u00f6rt\u00e9nik. Az ivartalan\u00edt\u00e1s ig\u00e9ny\u00e9t az [&hellip;]<\/p>\n","protected":false},"author":0,"featured_media":0,"comment_status":"closed","ping_status":"closed","template":"","tags":[],"blog-category":[28],"_links":{"self":[{"href":"http:\/\/gadoros.hu\/index.php?rest_route=\/wp\/v2\/blog_post\/2983"}],"collection":[{"href":"http:\/\/gadoros.hu\/index.php?rest_route=\/wp\/v2\/blog_post"}],"about":[{"href":"http:\/\/gadoros.hu\/index.php?rest_route=\/wp\/v2\/types\/blog_post"}],"replies":[{"embeddable":true,"href":"http:\/\/gadoros.hu\/index.php?rest_route=%2Fwp%2Fv2%2Fcomments&post=2983"}],"wp:attachment":[{"href":"http:\/\/gadoros.hu\/index.php?rest_route=%2Fwp%2Fv2%2Fmedia&parent=2983"}],"wp:term":[{"taxonomy":"post_tag","embeddable":true,"href":"http:\/\/gadoros.hu\/index.php?rest_route=%2Fwp%2Fv2%2Ftags&post=2983"},{"taxonomy":"blog-category","embeddable":true,"href":"http:\/\/gadoros.hu\/index.php?rest_route=%2Fwp%2Fv2%2Fblog-category&post=2983"}],"curies":[{"name":"wp","href":"https:\/\/api.w.org\/{rel}","templated":true}]}}