{"id":2969,"date":"2021-06-15T08:53:20","date_gmt":"2021-06-15T08:53:20","guid":{"rendered":"http:\/\/www.gadoros.hu\/?post_type=blog_post&#038;p=2969"},"modified":"2021-06-15T08:53:58","modified_gmt":"2021-06-15T08:53:58","slug":"2969","status":"publish","type":"blog_post","link":"http:\/\/gadoros.hu\/?blog_post=2969","title":{"rendered":""},"content":{"rendered":"\n<p><strong>G\u00e1doros Nagyk\u00f6zs\u00e9gi \u00d6nkorm\u00e1nyzat<\/strong><br><strong>K\u00e9pvisel\u0151-test\u00fclet\u00e9nek <\/strong><br><strong>P\u00e9nz\u00fcgyi, Gazdas\u00e1gi \u00e9s<\/strong><br><strong>K\u00f6rnyezetv\u00e9delmi Bizotts\u00e1ga<\/strong><br><strong>5932 G\u00e1doros, Kossuth u. 16.<\/strong><br><strong>Telefon: 68\/490-001<\/strong><\/p>\n\n\n\n<p style=\"text-align:center\"><strong>M E G H \u00cd V \u00d3<\/strong><\/p>\n\n\n\n<p style=\"text-align:center\">G\u00e1doros Nagyk\u00f6zs\u00e9gi \u00d6nkorm\u00e1nyzat K\u00e9pvisel\u0151-test\u00fclet\u00e9nek<br>P\u00e9nz\u00fcgyi, Gazdas\u00e1gi \u00e9s K\u00f6rnyezetv\u00e9delmi Bizotts\u00e1ga k\u00f6vetkez\u0151 \u00fcl\u00e9s\u00e9t<\/p>\n\n\n\n<p style=\"text-align:center\"><strong>2021. j\u00fanius 16-\u00e1n (szerda) 14:30 \u00f3rai\nkezdettel<\/strong><\/p>\n\n\n\n<p style=\"text-align:center\">tartja a K\u00f6zs\u00e9gh\u00e1za tan\u00e1cskoz\u00f3 term\u00e9ben, melyre tisztelettel <br><strong>megh\u00edvom.<\/strong><\/p>\n\n\n\n<!--more-->\n\n\n\n<p><strong>Nyilv\u00e1nos \u00fcl\u00e9s\nkeret\u00e9ben:<\/strong><\/p>\n\n\n\n<ol><li>2020. \u00e9vi vagyonnyilatkozatok \u00e1tv\u00e9tele<\/li><li>Vesz\u00e9lyhelyzet ideje alatt hozott polg\u00e1rmesteri hat\u00e1rozatok \u00e9s rendeletek meger\u0151s\u00edt\u00e9se<\/li><li>Alf\u00f6ldv\u00edz Zrt. bejelent\u00e9se a r\u00e9szv\u00e9nyesek r\u00e9sz\u00e9re<\/li><li>Bejelent\u00e9sek &#8211; <\/li><li>1. Telekfelaj\u00e1nl\u00e1s t\u00e1rgy\u00e1ban <\/li><\/ol>\n\n\n\n<p><strong>A napirendi pontokhoz megh\u00edvva:<\/strong><br>J\u00e1vorcsik J\u00e1nos D\u00e1vid eln\u00f6k, Rib\u00e1rszki Istv\u00e1n J\u00e1nos \u00e9s Mih\u00f3kn\u00e9 Rib\u00e1rszki Erika bizotts\u00e1gi tagok. Dr. Szil\u00e1gyi Tibor polg\u00e1rmester, Varga Bal\u00e1zs alpolg\u00e1rmester, Fekete Tiborn\u00e9, Herbszt Gergely, Simond\u00e1n Vilmos telep\u00fcl\u00e9si k\u00e9pvisel\u0151, K\u0151szegi Erzs\u00e9bet M\u00e1ria jegyz\u0151, T\u00f3th Tibor igazgat\u00e1si csoportvezet\u0151, Libor Zsoltn\u00e9 p\u00e9nz\u00fcgyi csoportvezet\u0151<\/p>\n\n\n\n<p>G\u00e1doros, 2021. j\u00fanius 14.<\/p>\n\n\n\n<p style=\"text-align:right\">J\u00e1vorcsik J\u00e1nos D\u00e1vid s. k.<br>Bizotts\u00e1g Eln\u00f6ke<\/p>\n","protected":false},"excerpt":{"rendered":"<p>G\u00e1doros Nagyk\u00f6zs\u00e9gi \u00d6nkorm\u00e1nyzatK\u00e9pvisel\u0151-test\u00fclet\u00e9nek P\u00e9nz\u00fcgyi, Gazdas\u00e1gi \u00e9sK\u00f6rnyezetv\u00e9delmi Bizotts\u00e1ga5932 G\u00e1doros, Kossuth u. 16.Telefon: 68\/490-001 M E G H \u00cd V \u00d3 G\u00e1doros Nagyk\u00f6zs\u00e9gi \u00d6nkorm\u00e1nyzat K\u00e9pvisel\u0151-test\u00fclet\u00e9nekP\u00e9nz\u00fcgyi, Gazdas\u00e1gi \u00e9s K\u00f6rnyezetv\u00e9delmi Bizotts\u00e1ga k\u00f6vetkez\u0151 \u00fcl\u00e9s\u00e9t 2021. j\u00fanius 16-\u00e1n (szerda) 14:30 \u00f3rai kezdettel tartja a K\u00f6zs\u00e9gh\u00e1za tan\u00e1cskoz\u00f3 term\u00e9ben, melyre tisztelettel megh\u00edvom.<\/p>\n","protected":false},"author":1,"featured_media":0,"comment_status":"closed","ping_status":"closed","template":"","tags":[],"blog-category":[28],"_links":{"self":[{"href":"http:\/\/gadoros.hu\/index.php?rest_route=\/wp\/v2\/blog_post\/2969"}],"collection":[{"href":"http:\/\/gadoros.hu\/index.php?rest_route=\/wp\/v2\/blog_post"}],"about":[{"href":"http:\/\/gadoros.hu\/index.php?rest_route=\/wp\/v2\/types\/blog_post"}],"author":[{"embeddable":true,"href":"http:\/\/gadoros.hu\/index.php?rest_route=\/wp\/v2\/users\/1"}],"replies":[{"embeddable":true,"href":"http:\/\/gadoros.hu\/index.php?rest_route=%2Fwp%2Fv2%2Fcomments&post=2969"}],"wp:attachment":[{"href":"http:\/\/gadoros.hu\/index.php?rest_route=%2Fwp%2Fv2%2Fmedia&parent=2969"}],"wp:term":[{"taxonomy":"post_tag","embeddable":true,"href":"http:\/\/gadoros.hu\/index.php?rest_route=%2Fwp%2Fv2%2Ftags&post=2969"},{"taxonomy":"blog-category","embeddable":true,"href":"http:\/\/gadoros.hu\/index.php?rest_route=%2Fwp%2Fv2%2Fblog-category&post=2969"}],"curies":[{"name":"wp","href":"https:\/\/api.w.org\/{rel}","templated":true}]}}