{"id":2816,"date":"2021-03-16T14:37:34","date_gmt":"2021-03-16T14:37:34","guid":{"rendered":"http:\/\/www.gadoros.hu\/?post_type=blog_post&#038;p=2816"},"modified":"2021-03-16T15:12:21","modified_gmt":"2021-03-16T15:12:21","slug":"2816","status":"publish","type":"blog_post","link":"http:\/\/gadoros.hu\/?blog_post=2816","title":{"rendered":""},"content":{"rendered":"\n<h2 class=\"wp-block-heading\" style=\"text-align:center\"><strong>T\u00e1j\u00e9koztat\u00e1s veszetts\u00e9g elleni v\u00e9dekez\u00e9sr\u0151l<\/strong><\/h2>\n\n\n\n<p>A Nemzeti \u00c9lelmiszerl\u00e1nc-biztons\u00e1gi Hivatal k\u00f6zl\u00e9se alapj\u00e1n t\u00e1j\u00e9koztatom a tisztelt lakoss\u00e1got, hogy a veszetts\u00e9g elleni v\u00e9dekez\u00e9s r\u00e9szletes szab\u00e1lyair\u00f3l sz\u00f3l\u00f3 164\/2008. (XII. 20.) FVM rendelet alapj\u00e1n v\u00e9gzend\u0151, a <strong><u>r\u00f3k\u00e1k<\/u><\/strong> 2021. \u00e9vi tavaszi, <strong><u>veszetts\u00e9g elleni<\/u><\/strong>, orsz\u00e1gos <strong><u>immuniz\u00e1l\u00e1s<\/u><\/strong>i kamp\u00e1ny\u00e1nak<\/p>\n\n\n\n<p style=\"text-align:center\">Els\u0151 napja: 2021. m\u00e1rcius 27.<br>Befejez\u00e9s\u00e9nek hat\u00e1rideje: 2021. \u00e1prilis 10.<\/p>\n\n\n\n<p>A r\u00f3k\u00e1k \u2013 a fent eml\u00edtett rendeletnek megfelel\u0151en v\u00e9gzett \u2013 k\u00f6telez\u0151, 2021. \u00e9vi veszetts\u00e9g elleni or\u00e1lis immuniz\u00e1l\u00e1sa sor\u00e1n haszn\u00e1lt vakcina neve: <strong>Lysvulpen vakcina<\/strong> (gy\u00e1rt\u00f3: Bioveta).<\/p>\n\n\n\n<p>2021. m\u00e1rcius 27. \u00e9s 2021. \u00e1prilis 10. k\u00f6z\u00f6tt az orsz\u00e1g l\u00e9gter\u00e9ben az immuniz\u00e1l\u00e1sra kijel\u00f6lt ter\u00fcleteken, \u2013 mely <strong><u>G\u00e1doros nagyk\u00f6zs\u00e9get 2021. m\u00e1rcius 27. \u00e9s 2021. \u00e1prilis 1. k\u00f6z\u00f6tt \u00e9rinti<\/u><\/strong> \u2013 a vakcina kisz\u00f3r\u00e1si munka \u00fctem\u00e9nek megfelel\u0151en kisrep\u00fcl\u0151g\u00e9pek fognak tart\u00f3zkodni.<\/p>\n\n\n\n<p>G\u00e1doros, 2021. m\u00e1rcius 16. <\/p>\n","protected":false},"excerpt":{"rendered":"<p>T\u00e1j\u00e9koztat\u00e1s veszetts\u00e9g elleni v\u00e9dekez\u00e9sr\u0151l A Nemzeti \u00c9lelmiszerl\u00e1nc-biztons\u00e1gi Hivatal k\u00f6zl\u00e9se alapj\u00e1n t\u00e1j\u00e9koztatom a tisztelt lakoss\u00e1got, hogy a veszetts\u00e9g elleni v\u00e9dekez\u00e9s r\u00e9szletes szab\u00e1lyair\u00f3l sz\u00f3l\u00f3 164\/2008. (XII. 20.) FVM rendelet alapj\u00e1n v\u00e9gzend\u0151, a r\u00f3k\u00e1k 2021. \u00e9vi tavaszi, veszetts\u00e9g elleni, orsz\u00e1gos immuniz\u00e1l\u00e1si kamp\u00e1ny\u00e1nak Els\u0151 napja: 2021. m\u00e1rcius 27.Befejez\u00e9s\u00e9nek hat\u00e1rideje: 2021. \u00e1prilis 10. A r\u00f3k\u00e1k \u2013 a fent eml\u00edtett rendeletnek [&hellip;]<\/p>\n","protected":false},"author":0,"featured_media":0,"comment_status":"closed","ping_status":"closed","template":"","tags":[],"blog-category":[28],"_links":{"self":[{"href":"http:\/\/gadoros.hu\/index.php?rest_route=\/wp\/v2\/blog_post\/2816"}],"collection":[{"href":"http:\/\/gadoros.hu\/index.php?rest_route=\/wp\/v2\/blog_post"}],"about":[{"href":"http:\/\/gadoros.hu\/index.php?rest_route=\/wp\/v2\/types\/blog_post"}],"replies":[{"embeddable":true,"href":"http:\/\/gadoros.hu\/index.php?rest_route=%2Fwp%2Fv2%2Fcomments&post=2816"}],"wp:attachment":[{"href":"http:\/\/gadoros.hu\/index.php?rest_route=%2Fwp%2Fv2%2Fmedia&parent=2816"}],"wp:term":[{"taxonomy":"post_tag","embeddable":true,"href":"http:\/\/gadoros.hu\/index.php?rest_route=%2Fwp%2Fv2%2Ftags&post=2816"},{"taxonomy":"blog-category","embeddable":true,"href":"http:\/\/gadoros.hu\/index.php?rest_route=%2Fwp%2Fv2%2Fblog-category&post=2816"}],"curies":[{"name":"wp","href":"https:\/\/api.w.org\/{rel}","templated":true}]}}