{"id":2808,"date":"2021-03-11T07:08:59","date_gmt":"2021-03-11T07:08:59","guid":{"rendered":"http:\/\/www.gadoros.hu\/?post_type=blog_post&#038;p=2808"},"modified":"2021-03-11T08:27:13","modified_gmt":"2021-03-11T08:27:13","slug":"2808","status":"publish","type":"blog_post","link":"http:\/\/gadoros.hu\/?blog_post=2808","title":{"rendered":""},"content":{"rendered":"\n<p style=\"text-align:center\">G\u00e1doros Nagyk\u00f6zs\u00e9g \u00d6nkorm\u00e1nyzata <br>\u00e9rtes\u00edti a lakoss\u00e1got, hogy <br>a vesz\u00e9lyhelyzetre  tekintettel a<\/p>\n\n\n\n<p style=\"text-align:center\"><strong>2021. m\u00e1rcius 15-i megeml\u00e9kez\u00e9s elmarad, <\/strong><\/p>\n\n\n\n<p style=\"text-align:center\">a Dr. Hidasi parkban a G\u00e1dor Eml\u00e9km\u0171n\u00e9l mindenki \u00f6n\u00e1ll\u00f3an ler\u00f3hatja tisztelet\u00e9t az<br>1848-49-es forradalom \u00e9s szabads\u00e1gharc <br>h\u0151seinek eml\u00e9k\u00e9re.<\/p>\n\n\n\n<p style=\"text-align:right\">\u00d6nkorm\u00e1nyzat<\/p>\n","protected":false},"excerpt":{"rendered":"<p>G\u00e1doros Nagyk\u00f6zs\u00e9g \u00d6nkorm\u00e1nyzata \u00e9rtes\u00edti a lakoss\u00e1got, hogy a vesz\u00e9lyhelyzetre tekintettel a 2021. m\u00e1rcius 15-i megeml\u00e9kez\u00e9s elmarad, a Dr. Hidasi parkban a G\u00e1dor Eml\u00e9km\u0171n\u00e9l mindenki \u00f6n\u00e1ll\u00f3an ler\u00f3hatja tisztelet\u00e9t az1848-49-es forradalom \u00e9s szabads\u00e1gharc h\u0151seinek eml\u00e9k\u00e9re. \u00d6nkorm\u00e1nyzat<\/p>\n","protected":false},"author":0,"featured_media":0,"comment_status":"closed","ping_status":"closed","template":"","tags":[],"blog-category":[28],"_links":{"self":[{"href":"http:\/\/gadoros.hu\/index.php?rest_route=\/wp\/v2\/blog_post\/2808"}],"collection":[{"href":"http:\/\/gadoros.hu\/index.php?rest_route=\/wp\/v2\/blog_post"}],"about":[{"href":"http:\/\/gadoros.hu\/index.php?rest_route=\/wp\/v2\/types\/blog_post"}],"replies":[{"embeddable":true,"href":"http:\/\/gadoros.hu\/index.php?rest_route=%2Fwp%2Fv2%2Fcomments&post=2808"}],"wp:attachment":[{"href":"http:\/\/gadoros.hu\/index.php?rest_route=%2Fwp%2Fv2%2Fmedia&parent=2808"}],"wp:term":[{"taxonomy":"post_tag","embeddable":true,"href":"http:\/\/gadoros.hu\/index.php?rest_route=%2Fwp%2Fv2%2Ftags&post=2808"},{"taxonomy":"blog-category","embeddable":true,"href":"http:\/\/gadoros.hu\/index.php?rest_route=%2Fwp%2Fv2%2Fblog-category&post=2808"}],"curies":[{"name":"wp","href":"https:\/\/api.w.org\/{rel}","templated":true}]}}