{"id":2782,"date":"2021-03-05T11:02:15","date_gmt":"2021-03-05T11:02:15","guid":{"rendered":"http:\/\/www.gadoros.hu\/?post_type=blog_post&#038;p=2782"},"modified":"2021-03-05T11:02:25","modified_gmt":"2021-03-05T11:02:25","slug":"2782","status":"publish","type":"blog_post","link":"http:\/\/gadoros.hu\/?blog_post=2782","title":{"rendered":""},"content":{"rendered":"\n<h2 class=\"wp-block-heading\" style=\"text-align:center\"><strong>Tisztelt G\u00e1dorosiak!<\/strong><\/h2>\n\n\n\n<p style=\"text-align:center\"><strong>Szeretn\u00e9nk t\u00e1j\u00e9koztatni \u00d6n\u00f6ket, hogy a Korm\u00e1ny leg\u00fajabb korl\u00e1toz\u00f3 rendelkez\u00e9sei miatt az elekt\u00edv fog\u00e1szati ell\u00e1t\u00e1s, illetve az id\u0151pontad\u00e1s<\/strong><\/p>\n\n\n\n<h3 style=\"color:red;text-align:center;\"><strong>M\u00c1RC. 08-t\u00f3l M\u00c1RC. 23-ig SZ\u00dcNETEL!<\/strong><\/h3>\n\n\n\n<p style=\"text-align:center\"><strong>Ezen id\u0151szakban csak <span style=\"color:red\">S\u00dcRG\u0150SS\u00c9GI<\/span> ell\u00e1t\u00e1st v\u00e9gz\u00fcnk, szigor\u00faan telefonos egyeztet\u00e9s \u00e9s kik\u00e9rdez\u00e9s ut\u00e1n!<\/strong><br><strong>\u00c9rdekl\u0151dni, akut s\u00fcrg\u0151ss\u00e9gi ell\u00e1t\u00e1sra jelentkezni ezen a telefonsz\u00e1mon lehet:<\/strong><\/p>\n\n\n\n<h3 style=\"color:red;text-align:center;\"><strong>+36-20-976-0542<\/strong><\/h3>\n\n\n\n<p style=\"text-align:center\"><strong>H\u00edv\u00e1st fogadni minden nap 09:00-t\u00f3l 16:00-ig \u00e1ll m\u00f3dunkban.<\/strong><br><strong>A megadott id\u0151szakban l\u00e9v\u0151 id\u0151pontokhoz tartoz\u00f3 kezel\u00e9sek k\u00e9s\u0151bbi id\u0151pontra halaszt\u00f3dnak.<\/strong><\/p>\n\n\n\n<h3 class=\"wp-block-heading\" style=\"text-align:right\"><strong>Meg\u00e9rt\u00e9s\u00fcket\nk\u00f6sz\u00f6nj\u00fck!<\/strong><\/h3>\n","protected":false},"excerpt":{"rendered":"<p>Tisztelt G\u00e1dorosiak! Szeretn\u00e9nk t\u00e1j\u00e9koztatni \u00d6n\u00f6ket, hogy a Korm\u00e1ny leg\u00fajabb korl\u00e1toz\u00f3 rendelkez\u00e9sei miatt az elekt\u00edv fog\u00e1szati ell\u00e1t\u00e1s, illetve az id\u0151pontad\u00e1s M\u00c1RC. 08-t\u00f3l M\u00c1RC. 23-ig SZ\u00dcNETEL! Ezen id\u0151szakban csak S\u00dcRG\u0150SS\u00c9GI ell\u00e1t\u00e1st v\u00e9gz\u00fcnk, szigor\u00faan telefonos egyeztet\u00e9s \u00e9s kik\u00e9rdez\u00e9s ut\u00e1n!\u00c9rdekl\u0151dni, akut s\u00fcrg\u0151ss\u00e9gi ell\u00e1t\u00e1sra jelentkezni ezen a telefonsz\u00e1mon lehet: +36-20-976-0542 H\u00edv\u00e1st fogadni minden nap 09:00-t\u00f3l 16:00-ig \u00e1ll m\u00f3dunkban.A megadott id\u0151szakban [&hellip;]<\/p>\n","protected":false},"author":3,"featured_media":0,"comment_status":"closed","ping_status":"closed","template":"","tags":[],"blog-category":[28],"_links":{"self":[{"href":"http:\/\/gadoros.hu\/index.php?rest_route=\/wp\/v2\/blog_post\/2782"}],"collection":[{"href":"http:\/\/gadoros.hu\/index.php?rest_route=\/wp\/v2\/blog_post"}],"about":[{"href":"http:\/\/gadoros.hu\/index.php?rest_route=\/wp\/v2\/types\/blog_post"}],"author":[{"embeddable":true,"href":"http:\/\/gadoros.hu\/index.php?rest_route=\/wp\/v2\/users\/3"}],"replies":[{"embeddable":true,"href":"http:\/\/gadoros.hu\/index.php?rest_route=%2Fwp%2Fv2%2Fcomments&post=2782"}],"wp:attachment":[{"href":"http:\/\/gadoros.hu\/index.php?rest_route=%2Fwp%2Fv2%2Fmedia&parent=2782"}],"wp:term":[{"taxonomy":"post_tag","embeddable":true,"href":"http:\/\/gadoros.hu\/index.php?rest_route=%2Fwp%2Fv2%2Ftags&post=2782"},{"taxonomy":"blog-category","embeddable":true,"href":"http:\/\/gadoros.hu\/index.php?rest_route=%2Fwp%2Fv2%2Fblog-category&post=2782"}],"curies":[{"name":"wp","href":"https:\/\/api.w.org\/{rel}","templated":true}]}}