{"id":2653,"date":"2020-11-24T14:18:39","date_gmt":"2020-11-24T14:18:39","guid":{"rendered":"http:\/\/www.gadoros.hu\/?post_type=blog_post&#038;p=2653"},"modified":"2020-11-24T14:18:48","modified_gmt":"2020-11-24T14:18:48","slug":"2653","status":"publish","type":"blog_post","link":"http:\/\/gadoros.hu\/?blog_post=2653","title":{"rendered":""},"content":{"rendered":"\n<p style=\"text-align:center\">Tisztelt\nLakoss\u00e1g!<\/p>\n\n\n\n<p style=\"text-align:center\">G\u00e1doros Nagyk\u00f6zs\u00e9g \u00d6nkorm\u00e1nyzata kar\u00e1csonyi, <strong>\u00e9l\u0151 csirke<\/strong> adom\u00e1nyoszt\u00e1st szervez.<br>Ig\u00e9nyl\u00e9s leadhat\u00f3: <strong>2020. november 30. (h\u00e9tf\u0151) 12.00 \u00f3ra<\/strong><\/p>\n\n\n\n<p style=\"text-align:center\"><strong>H\u00e1ztart\u00e1sonk\u00e9nt\nmaximum 5 darab csirke ig\u00e9nyelhet\u0151.<\/strong><\/p>\n\n\n\n<p style=\"text-align:center\">Elvitel\n\u00f6n\u00e1ll\u00f3an t\u00f6rt\u00e9nik a sz\u00e1ll\u00edt\u00e1s napj\u00e1n.<\/p>\n\n\n\n<p style=\"text-align:center\"><strong>\u00c9rdekl\u0151dni\n\u00e9s az ig\u00e9nyeket leadni:<\/strong><strong> <\/strong>a<strong> 06 68\/490-001 <\/strong>telefonsz\u00e1mon\nlehet. Tov\u00e1bbi r\u00e9szletes t\u00e1j\u00e9koztat\u00f3 G\u00e1doros Nagyk\u00f6zs\u00e9g hivatalos honlapj\u00e1n\nker\u00fcl k\u00f6zz\u00e9t\u00e9telre.<\/p>\n\n\n\n<p style=\"text-align:center\">\u00d6nkorm\u00e1nyzat<\/p>\n","protected":false},"excerpt":{"rendered":"<p>Tisztelt Lakoss\u00e1g! G\u00e1doros Nagyk\u00f6zs\u00e9g \u00d6nkorm\u00e1nyzata kar\u00e1csonyi, \u00e9l\u0151 csirke adom\u00e1nyoszt\u00e1st szervez.Ig\u00e9nyl\u00e9s leadhat\u00f3: 2020. november 30. (h\u00e9tf\u0151) 12.00 \u00f3ra H\u00e1ztart\u00e1sonk\u00e9nt maximum 5 darab csirke ig\u00e9nyelhet\u0151. Elvitel \u00f6n\u00e1ll\u00f3an t\u00f6rt\u00e9nik a sz\u00e1ll\u00edt\u00e1s napj\u00e1n. \u00c9rdekl\u0151dni \u00e9s az ig\u00e9nyeket leadni: a 06 68\/490-001 telefonsz\u00e1mon lehet. Tov\u00e1bbi r\u00e9szletes t\u00e1j\u00e9koztat\u00f3 G\u00e1doros Nagyk\u00f6zs\u00e9g hivatalos honlapj\u00e1n ker\u00fcl k\u00f6zz\u00e9t\u00e9telre. \u00d6nkorm\u00e1nyzat<\/p>\n","protected":false},"author":1,"featured_media":0,"comment_status":"closed","ping_status":"closed","template":"","tags":[],"blog-category":[28],"_links":{"self":[{"href":"http:\/\/gadoros.hu\/index.php?rest_route=\/wp\/v2\/blog_post\/2653"}],"collection":[{"href":"http:\/\/gadoros.hu\/index.php?rest_route=\/wp\/v2\/blog_post"}],"about":[{"href":"http:\/\/gadoros.hu\/index.php?rest_route=\/wp\/v2\/types\/blog_post"}],"author":[{"embeddable":true,"href":"http:\/\/gadoros.hu\/index.php?rest_route=\/wp\/v2\/users\/1"}],"replies":[{"embeddable":true,"href":"http:\/\/gadoros.hu\/index.php?rest_route=%2Fwp%2Fv2%2Fcomments&post=2653"}],"wp:attachment":[{"href":"http:\/\/gadoros.hu\/index.php?rest_route=%2Fwp%2Fv2%2Fmedia&parent=2653"}],"wp:term":[{"taxonomy":"post_tag","embeddable":true,"href":"http:\/\/gadoros.hu\/index.php?rest_route=%2Fwp%2Fv2%2Ftags&post=2653"},{"taxonomy":"blog-category","embeddable":true,"href":"http:\/\/gadoros.hu\/index.php?rest_route=%2Fwp%2Fv2%2Fblog-category&post=2653"}],"curies":[{"name":"wp","href":"https:\/\/api.w.org\/{rel}","templated":true}]}}