{"id":2626,"date":"2020-11-12T11:58:35","date_gmt":"2020-11-12T11:58:35","guid":{"rendered":"http:\/\/www.gadoros.hu\/?post_type=blog_post&#038;p=2626"},"modified":"2020-11-12T12:30:37","modified_gmt":"2020-11-12T12:30:37","slug":"2626","status":"publish","type":"blog_post","link":"http:\/\/gadoros.hu\/?blog_post=2626","title":{"rendered":""},"content":{"rendered":"\n<p style=\"text-align:center\"><strong>T\u00e1j\u00e9koztat\u00f3!<\/strong><\/p>\n\n\n\n<p style=\"text-align:center\"><strong>T\u00e1j\u00e9koztatjuk Tisztelt \u00dcgyfeleinket,\nhogy a Polg\u00e1rmesteri Hivatalban a koronav\u00edrus j\u00e1rv\u00e1nnyal \u00f6sszef\u00fcgg\u00e9sben\nj\u00e1rv\u00e1ny\u00fcgyi megfontol\u00e1sok miatt, megel\u0151z\u0151 int\u00e9zked\u00e9sk\u00e9nt a szem\u00e9lyes\n\u00fcgyf\u00e9lfogad\u00e1st 2020. november 16. napj\u00e1t\u00f3l visszavon\u00e1sig korl\u00e1tozzuk.<\/strong><\/p>\n\n\n\n<p style=\"text-align:center\"><strong>K\u00e9rj\u00fck \u00dcgyfeleinket, t\u00f6rekedjenek arra, hogy \u00fcgyeiket els\u0151sorban telefonon, postai \u00faton vagy elektronikus form\u00e1ban az al\u00e1bbi el\u00e9rhet\u0151s\u00e9geken int\u00e9zz\u00e9k!<\/strong><\/p>\n\n\n\n<p style=\"text-align:center\"><strong>Telefon: 06-68-490-001\u00a0\u00e9s\u00a006-68-490-331<\/strong><br><strong>Honlap : <\/strong><a href=\"http:\/\/gadoros.hu\"><strong>www.gadoros.hu<\/strong><\/a><br><strong>Elektronikus \u00faton: <\/strong><a href=\"mailto:gadoros@gadoros.hu\"><strong>gadoros@gadoros.hu<\/strong><\/a><br><strong>\u00dcgyf\u00e9lkapu:\u00a0E-\u00f6nkorm\u00e1nyzati port\u00e1lon<\/strong><\/p>\n\n\n\n<p style=\"text-align:center\"><strong>Meg\u00e9rt\u00e9s\u00fcket k\u00f6sz\u00f6nj\u00fck! <\/strong><br><strong>Vigy\u00e1zzunk Egym\u00e1sra!<\/strong><\/p>\n\n\n\n<p style=\"text-align:center\"><strong>Dr. Szil\u00e1gyi Tibor sk.&nbsp;<\/strong> <br><strong>polg\u00e1rmester<\/strong><br><br><strong>K\u0151szegi Erzs\u00e9bet M\u00e1ria sk.<\/strong><br><strong>jegyz\u0151<\/strong><\/p>\n","protected":false},"excerpt":{"rendered":"<p>T\u00e1j\u00e9koztat\u00f3! T\u00e1j\u00e9koztatjuk Tisztelt \u00dcgyfeleinket, hogy a Polg\u00e1rmesteri Hivatalban a koronav\u00edrus j\u00e1rv\u00e1nnyal \u00f6sszef\u00fcgg\u00e9sben j\u00e1rv\u00e1ny\u00fcgyi megfontol\u00e1sok miatt, megel\u0151z\u0151 int\u00e9zked\u00e9sk\u00e9nt a szem\u00e9lyes \u00fcgyf\u00e9lfogad\u00e1st 2020. november 16. napj\u00e1t\u00f3l visszavon\u00e1sig korl\u00e1tozzuk. K\u00e9rj\u00fck \u00dcgyfeleinket, t\u00f6rekedjenek arra, hogy \u00fcgyeiket els\u0151sorban telefonon, postai \u00faton vagy elektronikus form\u00e1ban az al\u00e1bbi el\u00e9rhet\u0151s\u00e9geken int\u00e9zz\u00e9k! Telefon: 06-68-490-001\u00a0\u00e9s\u00a006-68-490-331Honlap : www.gadoros.huElektronikus \u00faton: gadoros@gadoros.hu\u00dcgyf\u00e9lkapu:\u00a0E-\u00f6nkorm\u00e1nyzati port\u00e1lon Meg\u00e9rt\u00e9s\u00fcket k\u00f6sz\u00f6nj\u00fck! Vigy\u00e1zzunk Egym\u00e1sra! Dr. [&hellip;]<\/p>\n","protected":false},"author":0,"featured_media":0,"comment_status":"closed","ping_status":"closed","template":"","tags":[],"blog-category":[28],"_links":{"self":[{"href":"http:\/\/gadoros.hu\/index.php?rest_route=\/wp\/v2\/blog_post\/2626"}],"collection":[{"href":"http:\/\/gadoros.hu\/index.php?rest_route=\/wp\/v2\/blog_post"}],"about":[{"href":"http:\/\/gadoros.hu\/index.php?rest_route=\/wp\/v2\/types\/blog_post"}],"replies":[{"embeddable":true,"href":"http:\/\/gadoros.hu\/index.php?rest_route=%2Fwp%2Fv2%2Fcomments&post=2626"}],"wp:attachment":[{"href":"http:\/\/gadoros.hu\/index.php?rest_route=%2Fwp%2Fv2%2Fmedia&parent=2626"}],"wp:term":[{"taxonomy":"post_tag","embeddable":true,"href":"http:\/\/gadoros.hu\/index.php?rest_route=%2Fwp%2Fv2%2Ftags&post=2626"},{"taxonomy":"blog-category","embeddable":true,"href":"http:\/\/gadoros.hu\/index.php?rest_route=%2Fwp%2Fv2%2Fblog-category&post=2626"}],"curies":[{"name":"wp","href":"https:\/\/api.w.org\/{rel}","templated":true}]}}