{"id":2585,"date":"2020-10-28T07:39:45","date_gmt":"2020-10-28T07:39:45","guid":{"rendered":"http:\/\/www.gadoros.hu\/?post_type=blog_post&#038;p=2585"},"modified":"2020-10-28T07:39:51","modified_gmt":"2020-10-28T07:39:51","slug":"2585","status":"publish","type":"blog_post","link":"http:\/\/gadoros.hu\/?blog_post=2585","title":{"rendered":""},"content":{"rendered":"\n<p><strong>G\u00e1doros Nagyk\u00f6zs\u00e9g \u00d6nkorm\u00e1nyzata<\/strong><br><strong>K\u00e9pvisel\u0151-test\u00fclet\u00e9nek<\/strong><br><strong>Szoci\u00e1lis, Kultur\u00e1lis, Eg\u00e9szs\u00e9g\u00fcgyi \u00e9s<\/strong><br><strong>Sport Bizotts\u00e1ga<\/strong><br><strong>5932 G\u00e1doros, Kossuth u. 16.<\/strong><\/p>\n\n\n\n<p style=\"text-align:center\"><strong>M E G H \u00cd V \u00d3<\/strong><\/p>\n\n\n\n<p style=\"text-align:center\">A Szoci\u00e1lis, Kultur\u00e1lis, Eg\u00e9szs\u00e9g\u00fcgyi \u00e9s Sport Bizotts\u00e1g\n\u00fcl\u00e9s\u00e9t<\/p>\n\n\n\n<p style=\"text-align:center\"><strong>2020. okt\u00f3ber 29-\u00e9n (cs\u00fct\u00f6rt\u00f6k) 15:00\n\u00f3r\u00e1t\u00f3l tartja<\/strong><\/p>\n\n\n\n<p style=\"text-align:center\">a K\u00f6zs\u00e9gh\u00e1za tan\u00e1cskoz\u00f3 term\u00e9ben,<br>mely \u00fcl\u00e9sre tisztelettel megh\u00edvom.<\/p>\n\n\n\n<!--more-->\n\n\n\n<p><strong>Nyilv\u00e1nos \u00fcl\u00e9s\nkeret\u00e9ben:<\/strong><\/p>\n\n\n\n<ol><li>G\u00e1doros Nagyk\u00f6zs\u00e9g \u00d6nkorm\u00e1nyzata K\u00e9pvisel\u0151-test\u00fclet\u00e9nek Justh Zsigmond M\u0171vel\u0151d\u00e9si H\u00e1za \u00e9s K\u00f6nyvt\u00e1ra alap\u00edt\u00f3 okirat\u00e1nak m\u00f3dos\u00edt\u00e1sa<\/li><li>\u201eIlleg\u00e1lis hullad\u00e9klerak\u00f3k felsz\u00e1mol\u00e1sa \u2013 2020.\u201d p\u00e1ly\u00e1zat<\/li><li>Gondoz\u00e1si K\u00f6zpont ell\u00e1totti l\u00e9tsz\u00e1mb\u0151v\u00edt\u00e9si \u00fcgye<\/li><li>Hum\u00e1n Szolg\u00e1ltat\u00f3 K\u00f6zpont h\u00e1zi seg\u00edts\u00e9gny\u00fajt\u00e1s alapszolg\u00e1ltat\u00e1s biztos\u00edt\u00e1sa t\u00e1rgy\u00e1ban<\/li><li>Bejelent\u00e9sek, egyebek &#8211; 1) A Kisboldogasszony Katolikus \u00c1ltal\u00e1nos Iskola 2021\/2022. tan\u00e9vre vonatkoz\u00f3 felv\u00e9teli k\u00f6rzet\u00e9nek meg\u00e1llap\u00edt\u00e1s\u00e1hoz v\u00e9lem\u00e9nyez\u00e9s &#8211; 2.) Kegyeleti k\u00f6zszolg\u00e1ltat\u00e1si szerz\u0151d\u00e9s j\u00f3v\u00e1hagy\u00e1sa (helyben osztott anyag)<\/li><\/ol>\n\n\n\n<p><strong>A napirendi pontokhoz megh\u00edvva:<\/strong><br>Fekete Tiborn\u00e9 eln\u00f6k, Herbszt Gergely, J\u00e1vorcsik J\u00e1nos D\u00e1vid, Kosztol\u00e1n\u00e9 Szab\u00f3 Ildik\u00f3 \u00e9s Krivikn\u00e9 Zahorecz Anita bizotts\u00e1gi tagok, Dr. Szil\u00e1gyi Tibor polg\u00e1rmester, Varga Bal\u00e1zs alpolg\u00e1rmester, Rib\u00e1rszki Istv\u00e1n J\u00e1nos, Simond\u00e1n Vilmos telep\u00fcl\u00e9si k\u00e9pvisel\u0151k, K\u0151szegi Erzs\u00e9bet M\u00e1ria jegyz\u0151<\/p>\n\n\n\n<p>1. napirendi ponthoz megh\u00edvva: Sebesty\u00e9n L\u00e1szl\u00f3n\u00e9 Justh Zsigmond\nM\u0171vel\u0151d\u00e9si H\u00e1z \u00e9s K\u00f6nyvt\u00e1r Int\u00e9zm\u00e9nyvezet\u0151<\/p>\n\n\n\n<p>3. napirendi ponthoz megh\u00edvva:\nKrivikn\u00e9 Zahorecz Anita Gondoz\u00e1si K\u00f6zpont Int\u00e9zm\u00e9nyvezet\u0151<\/p>\n\n\n\n<p>G\u00e1doros, 2020. okt\u00f3ber 27.<\/p>\n\n\n\n<p style=\"text-align:right\">Fekete Tiborn\u00e9 s. k.<br>Bizotts\u00e1g Eln\u00f6ke<\/p>\n","protected":false},"excerpt":{"rendered":"<p>G\u00e1doros Nagyk\u00f6zs\u00e9g \u00d6nkorm\u00e1nyzataK\u00e9pvisel\u0151-test\u00fclet\u00e9nekSzoci\u00e1lis, Kultur\u00e1lis, Eg\u00e9szs\u00e9g\u00fcgyi \u00e9sSport Bizotts\u00e1ga5932 G\u00e1doros, Kossuth u. 16. M E G H \u00cd V \u00d3 A Szoci\u00e1lis, Kultur\u00e1lis, Eg\u00e9szs\u00e9g\u00fcgyi \u00e9s Sport Bizotts\u00e1g \u00fcl\u00e9s\u00e9t 2020. okt\u00f3ber 29-\u00e9n (cs\u00fct\u00f6rt\u00f6k) 15:00 \u00f3r\u00e1t\u00f3l tartja a K\u00f6zs\u00e9gh\u00e1za tan\u00e1cskoz\u00f3 term\u00e9ben,mely \u00fcl\u00e9sre tisztelettel megh\u00edvom.<\/p>\n","protected":false},"author":1,"featured_media":0,"comment_status":"closed","ping_status":"closed","template":"","tags":[],"blog-category":[28],"_links":{"self":[{"href":"http:\/\/gadoros.hu\/index.php?rest_route=\/wp\/v2\/blog_post\/2585"}],"collection":[{"href":"http:\/\/gadoros.hu\/index.php?rest_route=\/wp\/v2\/blog_post"}],"about":[{"href":"http:\/\/gadoros.hu\/index.php?rest_route=\/wp\/v2\/types\/blog_post"}],"author":[{"embeddable":true,"href":"http:\/\/gadoros.hu\/index.php?rest_route=\/wp\/v2\/users\/1"}],"replies":[{"embeddable":true,"href":"http:\/\/gadoros.hu\/index.php?rest_route=%2Fwp%2Fv2%2Fcomments&post=2585"}],"wp:attachment":[{"href":"http:\/\/gadoros.hu\/index.php?rest_route=%2Fwp%2Fv2%2Fmedia&parent=2585"}],"wp:term":[{"taxonomy":"post_tag","embeddable":true,"href":"http:\/\/gadoros.hu\/index.php?rest_route=%2Fwp%2Fv2%2Ftags&post=2585"},{"taxonomy":"blog-category","embeddable":true,"href":"http:\/\/gadoros.hu\/index.php?rest_route=%2Fwp%2Fv2%2Fblog-category&post=2585"}],"curies":[{"name":"wp","href":"https:\/\/api.w.org\/{rel}","templated":true}]}}