{"id":2543,"date":"2020-09-25T12:23:45","date_gmt":"2020-09-25T12:23:45","guid":{"rendered":"http:\/\/www.gadoros.hu\/?post_type=blog_post&#038;p=2543"},"modified":"2020-09-25T12:23:55","modified_gmt":"2020-09-25T12:23:55","slug":"2543","status":"publish","type":"blog_post","link":"http:\/\/gadoros.hu\/?blog_post=2543","title":{"rendered":""},"content":{"rendered":"\n<h2 class=\"wp-block-heading\" style=\"text-align:center\"><strong>Ebz\u00e1rlat \u00e9s legeltet\u00e9si tilalom<\/strong><\/h2>\n\n\n\n<p>T\u00e1j\u00e9koztatom G\u00e1doros nagyk\u00f6zs\u00e9g lakoss\u00e1g\u00e1t, hogy <strong>a B\u00e9k\u00e9s Megyei Korm\u00e1nyhivatal \u00c9lelmiszerl\u00e1nc-biztons\u00e1gi \u00e9s \u00c1llateg\u00e9szs\u00e9g\u00fcgyi F\u0151oszt\u00e1lya<\/strong> a r\u00f3k\u00e1k veszetts\u00e9g\u00e9nek megel\u0151z\u00e9s\u00e9nek \u00e9rdek\u00e9ben kihelyezett csal\u00e9tek-vakcina ok\u00e1n \u00e1llateg\u00e9szs\u00e9g\u00fcgyi int\u00e9zked\u00e9sk\u00e9nt<\/p>\n\n\n\n<p style=\"text-align:center\"><strong>B\u00e9k\u00e9s megye teljes ter\u00fclet\u00e9re vonatkoz\u00f3an<\/strong><br><strong>2020. okt\u00f3ber 3-t\u00f3l 2020. okt\u00f3ber 23-ig<\/strong><br><strong>ebz\u00e1rlatot \u00e9s legeltet\u00e9si tilalmat rendelt el.<\/strong><\/p>\n\n\n\n<!--more-->\n\n\n\n<p><strong><u>Az \u00e1llat-j\u00e1rv\u00e1ny\u00fcgyi\nint\u00e9zked\u00e9s hat\u00e1lya alatt:<\/u><\/strong><\/p>\n\n\n\n<ol><li>Tart\u00e1si hely\u00e9n minden kuty\u00e1t elz\u00e1rva, illet\u0151leg megk\u00f6tve kell tartani \u00fagy, hogy a kihelyezett csal\u00e9tek-vakcin\u00e1val ne \u00e9rintkezhessen. Z\u00e1rt udvarban a kuty\u00e1k elz\u00e1r\u00e1s\u00e1t \u00e9s megk\u00f6t\u00e9s\u00e9t mell\u0151zni lehet, ha azok onnan ki nem sz\u00f6khetnek.<\/li><li>A telep\u00fcl\u00e9s ter\u00fclet\u00e9r\u0151l kuty\u00e1t kiz\u00e1r\u00f3lag \u00e9rv\u00e9nyes veszetts\u00e9g elleni v\u00e9d\u0151olt\u00e1s megl\u00e9te eset\u00e9n, csak a hat\u00f3s\u00e1gi \u00e1llatorvos kedvez\u0151 eredm\u00e9ny\u0171 vizsg\u00e1lata ut\u00e1n \u00e9s enged\u00e9ly\u00e9vel szabad kivinni.<\/li><li>Kuty\u00e1t tart\u00e1si hely\u00e9r\u0151l csak p\u00f3r\u00e1zon vezetve \u00e9s sz\u00e1jkos\u00e1rral szabad kivinni.<\/li><li>Az \u00e9rv\u00e9nyes veszetts\u00e9g elleni v\u00e9d\u0151olt\u00e1ssal rendelkez\u0151 vad\u00e1szebek, a fegyveres er\u0151k \u00e9s fegyveres test\u00fcletek ebei, a katasztr\u00f3fa-ment\u0151 ebek, a seg\u00edt\u0151 \u00e9s ter\u00e1pi\u00e1s ebek, valamint a l\u00e1t\u00e1ss\u00e9r\u00fclt embereket vezet\u0151 ebek rendeltet\u00e9si c\u00e9ljuknak megfelel\u0151 haszn\u00e1latuk idej\u00e9re mentesek a korl\u00e1toz\u00e1s al\u00f3l.<\/li><li>Az ebz\u00e1rlat alatt h\u00fasev\u0151 \u00e1llatok \u00f6sszevezet\u00e9s\u00e9vel j\u00e1r\u00f3 rendezv\u00e9ny nem tarthat\u00f3.<\/li><li>A telep\u00fcl\u00e9si \u00f6nkorm\u00e1nyzat k\u00f6teles a szabadon tal\u00e1lt, k\u00f3bor ebek befog\u00e1sa ir\u00e1nt int\u00e9zkedni. Az ebz\u00e1rlat ideje alatt befogott k\u00f3bor h\u00fasev\u0151ket hat\u00f3s\u00e1gi megfigyel\u00e9s al\u00e1 kell helyezni.<\/li><li>A jelzett id\u0151szakban a legeltet\u00e9s tilos.<\/li><li><\/li><\/ol>\n\n\n\n<p>Amennyiben az alkalmazott csal\u00e9tek-vakcina b\u0151rre, sebbe, szembe, orrba, sz\u00e1jba, ny\u00e1lkah\u00e1rty\u00e1ra ker\u00fcl, halad\u00e9ktalanul orvoshoz kell fordulni \u00e9s \u00e9rtes\u00edteni kell a n\u00e9peg\u00e9szs\u00e9g\u00fcgyi hat\u00e1sk\u00f6rben elj\u00e1r\u00f3 j\u00e1r\u00e1si hivatalt.<\/p>\n\n\n\n<p>G\u00e1doros, 2020. szeptember 25. <\/p>\n","protected":false},"excerpt":{"rendered":"<p>Ebz\u00e1rlat \u00e9s legeltet\u00e9si tilalom T\u00e1j\u00e9koztatom G\u00e1doros nagyk\u00f6zs\u00e9g lakoss\u00e1g\u00e1t, hogy a B\u00e9k\u00e9s Megyei Korm\u00e1nyhivatal \u00c9lelmiszerl\u00e1nc-biztons\u00e1gi \u00e9s \u00c1llateg\u00e9szs\u00e9g\u00fcgyi F\u0151oszt\u00e1lya a r\u00f3k\u00e1k veszetts\u00e9g\u00e9nek megel\u0151z\u00e9s\u00e9nek \u00e9rdek\u00e9ben kihelyezett csal\u00e9tek-vakcina ok\u00e1n \u00e1llateg\u00e9szs\u00e9g\u00fcgyi int\u00e9zked\u00e9sk\u00e9nt B\u00e9k\u00e9s megye teljes ter\u00fclet\u00e9re vonatkoz\u00f3an2020. okt\u00f3ber 3-t\u00f3l 2020. okt\u00f3ber 23-igebz\u00e1rlatot \u00e9s legeltet\u00e9si tilalmat rendelt el.<\/p>\n","protected":false},"author":3,"featured_media":0,"comment_status":"closed","ping_status":"closed","template":"","tags":[],"blog-category":[28],"_links":{"self":[{"href":"http:\/\/gadoros.hu\/index.php?rest_route=\/wp\/v2\/blog_post\/2543"}],"collection":[{"href":"http:\/\/gadoros.hu\/index.php?rest_route=\/wp\/v2\/blog_post"}],"about":[{"href":"http:\/\/gadoros.hu\/index.php?rest_route=\/wp\/v2\/types\/blog_post"}],"author":[{"embeddable":true,"href":"http:\/\/gadoros.hu\/index.php?rest_route=\/wp\/v2\/users\/3"}],"replies":[{"embeddable":true,"href":"http:\/\/gadoros.hu\/index.php?rest_route=%2Fwp%2Fv2%2Fcomments&post=2543"}],"wp:attachment":[{"href":"http:\/\/gadoros.hu\/index.php?rest_route=%2Fwp%2Fv2%2Fmedia&parent=2543"}],"wp:term":[{"taxonomy":"post_tag","embeddable":true,"href":"http:\/\/gadoros.hu\/index.php?rest_route=%2Fwp%2Fv2%2Ftags&post=2543"},{"taxonomy":"blog-category","embeddable":true,"href":"http:\/\/gadoros.hu\/index.php?rest_route=%2Fwp%2Fv2%2Fblog-category&post=2543"}],"curies":[{"name":"wp","href":"https:\/\/api.w.org\/{rel}","templated":true}]}}