{"id":2496,"date":"2020-09-07T07:20:49","date_gmt":"2020-09-07T07:20:49","guid":{"rendered":"http:\/\/www.gadoros.hu\/?post_type=blog_post&#038;p=2496"},"modified":"2020-09-07T07:59:55","modified_gmt":"2020-09-07T07:59:55","slug":"2496","status":"publish","type":"blog_post","link":"http:\/\/gadoros.hu\/?blog_post=2496","title":{"rendered":""},"content":{"rendered":"\n<p><strong>G\u00e1doros Nagyk\u00f6zs\u00e9g Polg\u00e1rmestere<\/strong><br><strong>5932 G\u00e1doros, Kossuth u. 16.<\/strong><br>Telefon: 68\/490-001<\/p>\n\n\n\n<p style=\"text-align:center\"><strong>M E G H \u00cd V \u00d3<\/strong><\/p>\n\n\n\n<p style=\"text-align:center\">G\u00e1doros Nagyk\u00f6zs\u00e9gi \u00d6nkorm\u00e1nyzat <br>K\u00e9pvisel\u0151-test\u00fclete rendes \u00fcl\u00e9s\u00e9t<\/p>\n\n\n\n<p style=\"text-align:center\"><strong>2020. szeptember 8-\u00e1n (kedd)\n18:00 \u00f3rai<\/strong><\/p>\n\n\n\n<p style=\"text-align:center\">kezdettel tartja a K\u00f6zs\u00e9gh\u00e1za tan\u00e1cskoz\u00f3 term\u00e9ben, melyre tisztelettel<br><strong>megh\u00edvom.<\/strong><\/p>\n\n\n\n<!--more-->\n\n\n\n<p><strong>Nyilv\u00e1nos \u00fcl\u00e9s keret\u00e9ben:<\/strong><\/p>\n\n\n\n<ol><li>Jelent\u00e9s a hat\u00e1rozatok v\u00e9grehajt\u00e1s\u00e1r\u00f3l &#8211; El\u0151ad\u00f3: Dr. Szil\u00e1gyi Tibor polg\u00e1rmester<\/li><li>T\u00e1j\u00e9koztat\u00f3 az \u00f3voda munk\u00e1j\u00e1r\u00f3l &#8211; El\u0151ad\u00f3<strong>:<\/strong> Dr. Szil\u00e1gyi Tibor polg\u00e1rmester<\/li><li>K\u00f6ztemet\u0151 \u00fczemeltet\u00e9s\u00e9re ki\u00edrt p\u00e1ly\u00e1zatok elb\u00edr\u00e1l\u00e1sa &#8211; El\u0151ad\u00f3: Dr. Szil\u00e1gyi Tibor polg\u00e1rmester <\/li><li>Csatlakoz\u00e1s a Bursa Hungarica Fels\u0151oktat\u00e1si \u00d6nkorm\u00e1nyzati \u00d6szt\u00f6nd\u00edjp\u00e1ly\u00e1zat 2021. \u00e9vi fordul\u00f3j\u00e1hoz &#8211; El\u0151ad\u00f3: Dr. Szil\u00e1gyi Tibor polg\u00e1rmester <\/li><li>Besz\u00e1mol\u00f3 a 2020. \u00e9vi ny\u00e1ri gyermekfel\u00fcgyelet biztos\u00edt\u00e1sa t\u00e1rgy\u00e1ban &#8211; El\u0151ad\u00f3: Dr. Szil\u00e1gyi Tibor polg\u00e1rmester <\/li><li>Negyed\u00e9ves besz\u00e1mol\u00f3 az ingyenes v\u00e9rv\u00e9teli szolg\u00e1ltat\u00e1sr\u00f3l &#8211; El\u0151ad\u00f3: Dr. Szil\u00e1gyi Tibor polg\u00e1rmester <\/li><li>Telep\u00fcl\u00e9si \u00c9rt\u00e9kt\u00e1r Bizotts\u00e1g besz\u00e1mol\u00f3ja &#8211; El\u0151ad\u00f3: Dr. Szil\u00e1gyi Tibor polg\u00e1rmester <\/li><li>Sportegyes\u00fcletek gazd\u00e1lkod\u00e1s\u00e1r\u00f3l t\u00e1j\u00e9koztat\u00f3 &#8211; El\u0151ad\u00f3: Sportegyes\u00fcletek eln\u00f6kei <\/li><li>Falunapi rendezv\u00e9ny megbesz\u00e9l\u00e9se (sz\u00f3beli) &#8211; El\u0151ad\u00f3: Dr. Szil\u00e1gyi Tibor polg\u00e1rmester <\/li><li>Bejelent\u00e9sek, egyebek &#8211; 1) Szolg\u00e1lati lak\u00e1s ig\u00e9nyl\u00e9se &#8211; El\u0151ad\u00f3: Dr. Szil\u00e1gyi Tibor polg\u00e1rmester &#8211; 2) A TOP-3.2.1-15-BS1-2016-00030 azonos\u00edt\u00f3sz\u00e1m\u00fa \u201eG\u00e1doros Polg\u00e1rmesteri Hivatal \u00e9p\u00fclet\u00e9nek energetikai fel\u00faj\u00edt\u00e1sa\u201d c\u00edm\u0171 p\u00e1ly\u00e1zat kivitelez\u00e9si munk\u00e1latai t\u00e1rgy\u00e1ban (helyben osztott anyag) &#8211; El\u0151ad\u00f3: Dr. Szil\u00e1gyi Tibor polg\u00e1rmester &#8211; 3) Gondoz\u00e1si K\u00f6zpont feladatell\u00e1t\u00e1s\u00e1val kapcsolatos \u00fcgye &#8211; El\u0151ad\u00f3: Dr. Szil\u00e1gyi Tibor polg\u00e1rmester<\/li><\/ol>\n\n\n\n<p><strong>Z\u00e1rt \u00fcl\u00e9s\nkeret\u00e9ben:<\/strong><\/p>\n\n\n\n<ol><li>\u201eVir\u00e1gos, rendezett porta\u201d d\u00edjakra javaslat &#8211; El\u0151ad\u00f3: Dr. Szil\u00e1gyi Tibor polg\u00e1rmester <\/li><li>\u201eG\u00e1doros Nagyk\u00f6zs\u00e9g\u00e9rt\u201d c\u00edmre javaslat &#8211; <\/li><li>El\u0151ad\u00f3: Dr. Szil\u00e1gyi Tibor polg\u00e1rmester<\/li><\/ol>\n\n\n\n<p><strong>Valamennyi napirendi ponthoz megh\u00edvottak:<\/strong><br>Dr. Szil\u00e1gyi Tibor polg\u00e1rmester, Varga Bal\u00e1zs alpolg\u00e1rmester, Fekete Tiborn\u00e9, Herbszt Gergely, J\u00e1vorcsik J\u00e1nos D\u00e1vid, Rib\u00e1rszki Istv\u00e1n J\u00e1nos \u00e9s Simond\u00e1n Vilmos telep\u00fcl\u00e9si k\u00e9pvisel\u0151k.<\/p>\n\n\n\n<p>B\u00e9k\u00e9s Megyei Korm\u00e1nyhivatal,\nKorm\u00e1nymegb\u00edzott<\/p>\n\n\n\n<p>K\u0151szegi Erzs\u00e9bet M\u00e1ria jegyz\u0151<br>T\u00f3th Tibor igazgat\u00e1si csoportvezet\u0151<br>Libor Zsoltn\u00e9 p\u00e9nz\u00fcgyi csoportvezet\u0151<\/p>\n\n\n\n<p>Prozlik M\u00e1rta Napk\u00f6zi Otthonos \u00d3voda int\u00e9zm\u00e9nyvezet\u0151<br>Sebesty\u00e9n L\u00e1szl\u00f3n\u00e9 Justh Zsigmond M\u0171vel\u0151d\u00e9si H\u00e1z \u00e9s K\u00f6nyvt\u00e1r int\u00e9zm\u00e9nyvezet\u0151<br>Krivikn\u00e9 Zahorecz Anita Gondoz\u00e1si K\u00f6zpont int\u00e9zm\u00e9nyvezet\u0151<br>T\u00f3th M\u00e1ria Prog\u00e1dor Kft. \u00fcgyvezet\u0151   <\/p>\n\n\n\n<p>T\u00f3th Antal Roma Nemzetis\u00e9gi\n\u00d6nkorm\u00e1nyzat eln\u00f6ke<\/p>\n\n\n\n<p>3. napirendhez megh\u00edvva: a k\u00f6ztemet\u00e9sre ki\u00edrt p\u00e1ly\u00e1zatra jelentkez\u0151k<br>8. napirendhez megh\u00edvva: Pisont Andr\u00e1s G\u00e1dorosi Labdar\u00fag\u00f3 SE eln\u00f6ke, Gelegonya Istv\u00e1n G\u00e1dorosi Birk\u00f3z\u00f3 Egyes\u00fclet szakoszt\u00e1lyvezet\u0151je<\/p>\n\n\n\n<p>G\u00e1doros, 2020. szeptember 04.<\/p>\n\n\n\n<p style=\"text-align:right\">Dr. Szil\u00e1gyi Tibor s. k.<br>polg\u00e1rmester<\/p>\n","protected":false},"excerpt":{"rendered":"<p>G\u00e1doros Nagyk\u00f6zs\u00e9g Polg\u00e1rmestere5932 G\u00e1doros, Kossuth u. 16.Telefon: 68\/490-001 M E G H \u00cd V \u00d3 G\u00e1doros Nagyk\u00f6zs\u00e9gi \u00d6nkorm\u00e1nyzat K\u00e9pvisel\u0151-test\u00fclete rendes \u00fcl\u00e9s\u00e9t 2020. szeptember 8-\u00e1n (kedd) 18:00 \u00f3rai kezdettel tartja a K\u00f6zs\u00e9gh\u00e1za tan\u00e1cskoz\u00f3 term\u00e9ben, melyre tisztelettelmegh\u00edvom.<\/p>\n","protected":false},"author":1,"featured_media":0,"comment_status":"closed","ping_status":"closed","template":"","tags":[],"blog-category":[28],"_links":{"self":[{"href":"http:\/\/gadoros.hu\/index.php?rest_route=\/wp\/v2\/blog_post\/2496"}],"collection":[{"href":"http:\/\/gadoros.hu\/index.php?rest_route=\/wp\/v2\/blog_post"}],"about":[{"href":"http:\/\/gadoros.hu\/index.php?rest_route=\/wp\/v2\/types\/blog_post"}],"author":[{"embeddable":true,"href":"http:\/\/gadoros.hu\/index.php?rest_route=\/wp\/v2\/users\/1"}],"replies":[{"embeddable":true,"href":"http:\/\/gadoros.hu\/index.php?rest_route=%2Fwp%2Fv2%2Fcomments&post=2496"}],"wp:attachment":[{"href":"http:\/\/gadoros.hu\/index.php?rest_route=%2Fwp%2Fv2%2Fmedia&parent=2496"}],"wp:term":[{"taxonomy":"post_tag","embeddable":true,"href":"http:\/\/gadoros.hu\/index.php?rest_route=%2Fwp%2Fv2%2Ftags&post=2496"},{"taxonomy":"blog-category","embeddable":true,"href":"http:\/\/gadoros.hu\/index.php?rest_route=%2Fwp%2Fv2%2Fblog-category&post=2496"}],"curies":[{"name":"wp","href":"https:\/\/api.w.org\/{rel}","templated":true}]}}