{"id":2494,"date":"2020-09-07T06:34:10","date_gmt":"2020-09-07T06:34:10","guid":{"rendered":"http:\/\/www.gadoros.hu\/?post_type=blog_post&#038;p=2494"},"modified":"2020-09-08T12:48:45","modified_gmt":"2020-09-08T12:48:45","slug":"2494","status":"publish","type":"blog_post","link":"http:\/\/gadoros.hu\/?blog_post=2494","title":{"rendered":""},"content":{"rendered":"\n<p><strong>G\u00e1doros Nagyk\u00f6zs\u00e9g \u00d6nkorm\u00e1nyzata<\/strong><br><strong>K\u00e9pvisel\u0151-test\u00fclet\u00e9nek<\/strong><br><strong>Szoci\u00e1lis, Kultur\u00e1lis, Eg\u00e9szs\u00e9g\u00fcgyi \u00e9s<\/strong><br><strong>Sport Bizotts\u00e1ga<\/strong><br><strong>5932 G\u00e1doros, Kossuth u. 16.<\/strong><\/p>\n\n\n\n<p style=\"text-align:center\"><strong>M E G H \u00cd V \u00d3<\/strong><\/p>\n\n\n\n<p style=\"text-align:center\">A Szoci\u00e1lis, Kultur\u00e1lis, Eg\u00e9szs\u00e9g\u00fcgyi \u00e9s Sport Bizotts\u00e1g\n\u00fcl\u00e9s\u00e9t<\/p>\n\n\n\n<p style=\"text-align:center\"><strong>2020. szeptember 8-\u00e1n (kedd) 11:00 \u00f3r\u00e1t\u00f3l\ntartja<\/strong><\/p>\n\n\n\n<p style=\"text-align:center\">a K\u00f6zs\u00e9gh\u00e1za tan\u00e1cskoz\u00f3 term\u00e9ben,<br>mely \u00fcl\u00e9sre tisztelettel megh\u00edvom.<\/p>\n\n\n\n<!--more-->\n\n\n\n<p><strong>Nyilv\u00e1nos \u00fcl\u00e9s\nkeret\u00e9ben:<\/strong><\/p>\n\n\n\n<ol><li>K\u00f6ztemet\u0151 \u00fczemeltet\u00e9s\u00e9re ki\u00edrt p\u00e1ly\u00e1zatok elb\u00edr\u00e1l\u00e1sa<\/li><li>T\u00e1j\u00e9koztat\u00f3 az \u00f3voda munk\u00e1j\u00e1r\u00f3l<\/li><li>Negyed\u00e9ves besz\u00e1mol\u00f3 az ingyenes v\u00e9rv\u00e9teli szolg\u00e1ltat\u00e1sr\u00f3l<\/li><li>Szolg\u00e1lati lak\u00e1s ig\u00e9nyl\u00e9se<\/li><li>Bejelent\u00e9sek, egyebek &#8211; 1) Falunapi rendezv\u00e9ny megbesz\u00e9l\u00e9se &#8211; 2) Csatlakoz\u00e1s a Bursa Hungarica Fels\u0151oktat\u00e1si \u00d6nkorm\u00e1nyzati \u00d6szt\u00f6nd\u00edjp\u00e1ly\u00e1zat 2021. \u00e9vi fordul\u00f3j\u00e1hoz<\/li><\/ol>\n\n\n\n<p><strong>A napirendi pontokhoz megh\u00edvva:<\/strong><br>Fekete Tiborn\u00e9 eln\u00f6k, Herbszt Gergely, J\u00e1vorcsik J\u00e1nos D\u00e1vid, Kosztol\u00e1n\u00e9 Szab\u00f3 Ildik\u00f3 \u00e9s Krivikn\u00e9 Zahorecz Anita bizotts\u00e1gi tagok, Dr. Szil\u00e1gyi Tibor polg\u00e1rmester, Varga Bal\u00e1zs alpolg\u00e1rmester, Rib\u00e1rszki Istv\u00e1n J\u00e1nos, Simond\u00e1n Vilmos telep\u00fcl\u00e9si k\u00e9pvisel\u0151k, K\u0151szegi Erzs\u00e9bet M\u00e1ria jegyz\u0151<\/p>\n\n\n\n<ol><li>napirendhez megh\u00edvva: a k\u00f6ztemet\u0151 \u00fczemeltet\u00e9s\u00e9re ki\u00edrt\np\u00e1ly\u00e1zatra beadott p\u00e1ly\u00e1z\u00f3k.<\/li><li>napirendhez megh\u00edvva: Prozlik M\u00e1rta Napk\u00f6zi Otthonos\n\u00d3voda int\u00e9zm\u00e9nyvezet\u0151je<\/li><\/ol>\n\n\n\n<p>G\u00e1doros, 2020. szeptember 02.<\/p>\n\n\n\n<p style=\"text-align:right\">Fekete Tiborn\u00e9 s. k.<br>Bizotts\u00e1g Eln\u00f6ke<\/p>\n","protected":false},"excerpt":{"rendered":"<p>G\u00e1doros Nagyk\u00f6zs\u00e9g \u00d6nkorm\u00e1nyzataK\u00e9pvisel\u0151-test\u00fclet\u00e9nekSzoci\u00e1lis, Kultur\u00e1lis, Eg\u00e9szs\u00e9g\u00fcgyi \u00e9sSport Bizotts\u00e1ga5932 G\u00e1doros, Kossuth u. 16. M E G H \u00cd V \u00d3 A Szoci\u00e1lis, Kultur\u00e1lis, Eg\u00e9szs\u00e9g\u00fcgyi \u00e9s Sport Bizotts\u00e1g \u00fcl\u00e9s\u00e9t 2020. szeptember 8-\u00e1n (kedd) 11:00 \u00f3r\u00e1t\u00f3l tartja a K\u00f6zs\u00e9gh\u00e1za tan\u00e1cskoz\u00f3 term\u00e9ben,mely \u00fcl\u00e9sre tisztelettel megh\u00edvom.<\/p>\n","protected":false},"author":0,"featured_media":0,"comment_status":"closed","ping_status":"closed","template":"","tags":[],"blog-category":[28],"_links":{"self":[{"href":"http:\/\/gadoros.hu\/index.php?rest_route=\/wp\/v2\/blog_post\/2494"}],"collection":[{"href":"http:\/\/gadoros.hu\/index.php?rest_route=\/wp\/v2\/blog_post"}],"about":[{"href":"http:\/\/gadoros.hu\/index.php?rest_route=\/wp\/v2\/types\/blog_post"}],"replies":[{"embeddable":true,"href":"http:\/\/gadoros.hu\/index.php?rest_route=%2Fwp%2Fv2%2Fcomments&post=2494"}],"wp:attachment":[{"href":"http:\/\/gadoros.hu\/index.php?rest_route=%2Fwp%2Fv2%2Fmedia&parent=2494"}],"wp:term":[{"taxonomy":"post_tag","embeddable":true,"href":"http:\/\/gadoros.hu\/index.php?rest_route=%2Fwp%2Fv2%2Ftags&post=2494"},{"taxonomy":"blog-category","embeddable":true,"href":"http:\/\/gadoros.hu\/index.php?rest_route=%2Fwp%2Fv2%2Fblog-category&post=2494"}],"curies":[{"name":"wp","href":"https:\/\/api.w.org\/{rel}","templated":true}]}}