{"id":2479,"date":"2020-08-17T13:27:51","date_gmt":"2020-08-17T13:27:51","guid":{"rendered":"http:\/\/www.gadoros.hu\/?post_type=blog_post&#038;p=2479"},"modified":"2020-08-17T13:28:01","modified_gmt":"2020-08-17T13:28:01","slug":"2479","status":"publish","type":"blog_post","link":"http:\/\/gadoros.hu\/?blog_post=2479","title":{"rendered":""},"content":{"rendered":"\n<h1 class=\"wp-block-heading\" style=\"text-align:center\"><strong>FELH\u00cdV\u00c1S<\/strong><\/h1>\n\n\n\n<p style=\"text-align:center\" class=\"has-medium-font-size\">T\u00e1j\u00e9koztatjuk a Tisztelt Sz\u00fcl\u0151ket,<br>hogy a gyermekv\u00e9delmi kedvezm\u00e9ny p\u00e9nzbeli t\u00e1mogat\u00e1s kifizet\u00e9se <\/p>\n\n\n\n<p style=\"text-align:center\" class=\"has-medium-font-size\"><u><strong>2020. augusztus 18. (kedd) <\/strong><\/u>10<sup>00<\/sup>-12<sup>00<\/sup> \u00e9s 13<sup>00<\/sup>-16<sup>00<\/sup> \u00f3r\u00e1ig<br><u><strong>2020. augusztus 19. (szerda) <\/strong><\/u>9<sup>00<\/sup>-12<sup>00<\/sup> \u00e9s 13<sup>00<\/sup>-16<sup>00<\/sup> \u00f3r\u00e1ig<\/p>\n\n\n\n<p style=\"text-align:center\" class=\"has-medium-font-size\">ker\u00fcl sor <br>a Polg\u00e1rmesteri Hivatal p\u00e9nzt\u00e1r\u00e1ban.<\/p>\n\n\n\n<!--more-->\n\n\n\n<p style=\"text-align:center\" class=\"has-medium-font-size\">A gyermekv\u00e9delmi kedvezm\u00e9ny p\u00e9nzbeli t\u00e1mogat\u00e1s\u00e1ra <strong>az a gyermek jogosult<\/strong>, akinek gyermekv\u00e9delmi kedvezm\u00e9nyre val\u00f3 jogosults\u00e1ga <strong>augusztus 1-j\u00e9n<\/strong> fenn\u00e1llt.<\/p>\n\n\n\n<p style=\"text-align:center\" class=\"has-medium-font-size\">A p\u00e9nzbeli t\u00e1mogat\u00e1sok meghatalmaz\u00e1ssal is \u00e1tvehet\u0151k. Meghatalmaz\u00e1s k\u00e9rhet\u0151 a Polg\u00e1rmesteri Hivatal inform\u00e1ci\u00f3s pultj\u00e1n\u00e1l.<\/p>\n\n\n\n<p style=\"text-align:right\" class=\"has-medium-font-size\">Polg\u00e1rmesteri Hivatal <\/p>\n","protected":false},"excerpt":{"rendered":"<p>FELH\u00cdV\u00c1S T\u00e1j\u00e9koztatjuk a Tisztelt Sz\u00fcl\u0151ket,hogy a gyermekv\u00e9delmi kedvezm\u00e9ny p\u00e9nzbeli t\u00e1mogat\u00e1s kifizet\u00e9se 2020. augusztus 18. (kedd) 1000-1200 \u00e9s 1300-1600 \u00f3r\u00e1ig2020. augusztus 19. (szerda) 900-1200 \u00e9s 1300-1600 \u00f3r\u00e1ig ker\u00fcl sor a Polg\u00e1rmesteri Hivatal p\u00e9nzt\u00e1r\u00e1ban.<\/p>\n","protected":false},"author":3,"featured_media":0,"comment_status":"closed","ping_status":"closed","template":"","tags":[],"blog-category":[28],"_links":{"self":[{"href":"http:\/\/gadoros.hu\/index.php?rest_route=\/wp\/v2\/blog_post\/2479"}],"collection":[{"href":"http:\/\/gadoros.hu\/index.php?rest_route=\/wp\/v2\/blog_post"}],"about":[{"href":"http:\/\/gadoros.hu\/index.php?rest_route=\/wp\/v2\/types\/blog_post"}],"author":[{"embeddable":true,"href":"http:\/\/gadoros.hu\/index.php?rest_route=\/wp\/v2\/users\/3"}],"replies":[{"embeddable":true,"href":"http:\/\/gadoros.hu\/index.php?rest_route=%2Fwp%2Fv2%2Fcomments&post=2479"}],"wp:attachment":[{"href":"http:\/\/gadoros.hu\/index.php?rest_route=%2Fwp%2Fv2%2Fmedia&parent=2479"}],"wp:term":[{"taxonomy":"post_tag","embeddable":true,"href":"http:\/\/gadoros.hu\/index.php?rest_route=%2Fwp%2Fv2%2Ftags&post=2479"},{"taxonomy":"blog-category","embeddable":true,"href":"http:\/\/gadoros.hu\/index.php?rest_route=%2Fwp%2Fv2%2Fblog-category&post=2479"}],"curies":[{"name":"wp","href":"https:\/\/api.w.org\/{rel}","templated":true}]}}