{"id":2408,"date":"2020-07-14T10:54:06","date_gmt":"2020-07-14T10:54:06","guid":{"rendered":"http:\/\/www.gadoros.hu\/?post_type=blog_post&#038;p=2408"},"modified":"2020-07-14T11:24:12","modified_gmt":"2020-07-14T11:24:12","slug":"2408","status":"publish","type":"blog_post","link":"http:\/\/gadoros.hu\/?blog_post=2408","title":{"rendered":""},"content":{"rendered":"\n<h2 class=\"wp-block-heading\" style=\"text-align:center\">Tisztelt lakoss\u00e1g!<\/h2>\n\n\n\n<p style=\"text-align:center\">T\u00e1j\u00e9koztatjuk \u00d6n\u00f6ket, hogy a f\u00fart kutak enged\u00e9lyez\u00e9si elj\u00e1r\u00e1s\u00e1nak hat\u00e1ridej\u00e9t a jogalkot\u00f3 2023. december 31-re  m\u00f3dos\u00edtotta.<\/p>\n\n\n\n<!--more-->\n\n\n\n<p>Egyes t\u00f6rv\u00e9nyeknek a polg\u00e1rok biztons\u00e1g\u00e1t er\u0151s\u00edt\u0151 m\u00f3dos\u00edt\u00e1s\u00e1r\u00f3l sz\u00f3l\u00f3 2020. \u00e9vi XXXI. t\u00f6rv\u00e9ny 20. \u00a7-a alapj\u00e1n a v\u00edzgazd\u00e1lkod\u00e1sr\u00f3l sz\u00f3l\u00f3 1995. \u00e9vi LVII. t\u00f6rv\u00e9ny 29. \u00a7 (7) bekezd\u00e9se hely\u00e9be a k\u00f6vetkez\u0151 rendelkez\u00e9s l\u00e9p:<br>\u201e(7) Mentes\u00fcl a v\u00edzgazd\u00e1lkod\u00e1si b\u00edrs\u00e1g megfizet\u00e9se al\u00f3l az a l\u00e9tes\u00edt\u0151 vagy \u00fczemeltet\u0151, aki az egyes t\u00f6rv\u00e9nyeknek a polg\u00e1rok biztons\u00e1g\u00e1t er\u0151s\u00edt\u0151 m\u00f3dos\u00edt\u00e1s\u00e1r\u00f3l sz\u00f3l\u00f3 2020. \u00e9vi XXXI. t\u00f6rv\u00e9ny (a tov\u00e1bbiakban: Vgtv.m\u00f3d3.) hat\u00e1lybal\u00e9p\u00e9s\u00e9t megel\u0151z\u0151en enged\u00e9ly n\u00e9lk\u00fcl vagy enged\u00e9lyt\u0151l elt\u00e9r\u0151en l\u00e9tes\u00edtett vagy \u00fczemeltet felsz\u00edn alatti v\u00edzkiv\u00e9telt biztos\u00edt\u00f3 v\u00edzil\u00e9tes\u00edtm\u00e9nyt, ha a v\u00edzjogi fennmarad\u00e1si enged\u00e9lyez\u00e9si elj\u00e1r\u00e1st 2023. december 31-ig k\u00e9relmezi.\u201d<\/p>\n\n\n\n<p style=\"text-align:right\">G\u00e1dorosi Polg\u00e1rmesteri Hivatal<\/p>\n","protected":false},"excerpt":{"rendered":"<p>Tisztelt lakoss\u00e1g! T\u00e1j\u00e9koztatjuk \u00d6n\u00f6ket, hogy a f\u00fart kutak enged\u00e9lyez\u00e9si elj\u00e1r\u00e1s\u00e1nak hat\u00e1ridej\u00e9t a jogalkot\u00f3 2023. december 31-re m\u00f3dos\u00edtotta.<\/p>\n","protected":false},"author":0,"featured_media":0,"comment_status":"closed","ping_status":"closed","template":"","tags":[],"blog-category":[28],"_links":{"self":[{"href":"http:\/\/gadoros.hu\/index.php?rest_route=\/wp\/v2\/blog_post\/2408"}],"collection":[{"href":"http:\/\/gadoros.hu\/index.php?rest_route=\/wp\/v2\/blog_post"}],"about":[{"href":"http:\/\/gadoros.hu\/index.php?rest_route=\/wp\/v2\/types\/blog_post"}],"replies":[{"embeddable":true,"href":"http:\/\/gadoros.hu\/index.php?rest_route=%2Fwp%2Fv2%2Fcomments&post=2408"}],"wp:attachment":[{"href":"http:\/\/gadoros.hu\/index.php?rest_route=%2Fwp%2Fv2%2Fmedia&parent=2408"}],"wp:term":[{"taxonomy":"post_tag","embeddable":true,"href":"http:\/\/gadoros.hu\/index.php?rest_route=%2Fwp%2Fv2%2Ftags&post=2408"},{"taxonomy":"blog-category","embeddable":true,"href":"http:\/\/gadoros.hu\/index.php?rest_route=%2Fwp%2Fv2%2Fblog-category&post=2408"}],"curies":[{"name":"wp","href":"https:\/\/api.w.org\/{rel}","templated":true}]}}