{"id":2404,"date":"2020-07-13T11:19:58","date_gmt":"2020-07-13T11:19:58","guid":{"rendered":"http:\/\/www.gadoros.hu\/?post_type=blog_post&#038;p=2404"},"modified":"2020-07-13T11:24:49","modified_gmt":"2020-07-13T11:24:49","slug":"2404","status":"publish","type":"blog_post","link":"http:\/\/gadoros.hu\/?blog_post=2404","title":{"rendered":""},"content":{"rendered":"\n<p style=\"text-align:center\"><strong>P\u00e1ly\u00e1zati felh\u00edv\u00e1s h\u00e1ziorvosi praxis bet\u00f6lt\u00e9s\u00e9re<\/strong><\/p>\n\n\n\n<p style=\"text-align:center\"><strong>G\u00e1doros\nNagyk\u00f6zs\u00e9g \u00d6nkorm\u00e1nyzata p\u00e1ly\u00e1zatot \u00edr ki h\u00e1ziorvosi praxis v\u00e1llalkoz\u00e1si\nform\u00e1ban, ter\u00fcleti ell\u00e1t\u00e1si k\u00f6telezetts\u00e9ggel t\u00f6rt\u00e9n\u0151 ell\u00e1t\u00e1s\u00e1ra.<\/strong><\/p>\n\n\n\n<!--more-->\n\n\n\n<p><strong>Ell\u00e1tand\u00f3 feladatk\u00f6r:<\/strong><br>G\u00e1doros Nagyk\u00f6zs\u00e9g I. sz\u00e1m\u00fa (bet\u00f6ltetlen) h\u00e1ziorvosi k\u00f6rzet\u00e9nek ell\u00e1t\u00e1sa ter\u00fcleti ell\u00e1t\u00e1si k\u00f6telezetts\u00e9ggel, v\u00e1llalkoz\u00e1s form\u00e1j\u00e1ban, az \u00f6nkorm\u00e1nyzattal k\u00f6t\u00f6tt feladat-ell\u00e1t\u00e1si szerz\u0151d\u00e9sben r\u00f6gz\u00edtett felt\u00e9telekkel. A praxisjog megszerz\u00e9se az \u00f6n\u00e1ll\u00f3 orvosi tev\u00e9kenys\u00e9gr\u0151l sz\u00f3l\u00f3 2000. \u00e9vi II. t\u00f6rv\u00e9ny alapj\u00e1n t\u00f6rt\u00e9nik. <\/p>\n\n\n\n<p><strong>A feladat ell\u00e1t\u00e1s\u00e1nak helye<\/strong>:&nbsp;5932 G\u00e1doros,\nBajcsy-Zsilinszky u. 80. sz. alatti rendel\u0151<\/p>\n\n\n\n<p><strong>Ell\u00e1tand\u00f3 lakoss\u00e1gsz\u00e1m: <\/strong>Lakc\u00edm szerint: 1014 f\u0151<\/p>\n\n\n\n<p>K\u00f6zponti\n\u00fcgyeleti ell\u00e1t\u00e1s m\u0171k\u00f6dik<\/p>\n\n\n\n<p><strong>P\u00e1ly\u00e1zathoz kapcsol\u00f3d\u00f3 egy\u00e9b inform\u00e1ci\u00f3k:<\/strong><br>G\u00e1doros Nagyk\u00f6zs\u00e9g \u00d6nkorm\u00e1nyzata t\u00e9r\u00edt\u00e9smentesen biztos\u00edtja a rendel\u0151 helyis\u00e9g haszn\u00e1lat\u00e1t. A rendel\u0151 haszn\u00e1lat\u00e1val felmer\u00fcl\u0151 rezsik\u00f6lts\u00e9g \u2013 a k\u00f6zm\u0171szolg\u00e1ltat\u00f3kkal k\u00f6t\u00f6tt szerz\u0151d\u00e9s alapj\u00e1n \u2013 a praxisjog jogosultj\u00e1t terheli.<\/p>\n\n\n\n<p><strong>P\u00e1ly\u00e1zati felt\u00e9telek:<\/strong><br>A h\u00e1ziorvosi, h\u00e1zi gyermekorvosi \u00e9s fogorvosi tev\u00e9kenys\u00e9gr\u0151l sz\u00f3l\u00f3 4\/2000. (II.25.) E\u00fcM rendeletben el\u0151\u00edrt k\u00e9pes\u00edt\u00e9s, \u00e9s az ott, valamint az \u00f6n\u00e1ll\u00f3 orvosi tev\u00e9kenys\u00e9gr\u0151l sz\u00f3l\u00f3 2000. \u00e9vi II. t\u00f6rv\u00e9nyben, a v\u00e9grehajt\u00e1s\u00e1r\u00f3l rendelkez\u0151 313\/2011. (XII.23.) Korm. rendeletben, \u00e9s az eg\u00e9szs\u00e9g\u00fcgyi szolg\u00e1ltat\u00e1s gyakorl\u00e1s\u00e1nak \u00e1ltal\u00e1nos felt\u00e9teleir\u0151l, valamint a m\u0171k\u00f6d\u00e9si enged\u00e9lyez\u00e9si elj\u00e1r\u00e1sr\u00f3l sz\u00f3l\u00f3 96\/2003. (VII. 15.) Korm. rendeletben el\u0151\u00edrt egy\u00e9b felt\u00e9telek, az \u00f6nkorm\u00e1nyzattal k\u00f6t\u00f6tt feladat-ell\u00e1t\u00e1si szerz\u0151d\u00e9s szerint; <\/p>\n\n\n\n<p>&#8211;&nbsp;&nbsp;&nbsp;&nbsp;&nbsp;&nbsp;&nbsp; b\u00fcntetlen el\u0151\u00e9let;<br>&#8211;&nbsp;&nbsp;&nbsp;&nbsp;&nbsp;&nbsp;&nbsp; cselekv\u0151k\u00e9pess\u00e9g;<br>&#8211;&nbsp;&nbsp;&nbsp;&nbsp;&nbsp;&nbsp;&nbsp; felhaszn\u00e1l\u00f3i szint\u0171 sz\u00e1m\u00edt\u00e1stechnikai ismeretek;<br>&#8211;&nbsp;&nbsp;&nbsp;&nbsp;&nbsp;&nbsp;&nbsp; Magyar Orvosi Kamarai tags\u00e1g.<\/p>\n\n\n\n<p>El\u0151nyt jelent a B kateg\u00f3ri\u00e1s jogos\u00edtv\u00e1ny.<\/p>\n\n\n\n<p><strong>A p\u00e1ly\u00e1zat beny\u00fajt\u00e1s\u00e1nak hat\u00e1rideje<\/strong>:&nbsp;2020. augusztus 15.<br><strong>A p\u00e1ly\u00e1zat elb\u00edr\u00e1l\u00e1s\u00e1nak hat\u00e1rideje<\/strong>: 2020. szeptember 10.<\/p>\n\n\n\n<p>&nbsp;<strong>A p\u00e1ly\u00e1zathoz az al\u00e1bbi dokumentumokat kell mell\u00e9kelni:<\/strong><br>&#8211;&nbsp;&nbsp;&nbsp;orvosi diploma, h\u00e1ziorvosi- vagy alap szakvizsga elv\u00e9gz\u00e9s\u00e9t tan\u00fas\u00edt\u00f3 okiratok hiteles m\u00e1solata<br>&#8211;&nbsp;&nbsp;&nbsp;eg\u00e9szs\u00e9g\u00fcgyi alkalmass\u00e1got igazol\u00f3 okm\u00e1ny m\u00e1solata;<br>&#8211;&nbsp;&nbsp;&nbsp;h\u00e1rom h\u00f3napn\u00e1l nem r\u00e9gebbi erk\u00f6lcsi bizony\u00edtv\u00e1ny, vagy az annak megk\u00e9r\u00e9s\u00e9r\u0151l sz\u00f3l\u00f3 postai felad\u00f3vev\u00e9ny m\u00e1solata azzal, hogy a p\u00e1ly\u00e1zat elb\u00edr\u00e1l\u00e1sakor a p\u00e1ly\u00e1z\u00f3nak az okirattal m\u00e1r rendelkeznie kell;<br>&#8211;&nbsp;&nbsp;&nbsp;szakmai \u00f6n\u00e9letrajz;<br>&#8211;&nbsp;&nbsp;&nbsp;&nbsp;nyilatkozat a praxis v\u00e1llalkoz\u00e1si form\u00e1ban t\u00f6rt\u00e9n\u0151 m\u0171k\u00f6dtet\u00e9s\u00e9r\u0151l;<br><strong>&#8211;&nbsp;&nbsp;&nbsp;&nbsp;<\/strong>Magyar Orvosi Kamarai tags\u00e1g igazol\u00e1sa;<br>&#8211;&nbsp;&nbsp;&nbsp;a p\u00e1ly\u00e1z\u00f3 hozz\u00e1j\u00e1rul\u00f3 nyilatkozata arra vonatkoz\u00f3an, hogy a p\u00e1ly\u00e1zati elj\u00e1r\u00e1sban r\u00e9sztvev\u0151 szem\u00e9lyek a p\u00e1ly\u00e1zati anyagot megismerj\u00e9k, \u00e9s abba betekinthessenek;<br>&#8211;&nbsp;&nbsp; a p\u00e1ly\u00e1z\u00f3 nyilatkozata, hogy a p\u00e1ly\u00e1zata elb\u00edr\u00e1l\u00e1s\u00e1t z\u00e1rt \u00fcl\u00e9sen k\u00e9ri-e, vagy hozz\u00e1j\u00e1rul a nyilv\u00e1nos t\u00e1rgyal\u00e1shoz;<br>&#8211;&nbsp;&nbsp; a p\u00e1ly\u00e1z\u00f3 nyilatkozata, hogy praxisenged\u00e9llyel nem rendelkezik. Amennyiben a p\u00e1ly\u00e1z\u00f3 rendelkezik praxisenged\u00e9llyel, akkor a 313\/2011. (XII. 23.) Korm. rendelet&nbsp;&nbsp;&nbsp; 5. \u00a7 (2) bekezd\u00e9s\u00e9ben foglaltaknak megfelel\u0151 tartalm\u00fa nyilatkozat csatol\u00e1sa sz\u00fcks\u00e9ges.<\/p>\n\n\n\n<p>A\nK\u00e9pvisel\u0151-test\u00fclet fenntartja a jogot a p\u00e1ly\u00e1zat eredm\u00e9nytelenn\u00e9, illetve\n\u00e9rv\u00e9nytelenn\u00e9 nyilv\u00e1n\u00edt\u00e1s\u00e1ra.<\/p>\n\n\n\n<p><strong>A p\u00e1ly\u00e1zat beny\u00fajt\u00e1s\u00e1nak m\u00f3dja:<\/strong><br>A p\u00e1ly\u00e1zatot egy p\u00e9ld\u00e1nyban, z\u00e1rt bor\u00edt\u00e9kban, postai \u00faton (vagy szem\u00e9lyesen) G\u00e1doros Nagyk\u00f6zs\u00e9g \u00d6nkorm\u00e1nyzata r\u00e9sz\u00e9re, dr. Szil\u00e1gyi Tibor polg\u00e1rmesternek c\u00edmezve (5932 G\u00e1doros, Kossuth utca 16.) kell beny\u00fajtani. A bor\u00edt\u00e9kon k\u00e9rj\u00fck felt\u00fcntetni: <em>\u201eH\u00e1ziorvosi p\u00e1ly\u00e1zat\u201d.<\/em><\/p>\n\n\n\n<p><strong>A jogviszony kezdete:<\/strong><br>Nyertes p\u00e1ly\u00e1z\u00f3val a k\u00e9pvisel\u0151-test\u00fclet hat\u00e1rozatlan idej\u0171 feladat-ell\u00e1t\u00e1si szerz\u0151d\u00e9st k\u00f6t. A feladat-ell\u00e1t\u00e1si szerz\u0151d\u00e9s megk\u00f6t\u00e9s\u00e9t k\u00f6vet\u0151en, az eg\u00e9szs\u00e9g\u00fcgyi tev\u00e9kenys\u00e9g folytat\u00e1s\u00e1ra vonatkoz\u00f3 praxisenged\u00e9ly alapj\u00e1n, a Nemzeti Eg\u00e9szs\u00e9gbiztos\u00edt\u00e1si Alapkezel\u0151vel megk\u00f6t\u00f6tt finansz\u00edroz\u00e1si szerz\u0151d\u00e9s hat\u00e1lyba l\u00e9p\u00e9s\u00e9t k\u00f6vet\u0151en azonnal. <\/p>\n\n\n\n<p><strong>A p\u00e1ly\u00e1zattal kapcsolatban \u00e9rdekl\u0151dni lehet:<\/strong><br>G\u00e1doros Nagyk\u00f6zs\u00e9g polg\u00e1rmester\u00e9n\u00e9l, Dr. Szil\u00e1gyi Tiborn\u00e1l a 68\/490-331 telefonsz\u00e1mon munkaid\u0151ben.<\/p>\n","protected":false},"excerpt":{"rendered":"<p>P\u00e1ly\u00e1zati felh\u00edv\u00e1s h\u00e1ziorvosi praxis bet\u00f6lt\u00e9s\u00e9re G\u00e1doros Nagyk\u00f6zs\u00e9g \u00d6nkorm\u00e1nyzata p\u00e1ly\u00e1zatot \u00edr ki h\u00e1ziorvosi praxis v\u00e1llalkoz\u00e1si form\u00e1ban, ter\u00fcleti ell\u00e1t\u00e1si k\u00f6telezetts\u00e9ggel t\u00f6rt\u00e9n\u0151 ell\u00e1t\u00e1s\u00e1ra.<\/p>\n","protected":false},"author":0,"featured_media":0,"comment_status":"closed","ping_status":"closed","template":"","tags":[],"blog-category":[28],"_links":{"self":[{"href":"http:\/\/gadoros.hu\/index.php?rest_route=\/wp\/v2\/blog_post\/2404"}],"collection":[{"href":"http:\/\/gadoros.hu\/index.php?rest_route=\/wp\/v2\/blog_post"}],"about":[{"href":"http:\/\/gadoros.hu\/index.php?rest_route=\/wp\/v2\/types\/blog_post"}],"replies":[{"embeddable":true,"href":"http:\/\/gadoros.hu\/index.php?rest_route=%2Fwp%2Fv2%2Fcomments&post=2404"}],"wp:attachment":[{"href":"http:\/\/gadoros.hu\/index.php?rest_route=%2Fwp%2Fv2%2Fmedia&parent=2404"}],"wp:term":[{"taxonomy":"post_tag","embeddable":true,"href":"http:\/\/gadoros.hu\/index.php?rest_route=%2Fwp%2Fv2%2Ftags&post=2404"},{"taxonomy":"blog-category","embeddable":true,"href":"http:\/\/gadoros.hu\/index.php?rest_route=%2Fwp%2Fv2%2Fblog-category&post=2404"}],"curies":[{"name":"wp","href":"https:\/\/api.w.org\/{rel}","templated":true}]}}