{"id":2394,"date":"2020-07-08T12:49:25","date_gmt":"2020-07-08T12:49:25","guid":{"rendered":"http:\/\/www.gadoros.hu\/?post_type=blog_post&#038;p=2394"},"modified":"2020-07-08T12:50:15","modified_gmt":"2020-07-08T12:50:15","slug":"2394","status":"publish","type":"blog_post","link":"http:\/\/gadoros.hu\/?blog_post=2394","title":{"rendered":""},"content":{"rendered":"\n<p style=\"text-align:center\"><strong>T\u00c1J\u00c9KOZTAT\u00c1S<\/strong><strong><\/strong><\/p>\n\n\n\n<p style=\"text-align:center\">G\u00e1doros Nagyk\u00f6zs\u00e9g \u00d6nkorm\u00e1nyzata \u00e9rtes\u00edti a Tisztelt Lakoss\u00e1got, hogy a TOP-1.1.3-15-BS1-2016-00041 azonos\u00edt\u00f3 sz\u00e1m\u00fa, Piac gazdas\u00e1gfejleszt\u00e9se G\u00e1doroson elnevez\u00e9s\u0171 p\u00e1ly\u00e1zat kivitelez\u00e9si munk\u00e1latai megkezd\u0151dtek, ez\u00e9rt a g\u00e1dorosi piac a fel\u00faj\u00edt\u00e1s id\u0151tartam\u00e1ra ideiglenesen \u00faj helysz\u00ednre k\u00f6lt\u00f6zik.<\/p>\n\n\n\n<p style=\"text-align:center\"><strong>A fel\u00faj\u00edt\u00e1s id\u0151tartama alatt a g\u00e1dorosi piac a Kedves ABC\nel\u0151tti ter\u00fcleten, G\u00e1doros, Piac t\u00e9ren lesz megtal\u00e1lhat\u00f3.<\/strong><strong><\/strong><\/p>\n\n\n\n<p style=\"text-align:center\">A piac a megszokott m\u00f3don \u00e9s id\u0151ben\nv\u00e1rja v\u00e1s\u00e1rl\u00f3it.<\/p>\n\n\n\n<p style=\"text-align:center\">Meg\u00e9rt\u00e9s\u00fcket k\u00f6sz\u00f6nj\u00fck!<\/p>\n\n\n\n<p style=\"text-align:center\">\u00d6nkorm\u00e1nyzat<\/p>\n","protected":false},"excerpt":{"rendered":"<p>T\u00c1J\u00c9KOZTAT\u00c1S G\u00e1doros Nagyk\u00f6zs\u00e9g \u00d6nkorm\u00e1nyzata \u00e9rtes\u00edti a Tisztelt Lakoss\u00e1got, hogy a TOP-1.1.3-15-BS1-2016-00041 azonos\u00edt\u00f3 sz\u00e1m\u00fa, Piac gazdas\u00e1gfejleszt\u00e9se G\u00e1doroson elnevez\u00e9s\u0171 p\u00e1ly\u00e1zat kivitelez\u00e9si munk\u00e1latai megkezd\u0151dtek, ez\u00e9rt a g\u00e1dorosi piac a fel\u00faj\u00edt\u00e1s id\u0151tartam\u00e1ra ideiglenesen \u00faj helysz\u00ednre k\u00f6lt\u00f6zik. A fel\u00faj\u00edt\u00e1s id\u0151tartama alatt a g\u00e1dorosi piac a Kedves ABC el\u0151tti ter\u00fcleten, G\u00e1doros, Piac t\u00e9ren lesz megtal\u00e1lhat\u00f3. A piac a megszokott m\u00f3don \u00e9s [&hellip;]<\/p>\n","protected":false},"author":1,"featured_media":0,"comment_status":"closed","ping_status":"closed","template":"","tags":[],"blog-category":[28],"_links":{"self":[{"href":"http:\/\/gadoros.hu\/index.php?rest_route=\/wp\/v2\/blog_post\/2394"}],"collection":[{"href":"http:\/\/gadoros.hu\/index.php?rest_route=\/wp\/v2\/blog_post"}],"about":[{"href":"http:\/\/gadoros.hu\/index.php?rest_route=\/wp\/v2\/types\/blog_post"}],"author":[{"embeddable":true,"href":"http:\/\/gadoros.hu\/index.php?rest_route=\/wp\/v2\/users\/1"}],"replies":[{"embeddable":true,"href":"http:\/\/gadoros.hu\/index.php?rest_route=%2Fwp%2Fv2%2Fcomments&post=2394"}],"wp:attachment":[{"href":"http:\/\/gadoros.hu\/index.php?rest_route=%2Fwp%2Fv2%2Fmedia&parent=2394"}],"wp:term":[{"taxonomy":"post_tag","embeddable":true,"href":"http:\/\/gadoros.hu\/index.php?rest_route=%2Fwp%2Fv2%2Ftags&post=2394"},{"taxonomy":"blog-category","embeddable":true,"href":"http:\/\/gadoros.hu\/index.php?rest_route=%2Fwp%2Fv2%2Fblog-category&post=2394"}],"curies":[{"name":"wp","href":"https:\/\/api.w.org\/{rel}","templated":true}]}}