{"id":2366,"date":"2020-06-25T14:15:52","date_gmt":"2020-06-25T14:15:52","guid":{"rendered":"http:\/\/www.gadoros.hu\/?post_type=blog_post&#038;p=2366"},"modified":"2020-06-26T07:36:02","modified_gmt":"2020-06-26T07:36:02","slug":"2366","status":"publish","type":"blog_post","link":"http:\/\/gadoros.hu\/?blog_post=2366","title":{"rendered":""},"content":{"rendered":"\n<p><strong>G\u00e1doros Nagyk\u00f6zs\u00e9g Polg\u00e1rmestere<\/strong><br><strong>5932 G\u00e1doros, Kossuth u. 16.<\/strong><br><strong>Telefon: 68\/490-001<\/strong><\/p>\n\n\n\n<p style=\"text-align:center\"><strong>M E G H \u00cd V \u00d3<\/strong><\/p>\n\n\n\n<p style=\"text-align:center\">G\u00e1doros Nagyk\u00f6zs\u00e9gi \u00d6nkorm\u00e1nyzat <br>K\u00e9pvisel\u0151-test\u00fclete rendes \u00fcl\u00e9s\u00e9t<\/p>\n\n\n\n<p style=\"text-align:center\"><strong>2020. j\u00fanius 30-\u00e1n (kedd) 16\n\u00f3rai<\/strong><\/p>\n\n\n\n<p style=\"text-align:center\">kezdettel tartja a K\u00f6zs\u00e9gh\u00e1za tan\u00e1cskoz\u00f3 term\u00e9ben, melyre tisztelettel<br><strong>megh\u00edvom.<\/strong><\/p>\n\n\n\n<!--more-->\n\n\n\n<p><strong>Nyilv\u00e1nos \u00fcl\u00e9s keret\u00e9ben:<\/strong><\/p>\n\n\n\n<ol><li>Jelent\u00e9s a hat\u00e1rozatok v\u00e9grehajt\u00e1s\u00e1r\u00f3l, \u00e9s a vesz\u00e9lyhelyzetben meghozott polg\u00e1rmesteri hat\u00e1rozatok meger\u0151s\u00edt\u00e9se- El\u0151ad\u00f3: Dr. Szil\u00e1gyi Tibor polg\u00e1rmester<\/li><li>A vesz\u00e9lyhelyzetben hozott polg\u00e1rmesteri \u00f6nkorm\u00e1nyzati rendeletek elfogad\u00e1sa &#8211; El\u0151ad\u00f3: Dr. Szil\u00e1gyi Tibor polg\u00e1rmester<\/li><li>Mez\u0151kov\u00e1csh\u00e1zi Reform\u00e1tus Diak\u00f3niai Int\u00e9zm\u00e9nyfenntart\u00f3 K\u00f6zpont bemutatkoz\u00e1sa, \u00e9s a Gondoz\u00e1si K\u00f6zpont feladatell\u00e1t\u00e1si \u00e1tad\u00e1si \u00fcgye &#8211; El\u0151ad\u00f3: Dr. Szil\u00e1gyi Tibor polg\u00e1rmester<\/li><li>Vir\u00e1gos, rendezett porta\u201d elismer\u00e9s \u00e9s \u201eG\u00e1doros Nagyk\u00f6zs\u00e9g\u00e9rt\u201d kit\u00fcntet\u0151 c\u00edm adom\u00e1nyoz\u00e1s\u00e1nak el\u0151k\u00e9sz\u00edt\u00e9se, munkacsoportok megalak\u00edt\u00e1sa &#8211; El\u0151ad\u00f3: Dr. Szil\u00e1gyi Tibor polg\u00e1rmester<\/li><li>T\u00e1j\u00e9koztat\u00f3 a k\u00f6zfoglalkoztat\u00e1s helyzet\u00e9r\u0151l \u00e9s a START munkaprogramr\u00f3l &#8211; El\u0151ad\u00f3: Dr. Szil\u00e1gyi Tibor polg\u00e1rmester<\/li><li>P\u00e1ly\u00e1zati ki\u00edr\u00e1s k\u00f6ztemet\u0151 \u00fczemeltet\u00e9s\u00e9re &#8211; El\u0151ad\u00f3: Dr. Szil\u00e1gyi Tibor polg\u00e1rmester<\/li><li>P\u00e1ly\u00e1zatokr\u00f3l besz\u00e1mol\u00f3 &#8211; El\u0151ad\u00f3: Dr. Szil\u00e1gyi Tibor polg\u00e1rmester<\/li><li>Bel\u00fcgyminiszt\u00e9riumi \u00fatfel\u00faj\u00edt\u00e1si p\u00e1ly\u00e1zat \u00fcgye &#8211; El\u0151ad\u00f3: Dr. Szil\u00e1gyi Tibor polg\u00e1rmester<\/li><li>Polg\u00e1rmesteri biztos\u00edt\u00e1s \u00fcgye &#8211; El\u0151ad\u00f3: Dr. Szil\u00e1gyi Tibor polg\u00e1rmester<\/li><li>Bejelent\u00e9sek, egyebek:<\/li><\/ol>\n\n\n\n<ul><li>Lak\u00e1sc\u00e9l\u00fa k\u00f6lcs\u00f6n ig\u00e9nyl\u00e9se (z\u00e1rt \u00fcl\u00e9s anyaga) &#8211; El\u0151ad\u00f3: Dr. Szil\u00e1gyi Tibor polg\u00e1rmester <\/li><li>Csal\u00e1dseg\u00edt\u0151 Szolg\u00e1lat hely\u00e9r\u0151l sz\u00f3l\u00f3 t\u00e1j\u00e9koztat\u00e1s (sz\u00f3beli) &#8211; El\u0151ad\u00f3: Dr. Szil\u00e1gyi Tibor polg\u00e1rmester <\/li><li>G\u00e1doros 765\/A\/1, \u00e9s 765\/A\/2 hrsz-\u00fa ingatlanok \u00fcgye &#8211; El\u0151ad\u00f3: Dr. Szil\u00e1gyi Tibor polg\u00e1rmester<\/li><li>Falunapi rendezv\u00e9ny megbesz\u00e9l\u00e9se (sz\u00f3beli) &#8211; El\u0151ad\u00f3: Dr. Szil\u00e1gyi Tibor polg\u00e1rmester<\/li><\/ul>\n\n\n\n<p><strong>Valamennyi napirendi ponthoz megh\u00edvottak:<\/strong><br>Dr. Szil\u00e1gyi Tibor polg\u00e1rmester, Varga Bal\u00e1zs alpolg\u00e1rmester, Fekete Tiborn\u00e9, Herbszt Gergely, J\u00e1vorcsik J\u00e1nos D\u00e1vid, Rib\u00e1rszki Istv\u00e1n J\u00e1nos \u00e9s Simond\u00e1n Vilmos telep\u00fcl\u00e9si k\u00e9pvisel\u0151k.<\/p>\n\n\n\n<p>K\u0151szegi Erzs\u00e9bet M\u00e1ria jegyz\u0151<br>T\u00f3th Tibor igazgat\u00e1si csoportvezet\u0151<br>Libor Zsoltn\u00e9 p\u00e9nz\u00fcgyi csoportvezet\u0151<\/p>\n\n\n\n<p>Prozlik M\u00e1rta Napk\u00f6zi Otthonos \u00d3voda int\u00e9zm\u00e9nyvezet\u0151<br>Sebesty\u00e9n L\u00e1szl\u00f3n\u00e9 Justh Zsigmond M\u0171vel\u0151d\u00e9si H\u00e1z \u00e9s K\u00f6nyvt\u00e1r int\u00e9zm\u00e9nyvezet\u0151<br>Krivikn\u00e9 Zahorecz Anita Gondoz\u00e1si K\u00f6zpont int\u00e9zm\u00e9nyvezet\u0151<br>T\u00f3th M\u00e1ria Prog\u00e1dor Kft. \u00fcgyvezet\u0151<\/p>\n\n\n\n<p>T\u00f3th Antal Roma Nemzetis\u00e9gi \u00d6nkorm\u00e1nyzat\neln\u00f6ke<\/p>\n\n\n\n<p>3. napirendhez megh\u00edvva: Moln\u00e1r Vir\u00e1g, \u00e9s Wengerter Bernadett diak\u00f3niai k\u00e9pvisel\u0151<br>7-8. napirendhez megh\u00edvva: Ruzsinszki Ferenc p\u00e1ly\u00e1zati referens<\/p>\n\n\n\n<p>G\u00e1doros, 2020. j\u00fanius 25.<\/p>\n\n\n\n<p style=\"text-align:right\">Dr. Szil\u00e1gyi Tibor s. k.<br>polg\u00e1rmester<\/p>\n","protected":false},"excerpt":{"rendered":"<p>G\u00e1doros Nagyk\u00f6zs\u00e9g Polg\u00e1rmestere5932 G\u00e1doros, Kossuth u. 16.Telefon: 68\/490-001 M E G H \u00cd V \u00d3 G\u00e1doros Nagyk\u00f6zs\u00e9gi \u00d6nkorm\u00e1nyzat K\u00e9pvisel\u0151-test\u00fclete rendes \u00fcl\u00e9s\u00e9t 2020. j\u00fanius 30-\u00e1n (kedd) 16 \u00f3rai kezdettel tartja a K\u00f6zs\u00e9gh\u00e1za tan\u00e1cskoz\u00f3 term\u00e9ben, melyre tisztelettelmegh\u00edvom.<\/p>\n","protected":false},"author":0,"featured_media":0,"comment_status":"closed","ping_status":"closed","template":"","tags":[],"blog-category":[28],"_links":{"self":[{"href":"http:\/\/gadoros.hu\/index.php?rest_route=\/wp\/v2\/blog_post\/2366"}],"collection":[{"href":"http:\/\/gadoros.hu\/index.php?rest_route=\/wp\/v2\/blog_post"}],"about":[{"href":"http:\/\/gadoros.hu\/index.php?rest_route=\/wp\/v2\/types\/blog_post"}],"replies":[{"embeddable":true,"href":"http:\/\/gadoros.hu\/index.php?rest_route=%2Fwp%2Fv2%2Fcomments&post=2366"}],"wp:attachment":[{"href":"http:\/\/gadoros.hu\/index.php?rest_route=%2Fwp%2Fv2%2Fmedia&parent=2366"}],"wp:term":[{"taxonomy":"post_tag","embeddable":true,"href":"http:\/\/gadoros.hu\/index.php?rest_route=%2Fwp%2Fv2%2Ftags&post=2366"},{"taxonomy":"blog-category","embeddable":true,"href":"http:\/\/gadoros.hu\/index.php?rest_route=%2Fwp%2Fv2%2Fblog-category&post=2366"}],"curies":[{"name":"wp","href":"https:\/\/api.w.org\/{rel}","templated":true}]}}