{"id":1765,"date":"2019-10-04T10:05:43","date_gmt":"2019-10-04T10:05:43","guid":{"rendered":"http:\/\/www.gadoros.hu\/?post_type=blog_post&#038;p=1765"},"modified":"2019-10-09T11:12:18","modified_gmt":"2019-10-09T11:12:18","slug":"1765","status":"publish","type":"blog_post","link":"http:\/\/gadoros.hu\/?blog_post=1765","title":{"rendered":""},"content":{"rendered":"\n<h2 class=\"wp-block-heading\" style=\"text-align:center\"><strong>T\u00e1j\u00e9koztat\u00e1s<\/strong><\/h2>\n\n\n\n<p>A Bursa\nHungarica \u00d6szt\u00f6nd\u00edjban az 51\/2007. (III. 26.) Korm\u00e1nyrendelet 18. \u00a7 (2)\nbekezd\u00e9se alapj\u00e1n kiz\u00e1r\u00f3lag a telep\u00fcl\u00e9si \u00f6nkorm\u00e1nyzat ter\u00fclet\u00e9n \u00e1lland\u00f3\nlak\u00f3hellyel (a tov\u00e1bbiakban: lak\u00f3hely) rendelkez\u0151k r\u00e9szes\u00fclhetnek. [A\nKorm\u00e1nyrendelet \u201e\u00e1lland\u00f3 lak\u00f3hely\u201d fogalma a polg\u00e1rok szem\u00e9lyi adatainak \u00e9s\nlakc\u00edm\u00e9nek nyilv\u00e1ntart\u00e1s\u00e1r\u00f3l sz\u00f3l\u00f3 1992. \u00e9vi LXVI. t\u00f6rv\u00e9ny \u201elak\u00f3hely\u201d\nfogalm\u00e1nak feleltethet\u0151 meg, amelyet a p\u00e1ly\u00e1z\u00f3 a lakc\u00edmk\u00e1rty\u00e1j\u00e1val tud\nigazolni.] <\/p>\n\n\n\n<!--more-->\n\n\n\n<p><strong>Nem\nr\u00e9szes\u00fclhet \u00f6szt\u00f6nd\u00edjban az a p\u00e1ly\u00e1z\u00f3, aki: <\/strong><\/p>\n\n\n\n<p>&#8211; a Magyar\nHonv\u00e9ds\u00e9g \u00e9s a rendv\u00e9delmi feladatokat ell\u00e1t\u00f3 szervek hivat\u00e1sos \u00e9s szerz\u0151d\u00e9ses\n\u00e1llom\u00e1ny\u00fa hallgat\u00f3ja <\/p>\n\n\n\n<p>&#8211; doktori\n(PhD) k\u00e9pz\u00e9sben vesz r\u00e9szt <\/p>\n\n\n\n<p>&#8211; kiz\u00e1r\u00f3lag\nk\u00fclf\u00f6ldi int\u00e9zm\u00e9nnyel \u00e1ll hallgat\u00f3i jogviszonyban \u00e9s\/vagy vend\u00e9ghallgat\u00f3i\nk\u00e9pz\u00e9sben vesz r\u00e9szt. <\/p>\n\n\n\n<p><strong>1)a) Az\n&#8222;A&#8221; t\u00edpus\u00fa p\u00e1ly\u00e1zatra <\/strong>azok <strong>az \u00f6nkorm\u00e1nyzat ter\u00fclet\u00e9n lak\u00f3hellyel rendelkez\u0151,\nh\u00e1tr\u00e1nyos szoci\u00e1lis helyzet\u0171 hallgat\u00f3k <\/strong>jelentkezhetnek, akik fels\u0151oktat\u00e1si\nint\u00e9zm\u00e9nyben (fels\u0151oktat\u00e1si hallgat\u00f3i jogviszony keret\u00e9ben) <strong>teljes idej\u0171\n(nappali munkarend) alapfokozatot \u00e9s szakk\u00e9pzetts\u00e9get eredm\u00e9nyez\u0151\nalapk\u00e9pz\u00e9sben, mesterfokozatot \u00e9s szakk\u00e9pzetts\u00e9get eredm\u00e9nyez\u0151 mesterk\u00e9pz\u00e9sben,\nosztatlan k\u00e9pz\u00e9sben vagy fels\u0151fok\u00fa, illetve fels\u0151oktat\u00e1si szakk\u00e9pz\u00e9sben <\/strong>folytatj\u00e1k\ntanulm\u00e1nyaikat. <\/p>\n\n\n\n<p>Az \u00f6szt\u00f6nd\u00edjra\np\u00e1ly\u00e1zhatnak a 2019 szeptember\u00e9ben fels\u0151oktat\u00e1si tanulm\u00e1nyaik utols\u00f3 \u00e9v\u00e9t\nmegkezd\u0151 hallgat\u00f3k is. Amennyiben az \u00f6szt\u00f6nd\u00edjas hallgat\u00f3i jogviszonya 2020\n\u0151sz\u00e9n m\u00e1r nem \u00e1ll fenn, \u00fagy a 2020\/2021. tan\u00e9v els\u0151 f\u00e9l\u00e9v\u00e9re es\u0151 \u00f6szt\u00f6nd\u00edj m\u00e1r\nnem ker\u00fcl foly\u00f3s\u00edt\u00e1sra. Az \u00f6szt\u00f6nd\u00edjra p\u00e1ly\u00e1zatot ny\u00fajthatnak be azok a\nhallgat\u00f3k is, akiknek a hallgat\u00f3i jogviszonya a fels\u0151oktat\u00e1si int\u00e9zm\u00e9nyben a\np\u00e1ly\u00e1z\u00e1s id\u0151pontj\u00e1ban sz\u00fcnetel. Az \u00f6szt\u00f6nd\u00edj foly\u00f3s\u00edt\u00e1s\u00e1nak felt\u00e9tele, hogy a\n2019\/2020. tan\u00e9v m\u00e1sodik f\u00e9l\u00e9v\u00e9re a beiratkozott hallgat\u00f3 akt\u00edv hallgat\u00f3i\njogviszonnyal rendelkezzen. <\/p>\n\n\n\n<p><strong>b) A\n&#8222;B&#8221; t\u00edpus\u00fa p\u00e1ly\u00e1zatra <\/strong>azok <strong>az \u00f6nkorm\u00e1nyzat ter\u00fclet\u00e9n lak\u00f3hellyel rendelkez\u0151,\nh\u00e1tr\u00e1nyos szoci\u00e1lis helyzet\u0171, <\/strong>a 2019\/2020. tan\u00e9vben utols\u00f3 \u00e9ves, \u00e9retts\u00e9gi\nel\u0151tt \u00e1ll\u00f3 k\u00f6z\u00e9piskol\u00e1s, illetve fels\u0151fok\u00fa v\u00e9gzetts\u00e9ggel nem rendelkez\u0151, <strong>fels\u0151oktat\u00e1si\nint\u00e9zm\u00e9nybe felv\u00e9telt m\u00e9g nem nyert<\/strong>, \u00e9retts\u00e9gizett p\u00e1ly\u00e1z\u00f3k\njelentkezhetnek, akik <strong>a 2020\/2021. tan\u00e9vt\u0151l kezd\u0151d\u0151en <\/strong>fels\u0151oktat\u00e1si\nint\u00e9zm\u00e9nyben <strong>teljes idej\u0171 (nappali munkarend<\/strong>) alapk\u00e9pz\u00e9sben, osztatlan\nk\u00e9pz\u00e9sben vagy fels\u0151oktat\u00e1si szakk\u00e9pz\u00e9sben k\u00edv\u00e1nnak r\u00e9szt venni. <\/p>\n\n\n\n<p>A\n&#8222;B&#8221; t\u00edpus\u00fa p\u00e1ly\u00e1zatra jelentkez\u0151k k\u00f6z\u00fcl csak azok r\u00e9szes\u00fclhetnek\n\u00f6szt\u00f6nd\u00edjban, akik a 2020. \u00e9vi \u00e1ltal\u00e1nos felv\u00e9teli elj\u00e1r\u00e1sban el\u0151sz\u00f6r nyernek\nfelv\u00e9telt fels\u0151oktat\u00e1si int\u00e9zm\u00e9nybe \u00e9s tanulm\u00e1nyaikat a 2020\/2021. tan\u00e9vben t\u00e9nylegesen\nmegkezdik. <\/p>\n\n\n\n<p><strong>2) A\np\u00e1ly\u00e1zat beny\u00fajt\u00e1s\u00e1nak m\u00f3dja \u00e9s hat\u00e1rideje <\/strong><\/p>\n\n\n\n<p>A p\u00e1ly\u00e1zatot\naz EPER-Bursa rendszerben kit\u00f6ltve, v\u00e9gleges\u00edtve, onnan kinyomtatva, al\u00e1\u00edrva\nkiz\u00e1r\u00f3lag a lak\u00f3hely szerint illet\u00e9kes telep\u00fcl\u00e9si \u00f6nkorm\u00e1nyzat polg\u00e1rmesteri\nhivatal\u00e1n\u00e1l kell beny\u00fajtani szem\u00e9lyesen vagy postai \u00faton. A p\u00e1ly\u00e1zat\nr\u00f6gz\u00edt\u00e9s\u00e9nek \u00e9s az \u00f6nkorm\u00e1nyzathoz t\u00f6rt\u00e9n\u0151 beny\u00fajt\u00e1s\u00e1nak hat\u00e1rideje: <\/p>\n\n\n\n<p><strong>2019. november 5.<\/strong><\/p>\n\n\n\n<p>A\np\u00e1ly\u00e1zatbead\u00e1shoz az EPER-Bursa rendszerben egyszeri p\u00e1ly\u00e1z\u00f3i regisztr\u00e1ci\u00f3\nsz\u00fcks\u00e9ges, melynek el\u00e9r\u00e9se: <\/p>\n\n\n\n<p><a href=\"https:\/\/bursa.emet.hu\/paly\/palybelep.aspx\">https:\/\/bursa.emet.hu\/paly\/palybelep.aspx<\/a><\/p>\n\n\n\n<p><strong>Azok a\np\u00e1ly\u00e1z\u00f3k, akik a kor\u00e1bbi p\u00e1ly\u00e1zati \u00e9vekben regisztr\u00e1ltak a rendszerben, m\u00e1r nem\nregisztr\u00e1lhatnak \u00fajra, \u0151k a megl\u00e9v\u0151 felhaszn\u00e1l\u00f3n\u00e9v \u00e9s jelsz\u00f3 birtok\u00e1ban l\u00e9phetnek\nbe az EPER-Bursa rendszerbe. <\/strong>Amennyiben jelszavukat elfelejtett\u00e9k, az <em>Elfelejtett\njelsz\u00f3 <\/em>funkci\u00f3val k\u00e9rhetnek \u00faj jelsz\u00f3t. A p\u00e1ly\u00e1z\u00f3i regisztr\u00e1ci\u00f3t vagy a\nbel\u00e9p\u00e9st k\u00f6vet\u0151en lehets\u00e9ges a p\u00e1ly\u00e1zati adatok felt\u00f6lt\u00e9se a csatlakozott\n\u00f6nkorm\u00e1nyzatok p\u00e1ly\u00e1z\u00f3i r\u00e9sz\u00e9re. A p\u00e1ly\u00e1zati \u0171rlapot minden fordul\u00f3ban \u00fajra ki\nkell t\u00f6lteni! A szem\u00e9lyes \u00e9s p\u00e1ly\u00e1zati adatok ellen\u0151rz\u00e9s\u00e9t \u00e9s v\u00e9gleges\u00edt\u00e9s\u00e9t\nk\u00f6vet\u0151en a p\u00e1ly\u00e1zati \u0171rlapot kinyomtatva \u00e9s al\u00e1\u00edrva a telep\u00fcl\u00e9si\n\u00f6nkorm\u00e1nyzatn\u00e1l kell beny\u00fajtaniuk a p\u00e1ly\u00e1z\u00f3knak. A p\u00e1ly\u00e1zat csak a p\u00e1ly\u00e1zati\nki\u00edr\u00e1sban meghat\u00e1rozott csatoland\u00f3 mell\u00e9kletekkel egy\u00fctt \u00e9rv\u00e9nyes. A p\u00e1ly\u00e1zati\nki\u00edr\u00e1sban meghat\u00e1rozott valamely mell\u00e9klet hi\u00e1ny\u00e1ban a p\u00e1ly\u00e1zat formai hib\u00e1snak\nmin\u0151s\u00fcl. A beny\u00fajtott p\u00e1ly\u00e1zatok befogad\u00e1s\u00e1t az \u00f6nkorm\u00e1nyzat k\u00f6teles az EPER-Bursa\nrendszerben igazolni. A nem befogadott p\u00e1ly\u00e1zatok a b\u00edr\u00e1latban nem vesznek\nr\u00e9szt. <\/p>\n\n\n\n<p><strong>3) Az\n\u00f6szt\u00f6nd\u00edj id\u0151tartama \u00e9s az \u00f6szt\u00f6nd\u00edjjal \u00f6sszef\u00fcgg\u0151 k\u00f6zterhek <\/strong><\/p>\n\n\n\n<p><strong>a) Az\n\u00f6szt\u00f6nd\u00edj id\u0151tartama: <\/strong><\/p>\n\n\n\n<p>&#8222;A&#8221;\nt\u00edpus\u00fa p\u00e1ly\u00e1zat: 10 h\u00f3nap, azaz k\u00e9t egym\u00e1st k\u00f6vet\u0151 tanulm\u00e1nyi f\u00e9l\u00e9v (a\n2019\/2020. tan\u00e9v m\u00e1sodik f\u00e9l\u00e9ve \u00e9s a 2020\/2021. tan\u00e9v els\u0151 f\u00e9l\u00e9ve); <\/p>\n\n\n\n<p>&#8222;B&#8221;\nt\u00edpus\u00fa p\u00e1ly\u00e1zat: 3&#215;10 h\u00f3nap, azaz hat egym\u00e1st k\u00f6vet\u0151 tanulm\u00e1nyi f\u00e9l\u00e9v (a\n2020\/2021. tan\u00e9v, a 2021\/2022. \u00e9s a 2022\/2023. tan\u00e9v). <\/p>\n\n\n\n<p><strong>b) Az\n\u00f6szt\u00f6nd\u00edjjal \u00f6sszef\u00fcgg\u0151 k\u00f6zterhek: <\/strong><\/p>\n\n\n\n<p>Az elnyert\n\u00f6szt\u00f6nd\u00edjat k\u00f6zvetlen ad\u00f3- \u00e9s TB-j\u00e1rul\u00e9kfizet\u00e9si k\u00f6telezetts\u00e9g nem terheli\n(l\u00e1sd a szem\u00e9lyi j\u00f6vedelemad\u00f3r\u00f3l sz\u00f3l\u00f3 1995. \u00e9vi CXVII. t\u00f6rv\u00e9ny <\/p>\n\n\n\n<p>1. sz. mell\u00e9klet\n3.2.6., 4.17. pontj\u00e1t). <\/p>\n\n\n\n<p><strong>4) A\np\u00e1ly\u00e1zat k\u00f6telez\u0151 mell\u00e9kletei <\/strong><\/p>\n\n\n\n<p><strong>&#8222;A&#8221;\nt\u00edpus\u00fa p\u00e1ly\u00e1zat <\/strong><\/p>\n\n\n\n<p><strong>a) A fels\u0151oktat\u00e1si\nint\u00e9zm\u00e9ny \u00e1ltal kibocs\u00e1tott hallgat\u00f3i jogviszony-igazol\u00e1s a 2019\/2020. tan\u00e9v\nels\u0151 f\u00e9l\u00e9v\u00e9r\u0151l. <\/strong><\/p>\n\n\n\n<p>Amennyiben a\np\u00e1ly\u00e1z\u00f3 egy id\u0151ben t\u00f6bb fels\u0151oktat\u00e1si int\u00e9zm\u00e9nnyel is hallgat\u00f3i jogviszonyban\n\u00e1ll, p\u00e1ly\u00e1zat\u00e1ban csak azt a fels\u0151oktat\u00e1si int\u00e9zm\u00e9nyt kell megneveznie,\namellyel els\u0151k\u00e9nt l\u00e9tes\u00edtett hallgat\u00f3i jogviszonyt. A fels\u0151oktat\u00e1si int\u00e9zm\u00e9nyek\nszerz\u0151d\u00e9se alapj\u00e1n foly\u00f3, k\u00f6z\u00f6sen meghirdetett \u2013 egyik szakon nem hit\u00e9leti, a\nm\u00e1sik szakon hitoktat\u00f3, illetve hittan\u00e1r \u2013 k\u00e9tszakos k\u00e9pz\u00e9s eset\u00e9ben a hallgat\u00f3\naz \u00e1llami fels\u0151oktat\u00e1si int\u00e9zm\u00e9nyt k\u00f6teles megnevezni. <\/p>\n\n\n\n<p><strong>b) Igazol\u00e1s\na p\u00e1ly\u00e1z\u00f3 \u00e9s a p\u00e1ly\u00e1z\u00f3val egy h\u00e1ztart\u00e1sban \u00e9l\u0151k egy f\u0151re jut\u00f3 havi nett\u00f3\nj\u00f6vedelm\u00e9r\u0151l. <\/strong><\/p>\n\n\n\n<p><strong>c) A\nszoci\u00e1lis r\u00e1szorults\u00e1g igazol\u00e1s\u00e1ra az al\u00e1bbi okiratok: <\/strong><\/p>\n\n\n\n<p>&#8211; <strong>. . . <\/strong><\/p>\n\n\n\n<p>A tov\u00e1bbi\nmell\u00e9kleteket az elb\u00edr\u00e1l\u00f3 telep\u00fcl\u00e9si \u00f6nkorm\u00e1nyzat hat\u00e1rozza meg. <\/p>\n\n\n\n<p><strong>&#8222;B&#8221;\nt\u00edpus\u00fa p\u00e1ly\u00e1zat <\/strong><\/p>\n\n\n\n<p><strong>a) Igazol\u00e1s\na p\u00e1ly\u00e1z\u00f3 \u00e9s a p\u00e1ly\u00e1z\u00f3val egy h\u00e1ztart\u00e1sban \u00e9l\u0151k egy f\u0151re jut\u00f3 havi nett\u00f3\nj\u00f6vedelm\u00e9r\u0151l. <\/strong><\/p>\n\n\n\n<p><strong>b) A\nszoci\u00e1lis r\u00e1szorults\u00e1g igazol\u00e1s\u00e1ra az al\u00e1bbi okiratok: <\/strong><\/p>\n\n\n\n<p>&#8211; <strong>. . . <\/strong><\/p>\n\n\n\n<p>A tov\u00e1bbi\nmell\u00e9kleteket az elb\u00edr\u00e1l\u00f3 telep\u00fcl\u00e9si \u00f6nkorm\u00e1nyzat hat\u00e1rozza meg. <\/p>\n\n\n\n<p><strong>A p\u00e1ly\u00e1zati\n\u0171rlap csak a fent meghat\u00e1rozott k\u00f6telez\u0151 mell\u00e9kletekkel egy\u00fctt \u00e9rv\u00e9nyes,\nvalamely mell\u00e9klet hi\u00e1ny\u00e1ban a p\u00e1ly\u00e1zat formai hib\u00e1snak min\u0151s\u00fcl. <\/strong><\/p>\n\n\n\n<p><strong>5) A\np\u00e1ly\u00e1zat elb\u00edr\u00e1l\u00e1sa <\/strong><\/p>\n\n\n\n<p><strong>Az\n\u00f6szt\u00f6nd\u00edj elb\u00edr\u00e1l\u00e1sa kiz\u00e1r\u00f3lag szoci\u00e1lis r\u00e1szorults\u00e1g alapj\u00e1n, a p\u00e1ly\u00e1z\u00f3\ntanulm\u00e1nyi eredm\u00e9ny\u00e9t\u0151l f\u00fcggetlen\u00fcl t\u00f6rt\u00e9nik. <\/strong><\/p>\n\n\n\n<p>A p\u00e1ly\u00e1z\u00f3\nszoci\u00e1lis r\u00e1szorults\u00e1ga igazol\u00e1s\u00e1ra k\u00f6teles megadni a vele egy h\u00e1ztart\u00e1sban\n\u00e9l\u0151k (a p\u00e1ly\u00e1z\u00f3 lak\u00f3helye szerinti lak\u00e1sban \u00e9letvitelszer\u0171en egy\u00fctt lak\u00f3, ott\nbejelentett lak\u00f3hellyel vagy tart\u00f3zkod\u00e1si hellyel rendelkez\u0151 szem\u00e9lyek) egy\nf\u0151re jut\u00f3 havi nett\u00f3 j\u00f6vedelm\u00e9nek forint \u00f6sszeg\u00e9t. <\/p>\n\n\n\n<p><strong><em>J\u00f6vedelem:\n<\/em><\/strong><\/p>\n\n\n\n<p><em>A szoci\u00e1lis\nigazgat\u00e1sr\u00f3l \u00e9s szoci\u00e1lis ell\u00e1t\u00e1sokr\u00f3l sz\u00f3l\u00f3 1993. \u00e9vi III. t\u00f6rv\u00e9ny 4. \u00a7 (1)\nbekezd\u00e9s a) pontja alapj\u00e1n az elismert k\u00f6lts\u00e9gekkel \u00e9s a befizet\u00e9si\nk\u00f6telezetts\u00e9ggel cs\u00f6kkentett <\/em><\/p>\n\n\n\n<p><em>&#8211; aa) <\/em>a szem\u00e9lyi j\u00f6vedelemad\u00f3r\u00f3l sz\u00f3l\u00f3\n1995. \u00e9vi CXVII. t\u00f6rv\u00e9ny (a tov\u00e1bbiakban: Szjatv.) szerint meghat\u00e1rozott,\nbelf\u00f6ldr\u0151l vagy k\u00fclf\u00f6ldr\u0151l sz\u00e1rmaz\u00f3 &#8211; megszerzett &#8211; vagyoni \u00e9rt\u00e9k (bev\u00e9tel),\nide\u00e9rtve az Szjatv. 1. sz\u00e1m\u00fa mell\u00e9klete szerinti ad\u00f3mentes bev\u00e9telt<em>, \u00e9s <\/em><\/p>\n\n\n\n<p><em>&#8211; az a\nbev\u00e9tel, amely ut\u00e1n az egyszer\u0171s\u00edtett v\u00e1llalkoz\u00f3i ad\u00f3r\u00f3l, a kisad\u00f3z\u00f3\nv\u00e1llalkoz\u00e1sok t\u00e9teles ad\u00f3j\u00e1r\u00f3l \u00e9s a kisv\u00e1llalati ad\u00f3r\u00f3l sz\u00f3l\u00f3 t\u00f6rv\u00e9ny, vagy az\negyszer\u0171s\u00edtett k\u00f6ztehervisel\u00e9si hozz\u00e1j\u00e1rul\u00e1sr\u00f3l sz\u00f3l\u00f3 t\u00f6rv\u00e9ny szerint ad\u00f3t,\nilletve hozz\u00e1j\u00e1rul\u00e1st kell fizetni. <\/em><\/p>\n\n\n\n<p><strong><em>Elismert\nk\u00f6lts\u00e9gnek <\/em><\/strong><em>min\u0151s\u00fcl\na szem\u00e9lyi j\u00f6vedelemad\u00f3r\u00f3l sz\u00f3l\u00f3 t\u00f6rv\u00e9nyben elismert k\u00f6lts\u00e9g, valamint a\nfizetett tart\u00e1sd\u00edj. Ha a mag\u00e1nszem\u00e9ly az egyszer\u0171s\u00edtett v\u00e1llalkoz\u00f3i ad\u00f3 vagy\negyszer\u0171s\u00edtett k\u00f6ztehervisel\u00e9si hozz\u00e1j\u00e1rul\u00e1s alapj\u00e1ul szolg\u00e1l\u00f3 bev\u00e9telt szerez,\na bev\u00e9tel cs\u00f6kkenthet\u0151 a szem\u00e9lyi j\u00f6vedelemad\u00f3r\u00f3l sz\u00f3l\u00f3 t\u00f6rv\u00e9ny szerint\nelismert k\u00f6lts\u00e9gnek min\u0151s\u00fcl\u0151 igazolt kiad\u00e1sokkal, ennek hi\u00e1ny\u00e1ban a bev\u00e9tel\n40%-\u00e1val. Ha a mez\u0151gazdas\u00e1gi \u0151stermel\u0151 ad\u00f3\u00e9vi \u0151stermel\u00e9sb\u0151l sz\u00e1rmaz\u00f3 bev\u00e9tele\nnem t\u00f6bb a kistermel\u00e9s \u00e9rt\u00e9khat\u00e1r\u00e1n\u00e1l (illetve ha r\u00e9sz\u00e9re t\u00e1mogat\u00e1st\nfoly\u00f3s\u00edtottak, annak a foly\u00f3s\u00edtott t\u00e1mogat\u00e1ssal n\u00f6velt \u00f6sszeg\u00e9n\u00e9l), akkor a\nbev\u00e9tel cs\u00f6kkenthet\u0151 az igazolt k\u00f6lts\u00e9gekkel, tov\u00e1bb\u00e1 a bev\u00e9tel 40%-\u00e1nak\nmegfelel\u0151 \u00f6sszeggel, vagy a bev\u00e9tel 85%-\u00e1nak, illet\u0151leg \u00e1llatteny\u00e9szt\u00e9s eset\u00e9n\n94%-\u00e1nak megfelel\u0151 \u00f6sszeggel. <\/em><\/p>\n\n\n\n<p><strong><em>Befizet\u00e9si\nk\u00f6telezetts\u00e9gnek <\/em><\/strong><em>min\u0151s\u00fcl\na szem\u00e9lyi j\u00f6vedelemad\u00f3, az egyszer\u0171s\u00edtett v\u00e1llalkoz\u00e1si ad\u00f3, a mag\u00e1nszem\u00e9lyt\nterhel\u0151 egyszer\u0171s\u00edtett k\u00f6ztehervisel\u00e9si hozz\u00e1j\u00e1rul\u00e1s, eg\u00e9szs\u00e9g\u00fcgyi hozz\u00e1j\u00e1rul\u00e1s\n\u00e9s j\u00e1rul\u00e9k, eg\u00e9szs\u00e9g\u00fcgyi szolg\u00e1ltat\u00e1si j\u00e1rul\u00e9k, nyugd\u00edjj\u00e1rul\u00e9k,\nnyugd\u00edjbiztos\u00edt\u00e1si j\u00e1rul\u00e9k, mag\u00e1n-nyugd\u00edjp\u00e9nzt\u00e1ri tagd\u00edj \u00e9s munkav\u00e1llal\u00f3i\nj\u00e1rul\u00e9k. <\/em><\/p>\n\n\n\n<p><strong><em>Nem\nmin\u0151s\u00fcl j\u00f6vedelemnek <\/em><\/strong><\/p>\n\n\n\n<p><em>a) a\nrendk\u00edv\u00fcli telep\u00fcl\u00e9si t\u00e1mogat\u00e1s, a lak\u00e1sfenntart\u00e1si t\u00e1mogat\u00e1s, az\nad\u00f3ss\u00e1gcs\u00f6kkent\u00e9si t\u00e1mogat\u00e1s, valamint a lakhat\u00e1shoz kapcsol\u00f3d\u00f3 rendszeres\nkiad\u00e1sok visel\u00e9s\u00e9hez, a gy\u00f3gyszerkiad\u00e1sok visel\u00e9s\u00e9hez \u00e9s a lakhat\u00e1si\nkiad\u00e1sokhoz kapcsol\u00f3d\u00f3 h\u00e1tral\u00e9kot felhalmoz\u00f3 szem\u00e9lyek r\u00e9sz\u00e9re ny\u00fajtott\ntelep\u00fcl\u00e9si t\u00e1mogat\u00e1s, <\/em><\/p>\n\n\n\n<p><em>b) a\nrendk\u00edv\u00fcli gyermekv\u00e9delmi t\u00e1mogat\u00e1s, a gyermekek v\u00e9delm\u00e9r\u0151l \u00e9s a gy\u00e1m\u00fcgyi\nigazgat\u00e1sr\u00f3l sz\u00f3l\u00f3 1997. \u00e9vi XXXI. t\u00f6rv\u00e9ny (a tov\u00e1bbiakban: Gyvt.) 20\/A. \u00a7-a\nszerinti t\u00e1mogat\u00e1s, a Gyvt. 20\/B. \u00a7-\u00e1nak (4)-(5) bekezd\u00e9se szerinti p\u00f3tl\u00e9k, a\nnevel\u0151sz\u00fcl\u0151k sz\u00e1m\u00e1ra fizetett nevel\u00e9si d\u00edj \u00e9s k\u00fcl\u00f6n ell\u00e1tm\u00e1ny,<\/em><\/p>\n\n\n\n<p><em>c) az\nanyas\u00e1gi t\u00e1mogat\u00e1s, <\/em><\/p>\n\n\n\n<p><em>d) a\ntizenharmadik havi nyugd\u00edj \u00e9s a sz\u00e9pkor\u00faak jubileumi juttat\u00e1sa, <\/em><\/p>\n\n\n\n<p><em>e) a szem\u00e9lyes\ngondoskod\u00e1s\u00e9rt fizetend\u0151 szem\u00e9lyi t\u00e9r\u00edt\u00e9si d\u00edj meg\u00e1llap\u00edt\u00e1sa kiv\u00e9tel\u00e9vel a\ns\u00falyos mozg\u00e1skorl\u00e1tozott szem\u00e9lyek p\u00e9nzbeli k\u00f6zleked\u00e9si kedvezm\u00e9nyei, a vakok\nszem\u00e9lyi j\u00e1rad\u00e9ka \u00e9s a fogyat\u00e9koss\u00e1gi t\u00e1mogat\u00e1s, <\/em><\/p>\n\n\n\n<p><em>f) a fogad\u00f3\nszervezet \u00e1ltal az \u00f6nk\u00e9ntesnek k\u00fcl\u00f6n t\u00f6rv\u00e9ny alapj\u00e1n biztos\u00edtott juttat\u00e1s, <\/em><\/p>\n\n\n\n<p><em>g) az\nalkalmi munkav\u00e1llal\u00f3i k\u00f6nyvvel t\u00f6rt\u00e9n\u0151 munkav\u00e9gz\u00e9snek, az egyszer\u0171s\u00edtett\nfoglalkoztat\u00e1sr\u00f3l sz\u00f3l\u00f3 t\u00f6rv\u00e9ny alapj\u00e1n t\u00f6rt\u00e9n\u0151 munkav\u00e9gz\u00e9snek, valamint a\nterm\u00e9szetes szem\u00e9lyek k\u00f6z\u00f6tt az ad\u00f3rendszeren k\u00edv\u00fcli keresettel j\u00e1r\u00f3\nfoglalkoztat\u00e1sra vonatkoz\u00f3 rendelkez\u00e9sek alapj\u00e1n h\u00e1ztart\u00e1si munk\u00e1ra l\u00e9tes\u00edtett\nmunkav\u00e9gz\u00e9sre ir\u00e1nyul\u00f3 jogviszony keret\u00e9ben t\u00f6rt\u00e9n\u0151 munkav\u00e9gz\u00e9snek (a\ntov\u00e1bbiakban: h\u00e1ztart\u00e1si munka) a havi ellen\u00e9rt\u00e9ke, <\/em><\/p>\n\n\n\n<p><em>h) a h\u00e1zi\nseg\u00edts\u00e9gny\u00fajt\u00e1s keret\u00e9ben t\u00e1rsadalmi gondoz\u00e1s\u00e9rt kapott tiszteletd\u00edj, <\/em><\/p>\n\n\n\n<p><em>i) az\nenergiafelhaszn\u00e1l\u00e1shoz ny\u00fajtott t\u00e1mogat\u00e1s, <\/em><\/p>\n\n\n\n<p><em>j) a\nszoci\u00e1lis sz\u00f6vetkezet, valamint a k\u00f6z\u00e9rdek\u0171 nyugd\u00edjas sz\u00f6vetkezet \u00f6regs\u00e9gi\nnyugd\u00edjban vagy \u00e1tmeneti b\u00e1ny\u00e1sz j\u00e1rad\u00e9kban r\u00e9szes\u00fcl\u0151 tagja \u00e1ltal a\nsz\u00f6vetkezetben v\u00e9gzett tev\u00e9kenys\u00e9g ellen\u00e9rt\u00e9kek\u00e9nt megszerzett, a szem\u00e9lyi\nj\u00f6vedelemad\u00f3r\u00f3l sz\u00f3l\u00f3 t\u00f6rv\u00e9ny alapj\u00e1n ad\u00f3mentes bev\u00e9tel, <\/em><\/p>\n\n\n\n<p><em>k) az\n\u00e9letvitelszer\u0171en lakott ingatlan elad\u00e1sa, valamint az \u00e9letvitelszer\u0171en lakott\ningatlanon fenn\u00e1ll\u00f3 vagyoni \u00e9rt\u00e9k\u0171 jog \u00e1truh\u00e1z\u00e1sa eset\u00e9n az eladott ingatlan,\nilletve \u00e1truh\u00e1zott vagyoni \u00e9rt\u00e9k\u0171 jog ellen\u00e9rt\u00e9k\u00e9nek azon r\u00e9sze, amelyb\u0151l az\nelad\u00e1st vagy \u00e1truh\u00e1z\u00e1st k\u00f6vet\u0151 egy \u00e9ven bel\u00fcl az elad\u00f3 vagy \u00e1truh\u00e1z\u00f3 saj\u00e1t,\nvagy k\u00f6zeli hozz\u00e1tartoz\u00f3ja \u00e9letvitelszer\u0171, t\u00e9nyleges lakhat\u00e1s\u00e1nak c\u00e9lj\u00e1t\nszolg\u00e1l\u00f3 ingatlan vagy vagyoni \u00e9rt\u00e9k\u0171 jog v\u00e1s\u00e1rl\u00e1s\u00e1ra ker\u00fcl sor, <\/em><\/p>\n\n\n\n<p><em>l) az\nelengedett tartoz\u00e1s, illetve a megsz\u0171nt k\u00f6telezetts\u00e9g, ha a tartoz\u00e1s\nelenged\u00e9s\u00e9re vagy a k\u00f6telezetts\u00e9g megsz\u0171n\u00e9s\u00e9re a term\u00e9szetes szem\u00e9lyek\nad\u00f3ss\u00e1grendez\u00e9si elj\u00e1r\u00e1s\u00e1ban, tov\u00e1bb\u00e1 k\u00f6z\u00fczemi szolg\u00e1ltat\u00e1s szolg\u00e1ltat\u00f3ja,\nilletve p\u00e9nz\u00fcgyi int\u00e9zm\u00e9ny \u00e1ltal, az ad\u00f3s meg\u00e9lhet\u00e9s\u00e9t vesz\u00e9lyeztet\u0151 szoci\u00e1lis\nhelyzete miatt ker\u00fclt sor. <\/em><\/p>\n\n\n\n<p><strong>6)\nAdatkezel\u00e9s <\/strong><\/p>\n\n\n\n<p>A p\u00e1ly\u00e1z\u00f3k a\nk\u00f6vetkez\u0151 szem\u00e9lyi \u00e9s egy\u00e9b adataikat k\u00f6telesek a p\u00e1ly\u00e1zatban megadni: <\/p>\n\n\n\n<p><strong>&#8222;A&#8221;\nt\u00edpus\u00fa p\u00e1ly\u00e1zat: <\/strong>n\u00e9v;\nanyja sz\u00fclet\u00e9si neve; sz\u00fclet\u00e9si helye \u00e9s ideje; lak\u00f3helye (lakc\u00edmk\u00e1rty\u00e1val\nigazolhat\u00f3an); ad\u00f3azonos\u00edt\u00f3 jel; fels\u0151oktat\u00e1si int\u00e9zm\u00e9ny; kar; szak\/szakp\u00e1r\nmegnevez\u00e9se \u00e9s a fels\u0151fok\u00fa k\u00e9pz\u00e9s\u00e9re vonatkoz\u00f3 adatok; telefonsz\u00e1m; e-mail c\u00edm.\nA p\u00e1ly\u00e1z\u00f3 az int\u00e9zm\u00e9ny, kar \u00e9s szak\/szakp\u00e1r teljes nev\u00e9t a fels\u0151oktat\u00e1si\nint\u00e9zm\u00e9nyn\u00e9l nyilv\u00e1ntartott hivatalos form\u00e1ban k\u00f6teles megadni. <\/p>\n\n\n\n<p><strong>&#8222;B&#8221;\nt\u00edpus\u00fa p\u00e1ly\u00e1zat: <\/strong>n\u00e9v;\nanyja sz\u00fclet\u00e9si neve; sz\u00fclet\u00e9si helye \u00e9s ideje; lak\u00f3helye (lakc\u00edmk\u00e1rty\u00e1val\nigazolhat\u00f3an); ad\u00f3azonos\u00edt\u00f3 jel; telefonsz\u00e1m; e-mail c\u00edm. <\/p>\n\n\n\n<p>A p\u00e1ly\u00e1z\u00f3\np\u00e1ly\u00e1zata beny\u00fajt\u00e1s\u00e1val b\u00fcntet\u0151jogi felel\u0151ss\u00e9get v\u00e1llal az\u00e9rt, hogy az\nEPER-Bursa rendszerben r\u00f6gz\u00edtett, a p\u00e1ly\u00e1zati \u0171rlapon \u00e9s mell\u00e9kleteiben az\n\u00e1ltala felt\u00fcntetett adatok a val\u00f3s\u00e1gnak megfelelnek. Tudom\u00e1sul veszi, hogy\namennyiben a p\u00e1ly\u00e1zati \u0171rlapon \u00e9s mell\u00e9kleteiben nem a val\u00f3s\u00e1gnak megfelel\u0151\nadatokat t\u00fcntet fel, \u00fagy a Bursa Hungarica \u00d6szt\u00f6nd\u00edjrendszerb\u0151l p\u00e1ly\u00e1zata\nkiz\u00e1rhat\u00f3, a meg\u00edt\u00e9lt t\u00e1mogat\u00e1s visszavonhat\u00f3. <\/p>\n\n\n\n<p>A p\u00e1ly\u00e1zat\nbeny\u00fajt\u00e1s\u00e1val a p\u00e1ly\u00e1z\u00f3 tudom\u00e1sul veszi, hogy a T\u00e1mogat\u00e1skezel\u0151, az\n\u00f6nkorm\u00e1nyzatok \u00e9s a fels\u0151oktat\u00e1si int\u00e9zm\u00e9ny a p\u00e1ly\u00e1zati dokument\u00e1ci\u00f3ba foglalt\nszem\u00e9lyes adatait az \u00f6szt\u00f6nd\u00edjp\u00e1ly\u00e1zat lebonyol\u00edt\u00e1sa \u00e9s a t\u00e1mogat\u00e1sra val\u00f3\njogosults\u00e1g ellen\u0151rz\u00e9se c\u00e9lj\u00e1b\u00f3l az \u00f6szt\u00f6nd\u00edj t\u00e1mogat\u00e1s \u00e9letciklusa alatt\nkezelheti. Az adatkezel\u00e9sr\u0151l, az adatkezel\u00e9ssel kapcsolatos jogair\u00f3l, az \u00e1ltala\nig\u00e9nybe vehet\u0151 jogorvoslati lehet\u0151s\u00e9gekr\u0151l r\u00e9szletes t\u00e1j\u00e9koztat\u00e1s tal\u00e1lhat\u00f3 a\nT\u00e1mogat\u00e1skezel\u0151 honlapj\u00e1n az Adatv\u00e9delmi t\u00e1j\u00e9koztat\u00f3ban az al\u00e1bbi\nel\u00e9rhet\u0151s\u00e9gen: http:\/\/www.emet.gov.hu\/_userfiles\/szervezet\/kozlemenyek\/adatkezelesi_tajekoztato_palyazoknak.\npdf. <\/p>\n\n\n\n<p><strong>A fentieken\nt\u00falmen\u0151en a &#8222;B&#8221; t\u00edpus\u00fa p\u00e1ly\u00e1zat eset\u00e9ben: <\/strong><\/p>\n\n\n\n<p>A p\u00e1ly\u00e1z\u00f3k\nb\u00fcntet\u0151jogi felel\u0151ss\u00e9g\u00fck tudat\u00e1ban kijelentik, hogy a p\u00e1ly\u00e1zati \u0171rlap\nbeny\u00fajt\u00e1sakor fels\u0151oktat\u00e1si int\u00e9zm\u00e9nybe m\u00e9g nem nyertek felv\u00e9telt. <\/p>\n\n\n\n<p>A p\u00e1ly\u00e1z\u00f3k\np\u00e1ly\u00e1zatuk beny\u00fajt\u00e1s\u00e1val hozz\u00e1j\u00e1rulnak ahhoz, hogy a fels\u0151oktat\u00e1si int\u00e9zm\u00e9nybe\nt\u00f6rt\u00e9n\u0151 felv\u00e9teli jelentkez\u00e9s\u00fck eredm\u00e9ny\u00e9r\u0151l a fels\u0151oktat\u00e1si inform\u00e1ci\u00f3s\nrendszer m\u0171k\u00f6dtet\u00e9s\u00e9\u00e9rt felel\u0151s szerv a T\u00e1mogat\u00e1skezel\u0151nek, illet\u0151leg a\nt\u00e1mogat\u00f3 \u00f6nkorm\u00e1nyzatnak t\u00e1j\u00e9koztat\u00e1st ny\u00fajtson. <\/p>\n\n\n\n<p><strong>7) Az\n\u00f6szt\u00f6nd\u00edjasok bejelent\u00e9si k\u00f6telezetts\u00e9gei <\/strong><\/p>\n\n\n\n<p>Az\n\u00f6szt\u00f6nd\u00edjban r\u00e9szes\u00fcl\u0151 hallgat\u00f3 k\u00f6teles az \u00f6szt\u00f6nd\u00edj foly\u00f3s\u00edt\u00e1s\u00e1nak id\u0151szaka\nalatt minden, az \u00f6szt\u00f6nd\u00edj foly\u00f3s\u00edt\u00e1s\u00e1t \u00e9rint\u0151 v\u00e1ltoz\u00e1sr\u00f3l halad\u00e9ktalanul (de\nlegk\u00e9s\u0151bb 15 napon bel\u00fcl) \u00e9rtes\u00edteni a T\u00e1mogat\u00e1skezel\u0151t \u00e9s a foly\u00f3s\u00edt\u00f3\nfels\u0151oktat\u00e1si int\u00e9zm\u00e9nyt. A bejelent\u00e9st az EPER-Bursa rendszeren kereszt\u00fcl kell\nkezdem\u00e9nyezni. Az \u00e9rtes\u00edt\u00e9si k\u00f6telezetts\u00e9get a hallgat\u00f3 5 munkanapon bel\u00fcl\nk\u00f6teles teljes\u00edteni az al\u00e1bbi adatok v\u00e1ltoz\u00e1sakor: <\/p>\n\n\n\n<p>&#8211; <strong>tanulm\u00e1nyok\nhely\u00e9nek megv\u00e1ltoz\u00e1sa (\u00faj fels\u0151oktat\u00e1si int\u00e9zm\u00e9ny, kar, szak megad\u00e1s\u00e1val); <\/strong><\/p>\n\n\n\n<p>&#8211; <strong>tanulm\u00e1nyi\nst\u00e1tusz (munkarend, k\u00e9pz\u00e9si forma, finansz\u00edroz\u00e1si forma) v\u00e1ltoz\u00e1sa; <\/strong><\/p>\n\n\n\n<p>&#8211; <strong>szem\u00e9lyes\nadatainak (n\u00e9v, lak\u00f3hely, elektronikus levelez\u00e9si c\u00edm) v\u00e1ltoz\u00e1sa. <\/strong><\/p>\n\n\n\n<p>A <strong>&#8222;B&#8221;\nt\u00edpus\u00fa <\/strong>t\u00e1mogat\u00e1sban r\u00e9szes\u00edtett p\u00e1ly\u00e1z\u00f3 2020. augusztus 31-ig a\nfels\u0151oktat\u00e1si int\u00e9zm\u00e9ny felv\u00e9teli d\u00f6nt\u00e9sr\u0151l sz\u00f3l\u00f3 hat\u00e1rozata vagy az Oktat\u00e1si\nHivatal besorol\u00e1si hat\u00e1rozata m\u00e1solat\u00e1nak megk\u00fcld\u00e9s\u00e9vel k\u00f6teles a\nT\u00e1mogat\u00e1skezel\u0151 r\u00e9sz\u00e9re bejelenteni, hogy a 2020\/2021. tan\u00e9vben melyik\nfels\u0151oktat\u00e1si int\u00e9zm\u00e9nyben kezdi meg tanulm\u00e1nyait. A p\u00e1ly\u00e1z\u00f3 k\u00f6teles egy\u00fattal\naz EPER-Bursa rendszerb\u0151l kinyomtatott \u0171rlapon nyilatkozni arr\u00f3l, hogy a 2020.\n\u00e9vi fels\u0151oktat\u00e1si felv\u00e9teli \u00e9vet megel\u0151z\u0151en nyert-e felv\u00e9telt fels\u0151oktat\u00e1si\nint\u00e9zm\u00e9nybe. <\/p>\n\n\n\n<p>A\n&#8222;B&#8221; t\u00edpus\u00fa p\u00e1ly\u00e1zat sor\u00e1n t\u00e1mogat\u00e1sban r\u00e9szes\u00fcl\u0151 \u00f6szt\u00f6nd\u00edjas a\nt\u00e1mogat\u00e1s id\u0151tartama alatt p\u00e1ly\u00e1zhat az &#8222;A&#8221; t\u00edpus\u00fa \u00f6szt\u00f6nd\u00edjra.\nAmennyiben a &#8222;B&#8221; t\u00edpus\u00fa p\u00e1ly\u00e1zat sor\u00e1n t\u00e1mogat\u00e1sban r\u00e9szes\u00fcl\u0151\n\u00f6szt\u00f6nd\u00edjas a t\u00e1mogat\u00e1s id\u0151tartama alatt sikeresen p\u00e1ly\u00e1zik &#8222;A&#8221;\nt\u00edpus\u00fa \u00f6szt\u00f6nd\u00edjra, &#8222;B&#8221; t\u00edpus\u00fa \u00f6szt\u00f6nd\u00edj\u00e1t automatikusan elveszti. <\/p>\n\n\n\n<p>Az \u00f6szt\u00f6nd\u00edjas\nlemondhat a sz\u00e1m\u00e1ra meg\u00edt\u00e9lt t\u00e1mogat\u00e1sr\u00f3l, amit az EPER-Bursa rendszerben\nkezdem\u00e9nyezhet, \u00e9s az onnan let\u00f6lthet\u0151 Lemond\u00f3 nyilatkozatot al\u00e1\u00edrva \u00e9s postai\n\u00faton megk\u00fcldve a T\u00e1mogat\u00e1skezel\u0151 c\u00edm\u00e9re jelenthet be. A Lemond\u00f3 nyilatkozat\nbek\u00fcld\u00e9s\u00e9vel az \u00f6szt\u00f6nd\u00edjas a nyertes \u00f6szt\u00f6nd\u00edjp\u00e1ly\u00e1zat\u00e1t megsz\u00fcnteti, azaz a\nmegjel\u00f6lt f\u00e9l\u00e9vr\u0151l \u00e9s az \u00f6szt\u00f6nd\u00edj tov\u00e1bbi f\u00e9l\u00e9vi r\u00e9szleteir\u0151l is lemond. <\/p>\n\n\n\n<p>Az az\n\u00f6szt\u00f6nd\u00edjas, aki \u00e9rtes\u00edt\u00e9si k\u00f6telezetts\u00e9g\u00e9nek nem tesz eleget, az \u00f6szt\u00f6nd\u00edj\nfoly\u00f3s\u00edt\u00e1s\u00e1b\u00f3l \u00e9s az \u00f6szt\u00f6nd\u00edjrendszer k\u00f6vetkez\u0151 \u00e9vi fordul\u00f3j\u00e1b\u00f3l kiz\u00e1rhat\u00f3. Az\naz \u00f6szt\u00f6nd\u00edjas, aki hat\u00e1rid\u0151n bel\u00fcli \u00e9rtes\u00edt\u00e9si k\u00f6telezetts\u00e9g\u00e9nek elmulaszt\u00e1sa\nmiatt esik el az \u00f6szt\u00f6nd\u00edj foly\u00f3s\u00edt\u00e1s\u00e1t\u00f3l, a tanulm\u00e1nyi f\u00e9l\u00e9v lez\u00e1r\u00e1s\u00e1t\nk\u00f6vet\u0151en (j\u00fanius 30-ig, illetve janu\u00e1r 31-ig) ki nem fizetett \u00f6szt\u00f6nd\u00edj\u00e1ra m\u00e1r\nnem tarthat ig\u00e9nyt. <\/p>\n\n\n\n<p>Az \u00f6szt\u00f6nd\u00edjas\n30 napon bel\u00fcl k\u00f6teles a jogosulatlanul felvett \u00f6szt\u00f6nd\u00edjat a foly\u00f3s\u00edt\u00f3\nfels\u0151oktat\u00e1si int\u00e9zm\u00e9ny r\u00e9sz\u00e9re visszafizetni. <\/p>\n\n\n\n<p>Amennyiben\nmeg\u00e1llap\u00edt\u00e1st nyer, hogy a p\u00e1ly\u00e1z\u00f3 a p\u00e1ly\u00e1z\u00e1s sor\u00e1n nem a val\u00f3s\u00e1gnak megfelel\u0151\nadatokat szolg\u00e1ltatta vagy a p\u00e1ly\u00e1zati felt\u00e9teleknek nem felel meg,\nt\u00e1mogat\u00e1sban nem r\u00e9szes\u00fclhet, m\u00e9g abban az esetben sem, ha az \u00f6szt\u00f6nd\u00edj elnyer\u00e9s\u00e9r\u0151l\nsz\u00f3l\u00f3 t\u00e1j\u00e9koztat\u00e1st m\u00e1r k\u00e9zhez vette. <\/p>\n\n\n\n<p>G\u00e1doros,\n2019. okt\u00f3ber 04.<\/p>\n\n\n\n<p>Dr. Olasz Imr\u00e9n\u00e9 dr.<\/p>\n\n\n\n<p>jegyz\u0151<\/p>\n","protected":false},"excerpt":{"rendered":"<p>T\u00e1j\u00e9koztat\u00e1s A Bursa Hungarica \u00d6szt\u00f6nd\u00edjban az 51\/2007. (III. 26.) Korm\u00e1nyrendelet 18. \u00a7 (2) bekezd\u00e9se alapj\u00e1n kiz\u00e1r\u00f3lag a telep\u00fcl\u00e9si \u00f6nkorm\u00e1nyzat ter\u00fclet\u00e9n \u00e1lland\u00f3 lak\u00f3hellyel (a tov\u00e1bbiakban: lak\u00f3hely) rendelkez\u0151k r\u00e9szes\u00fclhetnek. [A Korm\u00e1nyrendelet \u201e\u00e1lland\u00f3 lak\u00f3hely\u201d fogalma a polg\u00e1rok szem\u00e9lyi adatainak \u00e9s lakc\u00edm\u00e9nek nyilv\u00e1ntart\u00e1s\u00e1r\u00f3l sz\u00f3l\u00f3 1992. \u00e9vi LXVI. t\u00f6rv\u00e9ny \u201elak\u00f3hely\u201d fogalm\u00e1nak feleltethet\u0151 meg, amelyet a p\u00e1ly\u00e1z\u00f3 a lakc\u00edmk\u00e1rty\u00e1j\u00e1val tud igazolni.]<\/p>\n","protected":false},"author":3,"featured_media":0,"comment_status":"closed","ping_status":"closed","template":"","tags":[],"blog-category":[28],"_links":{"self":[{"href":"http:\/\/gadoros.hu\/index.php?rest_route=\/wp\/v2\/blog_post\/1765"}],"collection":[{"href":"http:\/\/gadoros.hu\/index.php?rest_route=\/wp\/v2\/blog_post"}],"about":[{"href":"http:\/\/gadoros.hu\/index.php?rest_route=\/wp\/v2\/types\/blog_post"}],"author":[{"embeddable":true,"href":"http:\/\/gadoros.hu\/index.php?rest_route=\/wp\/v2\/users\/3"}],"replies":[{"embeddable":true,"href":"http:\/\/gadoros.hu\/index.php?rest_route=%2Fwp%2Fv2%2Fcomments&post=1765"}],"wp:attachment":[{"href":"http:\/\/gadoros.hu\/index.php?rest_route=%2Fwp%2Fv2%2Fmedia&parent=1765"}],"wp:term":[{"taxonomy":"post_tag","embeddable":true,"href":"http:\/\/gadoros.hu\/index.php?rest_route=%2Fwp%2Fv2%2Ftags&post=1765"},{"taxonomy":"blog-category","embeddable":true,"href":"http:\/\/gadoros.hu\/index.php?rest_route=%2Fwp%2Fv2%2Fblog-category&post=1765"}],"curies":[{"name":"wp","href":"https:\/\/api.w.org\/{rel}","templated":true}]}}