{"id":1744,"date":"2019-09-23T09:50:21","date_gmt":"2019-09-23T09:50:21","guid":{"rendered":"http:\/\/www.gadoros.hu\/?post_type=blog_post&#038;p=1744"},"modified":"2019-09-23T09:50:31","modified_gmt":"2019-09-23T09:50:31","slug":"1744","status":"publish","type":"blog_post","link":"http:\/\/gadoros.hu\/?blog_post=1744","title":{"rendered":""},"content":{"rendered":"\n<p><strong>G\u00e1doros Nagyk\u00f6zs\u00e9g Polg\u00e1rmestere<\/strong><br><strong>5932 G\u00e1doros, Kossuth u. 16.<\/strong><br>Telefon: 68\/490-001<\/p>\n\n\n\n<p style=\"text-align:center\"><strong>M E G H \u00cd V \u00d3<\/strong><\/p>\n\n\n\n<p style=\"text-align:center\">G\u00e1doros Nagyk\u00f6zs\u00e9gi \u00d6nkorm\u00e1nyzat <br>K\u00e9pvisel\u0151-test\u00fclete rendes \u00fcl\u00e9s\u00e9t<\/p>\n\n\n\n<p style=\"text-align:center\"><strong>2019. szeptember 24-\u00e9n 14 \u00f3rai<\/strong><\/p>\n\n\n\n<p style=\"text-align:center\">kezdettel tartja a K\u00f6zs\u00e9gh\u00e1za tan\u00e1cskoz\u00f3 term\u00e9ben, melyre tisztelettel<br><strong>megh\u00edvom.<\/strong><\/p>\n\n\n\n<!--more-->\n\n\n\n<p><strong>Nyilv\u00e1nos \u00fcl\u00e9s keret\u00e9ben:<\/strong><\/p>\n\n\n\n<ol><li> a.) A telep\u00fcl\u00e9s helyi \u00e9p\u00edt\u00e9si szab\u00e1lyzat\u00e1r\u00f3l sz\u00f3l\u00f3 18\/2005. (X. 27.) KT. sz\u00e1m\u00fa rendelet\u00e9nek m\u00f3dos\u00edt\u00e1s\u00e1r\u00f3l &#8211; b.) G\u00e1doros nagyk\u00f6zs\u00e9g telep\u00fcl\u00e9srendez\u00e9si eszk\u00f6zeinek m\u00f3dos\u00edt\u00e1sa t\u00e1rgy\u00e1ban &#8211; El\u0151ad\u00f3: Maronka Lajos polg\u00e1rmester<\/li><li> T\u00e1j\u00e9koztat\u00f3 a hullad\u00e9kgazd\u00e1lkod\u00e1si k\u00f6zszolg\u00e1ltat\u00e1s ell\u00e1t\u00e1sr\u00f3l &#8211; El\u0151ad\u00f3: Maronka Lajos polg\u00e1rmester<\/li><li>Besz\u00e1mol\u00f3 a B\u00e9k\u00e9s Megyei K\u00f6nyvt\u00e1r K\u00f6nyvt\u00e1rell\u00e1t\u00e1si Szolg\u00e1ltat\u00f3 Rendszerben v\u00e9gzett 2018. \u00e9vi munk\u00e1j\u00e1r\u00f3l &#8211; El\u0151ad\u00f3: Maronka Lajos polg\u00e1rmester<\/li><li>Jelent\u00e9s a hat\u00e1rozatok v\u00e9grehajt\u00e1s\u00e1r\u00f3l &#8211; El\u0151ad\u00f3: Maronka Lajos polg\u00e1rmester<\/li><li>Besz\u00e1mol\u00f3 az \u00f6nkorm\u00e1nyzat \u00e9s int\u00e9zm\u00e9nyei I. f\u00e9l\u00e9vi gazd\u00e1lkod\u00e1s\u00e1r\u00f3l &#8211; El\u0151ad\u00f3: Libor Zsoltn\u00e9 p\u00e9nz\u00fcgyi csoportvezet\u0151<\/li><li>T\u00e1j\u00e9koztat\u00f3 az \u00f3voda munk\u00e1j\u00e1r\u00f3l &#8211; El\u0151ad\u00f3: Maronka Lajos polg\u00e1rmester<\/li><li>Az \u00f3voda 2019\/2020. \u00e9vi munkaterv v\u00e9lem\u00e9nyez\u00e9se &#8211; El\u0151ad\u00f3<strong>:<\/strong> Maronka Lajos polg\u00e1rmester<\/li><li>Prog\u00e1dor Kft. t\u00e1j\u00e9koztat\u00f3ja &#8211; El\u0151ad\u00f3: Maronka Lajos polg\u00e1rmester<\/li><li>Sportegyes\u00fcletek gazd\u00e1lkod\u00e1s\u00e1r\u00f3l t\u00e1j\u00e9koztat\u00f3 &#8211; El\u0151ad\u00f3: Sportegyes\u00fcletek eln\u00f6kei<\/li><li>Polg\u00e1rmester, bizotts\u00e1gok munk\u00e1j\u00e1r\u00f3l, \u00e9s az \u00e1truh\u00e1zott hat\u00e1sk\u00f6rben hozott int\u00e9zked\u00e9sir\u0151l besz\u00e1mol\u00f3 &#8211; El\u0151ad\u00f3: Maronka Lajos polg\u00e1rmester, Cseresny\u00e9s K\u00e1rolyn\u00e9 P\u00e9nz\u00fcgyi \u00e9s Gazdas\u00e1gi Bizotts\u00e1g Eln\u00f6ke, F\u00e1bri Istv\u00e1n Szoci\u00e1lis, Ifj\u00fas\u00e1gv\u00e9delmi \u00e9s Oktat\u00e1si Bizotts\u00e1g Eln\u00f6ke, Varga Zsolt Telep\u00fcl\u00e9si \u00c9rt\u00e9kt\u00e1r Bizotts\u00e1g Eln\u00f6ke<\/li><li> Polg\u00e1rmesteri Hivatal besz\u00e1mol\u00f3ja a hivatal tev\u00e9kenys\u00e9g\u00e9r\u0151l &#8211; El\u0151ad\u00f3: Dr. Olasz Imr\u00e9n\u00e9 dr. jegyz\u0151<\/li><li>G\u00e1dorosi Birk\u00f3z\u00f3 Egyes\u00fclet k\u00e9relme &#8211; El\u0151ad\u00f3: Maronka Lajos polg\u00e1rmester<\/li><li>G\u00e1dorosi Motorosok Egyes\u00fclet k\u00e9relme &#8211; El\u0151ad\u00f3: Maronka Lajos polg\u00e1rmester<\/li><li>Csatlakoz\u00e1s a Bursa Hungarica Fels\u0151oktat\u00e1si \u00d6nkorm\u00e1nyzati \u00d6szt\u00f6nd\u00edjp\u00e1ly\u00e1zat 2020. \u00e9vi fordul\u00f3j\u00e1hoz &#8211; El\u0151ad\u00f3: Maronka Lajos polg\u00e1rmester<\/li><li>Fogorvosi praxis p\u00e1ly\u00e1zat t\u00e1rgy\u00e1ban &#8211; El\u0151ad\u00f3: Maronka Lajos polg\u00e1rmester<\/li><li> A VP6-7.2.1-7.4.1.2-16 k\u00f3dsz\u00e1m\u00fa K\u00fclter\u00fcleti helyi k\u00f6zutak fejleszt\u00e9se, \u00f6nkorm\u00e1nyzati utak kezel\u00e9s\u00e9hez, \u00e1llapotjav\u00edt\u00e1s\u00e1hoz, karbantart\u00e1s\u00e1hoz sz\u00fcks\u00e9ges er\u0151- \u00e9s munkag\u00e9pek beszerz\u00e9se megnevez\u00e9s\u0171 p\u00e1ly\u00e1zat t\u00e1rgy\u00e1ban &#8211; El\u0151ad\u00f3: Maronka Lajos polg\u00e1rmester<\/li><li>Bejelent\u00e9sek<\/li><\/ol>\n\n\n\n<p><strong>Valamennyi napirendi ponthoz megh\u00edvottak:<\/strong><br>Maronka Lajos polg\u00e1rmester, Dr. Kishonti Andr\u00e1s alpolg\u00e1rmester, Bencsik S\u00e1ndorn\u00e9, Cseresny\u00e9s K\u00e1rolyn\u00e9, F\u00e1bri Istv\u00e1n, Palai J\u00f3zsef \u00e9s Varga Zsolt telep\u00fcl\u00e9si k\u00e9pvisel\u0151k.<\/p>\n\n\n\n<p>B\u00e9k\u00e9s Megyei Korm\u00e1nyhivatal,\nKorm\u00e1nymegb\u00edzott<\/p>\n\n\n\n<p>Dr. Olasz Imr\u00e9n\u00e9 dr. jegyz\u0151<br>T\u00f3th Tibor igazgat\u00e1si csoportvezet\u0151<br>Libor Zsoltn\u00e9 p\u00e9nz\u00fcgyi csoportvezet\u0151<\/p>\n\n\n\n<p>Prozlik M\u00e1rta Napk\u00f6zi Otthonos \u00d3voda int\u00e9zm\u00e9nyvezet\u0151<br>Sebesty\u00e9n L\u00e1szl\u00f3n\u00e9 Justh Zsigmond M\u0171vel\u0151d\u00e9si H\u00e1z \u00e9s K\u00f6nyvt\u00e1r int\u00e9zm\u00e9nyvezet\u0151<br>Krivikn\u00e9 Zahorecz Anita Gondoz\u00e1si K\u00f6zpont int\u00e9zm\u00e9nyvezet\u0151<br>T\u00f3th M\u00e1ria Prog\u00e1dor Kft. \u00fcgyvezet\u0151je<\/p>\n\n\n\n<p>Farkas Zita Roma Nemzetis\u00e9gi \u00d6nkorm\u00e1nyzat\neln\u00f6k<\/p>\n\n\n\n<p>2. napirendhez megh\u00edvva a DAREH B\u00e1zis Zrt. igazgat\u00f3ja<br>3. napirendhez megh\u00edvva a B\u00e9k\u00e9s Megyei K\u00f6nyvt\u00e1r K\u00f6nyvt\u00e1rell\u00e1t\u00e1si Szolg\u00e1ltat\u00f3 Rendszer igazgat\u00f3ja<\/p>\n\n\n\n<p>G\u00e1doros, 2019. szeptember 16,<\/p>\n\n\n\n<p style=\"text-align:right\">Maronka Lajos s. k.<br>polg\u00e1rmester<\/p>\n","protected":false},"excerpt":{"rendered":"<p>G\u00e1doros Nagyk\u00f6zs\u00e9g Polg\u00e1rmestere5932 G\u00e1doros, Kossuth u. 16.Telefon: 68\/490-001 M E G H \u00cd V \u00d3 G\u00e1doros Nagyk\u00f6zs\u00e9gi \u00d6nkorm\u00e1nyzat K\u00e9pvisel\u0151-test\u00fclete rendes \u00fcl\u00e9s\u00e9t 2019. szeptember 24-\u00e9n 14 \u00f3rai kezdettel tartja a K\u00f6zs\u00e9gh\u00e1za tan\u00e1cskoz\u00f3 term\u00e9ben, melyre tisztelettelmegh\u00edvom.<\/p>\n","protected":false},"author":1,"featured_media":0,"comment_status":"closed","ping_status":"closed","template":"","tags":[],"blog-category":[28],"_links":{"self":[{"href":"http:\/\/gadoros.hu\/index.php?rest_route=\/wp\/v2\/blog_post\/1744"}],"collection":[{"href":"http:\/\/gadoros.hu\/index.php?rest_route=\/wp\/v2\/blog_post"}],"about":[{"href":"http:\/\/gadoros.hu\/index.php?rest_route=\/wp\/v2\/types\/blog_post"}],"author":[{"embeddable":true,"href":"http:\/\/gadoros.hu\/index.php?rest_route=\/wp\/v2\/users\/1"}],"replies":[{"embeddable":true,"href":"http:\/\/gadoros.hu\/index.php?rest_route=%2Fwp%2Fv2%2Fcomments&post=1744"}],"wp:attachment":[{"href":"http:\/\/gadoros.hu\/index.php?rest_route=%2Fwp%2Fv2%2Fmedia&parent=1744"}],"wp:term":[{"taxonomy":"post_tag","embeddable":true,"href":"http:\/\/gadoros.hu\/index.php?rest_route=%2Fwp%2Fv2%2Ftags&post=1744"},{"taxonomy":"blog-category","embeddable":true,"href":"http:\/\/gadoros.hu\/index.php?rest_route=%2Fwp%2Fv2%2Fblog-category&post=1744"}],"curies":[{"name":"wp","href":"https:\/\/api.w.org\/{rel}","templated":true}]}}