{"id":1511,"date":"2019-04-08T08:22:29","date_gmt":"2019-04-08T08:22:29","guid":{"rendered":"http:\/\/www.gadoros.hu\/?post_type=blog_post&#038;p=1511"},"modified":"2019-04-08T08:22:48","modified_gmt":"2019-04-08T08:22:48","slug":"1511","status":"publish","type":"blog_post","link":"http:\/\/gadoros.hu\/?blog_post=1511","title":{"rendered":""},"content":{"rendered":"\n<p><strong>G\u00e1doros Nagyk\u00f6zs\u00e9g Polg\u00e1rmestere<\/strong><br><strong>5932 G\u00e1doros, Kossuth u. 16.<\/strong><br>Telefon: 68\/490-001<\/p>\n\n\n\n<p style=\"text-align:center\"><strong>M E G H \u00cd V \u00d3<\/strong><\/p>\n\n\n\n<p style=\"text-align:center\">G\u00e1doros Nagyk\u00f6zs\u00e9gi \u00d6nkorm\u00e1nyzat <br>K\u00e9pvisel\u0151-test\u00fclete rendes \u00fcl\u00e9s\u00e9t<\/p>\n\n\n\n<p style=\"text-align:center\"><strong>2019. \u00e1prilis 9-\u00e9n (kedd) 14\n\u00f3rai<\/strong><\/p>\n\n\n\n<p style=\"text-align:center\">kezdettel tartja a K\u00f6zs\u00e9gh\u00e1za tan\u00e1cskoz\u00f3 term\u00e9ben, melyre tisztelettel<br><\/p>\n\n\n\n<p style=\"text-align:center\"> <strong>megh\u00edvom.<\/strong><\/p>\n\n\n\n<!--more-->\n\n\n\n<p><strong>Nyilv\u00e1nos \u00fcl\u00e9s keret\u00e9ben:<\/strong><\/p>\n\n\n\n<ol><li>Jelent\u00e9s a hat\u00e1rozatok v\u00e9grehajt\u00e1s\u00e1r\u00f3l <br>El\u0151ad\u00f3: Maronka Lajos polg\u00e1rmester <\/li><li>Magyar Falu p\u00e1ly\u00e1zat t\u00e1rgy\u00e1ban  <br>El\u0151ad\u00f3: Maronka Lajos polg\u00e1rmester <\/li><li>WIFI4EU p\u00e1ly\u00e1zat t\u00e1rgy\u00e1ban <br>El\u0151ad\u00f3: Maronka Lajos polg\u00e1rmester <\/li><li>Gyermeknap el\u0151k\u00e9sz\u00edt\u00e9se <br>El\u0151ad\u00f3: Maronka Lajos polg\u00e1rmester <\/li><li>Szennyv\u00edzberuh\u00e1z\u00e1ssal kapcsolatos r\u00e1csatlakoz\u00e1sr\u00f3l sz\u00f3l\u00f3 t\u00e1j\u00e9koztat\u00e1s <br>El\u0151ad\u00f3: Maronka Lajos polg\u00e1rmester  <\/li><li>\u201eB\u00e9k\u00e9s Megy\u00e9\u00e9rt\u201d kit\u00fcntet\u0151 d\u00edj adom\u00e1nyoz\u00e1s\u00e1r\u00f3l  <br>El\u0151ad\u00f3: Maronka Lajos polg\u00e1rmester <\/li><li>A t\u00e9li rezsics\u00f6kkent\u00e9sre v\u00e1s\u00e1rolt t\u0171zifa kieg\u00e9sz\u00edt\u00e9se <br>El\u0151ad\u00f3: Maronka Lajos polg\u00e1rmester <\/li><li>A Gondoz\u00e1si K\u00f6zpont r\u00e9sz\u00e9re plusz forr\u00e1s elk\u00fcl\u00f6n\u00edt\u00e9se <br>El\u0151ad\u00f3: Maronka Lajos polg\u00e1rmester <\/li><li>Bejelent\u00e9sek<\/li><\/ol>\n\n\n\n<p><strong>Valamennyi napirendi ponthoz megh\u00edvottak:<\/strong><br>Maronka Lajos polg\u00e1rmester, Dr. Kishonti Andr\u00e1s alpolg\u00e1rmester, Bencsik S\u00e1ndorn\u00e9, Cseresny\u00e9s K\u00e1rolyn\u00e9, F\u00e1bri Istv\u00e1n, Palai J\u00f3zsef \u00e9s Varga Zsolt telep\u00fcl\u00e9si k\u00e9pvisel\u0151k.<\/p>\n\n\n\n<p>B\u00e9k\u00e9s Megyei Korm\u00e1nyhivatal,\nKorm\u00e1nymegb\u00edzott<\/p>\n\n\n\n<p>Dr. Olasz Imr\u00e9n\u00e9 dr. jegyz\u0151<br>T\u00f3th Tibor igazgat\u00e1si csoportvezet\u0151<br>Libor Zsoltn\u00e9 p\u00e9nz\u00fcgyi csoportvezet\u0151<\/p>\n\n\n\n<p>Prozlik M\u00e1rta Napk\u00f6zi Otthonos \u00d3voda int\u00e9zm\u00e9nyvezet\u0151<br>Sebesty\u00e9n L\u00e1szl\u00f3n\u00e9 Justh Zsigmond M\u0171vel\u0151d\u00e9si H\u00e1z \u00e9s K\u00f6nyvt\u00e1r int\u00e9zm\u00e9nyvezet\u0151<br>B\u00e1nyikn\u00e9 R\u00e1cz T\u00fcnde Gondoz\u00e1si K\u00f6zpont int\u00e9zm\u00e9nyvezet\u0151<br>Farkas L\u00e1szl\u00f3 Prog\u00e1dor Kft. \u00fcgyvezet\u0151 igazgat\u00f3<\/p>\n\n\n\n<p>Farkas Zita Roma Nemzetis\u00e9gi\n\u00d6nkorm\u00e1nyzat eln\u00f6k<\/p>\n\n\n\n<p>G\u00e1doros, 2019. \u00e1prilis 4.<\/p>\n\n\n\n<p style=\"text-align:right\">Maronka Lajos s. k.<br>polg\u00e1rmester<\/p>\n","protected":false},"excerpt":{"rendered":"<p>G\u00e1doros Nagyk\u00f6zs\u00e9g Polg\u00e1rmestere5932 G\u00e1doros, Kossuth u. 16.Telefon: 68\/490-001 M E G H \u00cd V \u00d3 G\u00e1doros Nagyk\u00f6zs\u00e9gi \u00d6nkorm\u00e1nyzat K\u00e9pvisel\u0151-test\u00fclete rendes \u00fcl\u00e9s\u00e9t 2019. \u00e1prilis 9-\u00e9n (kedd) 14 \u00f3rai kezdettel tartja a K\u00f6zs\u00e9gh\u00e1za tan\u00e1cskoz\u00f3 term\u00e9ben, melyre tisztelettel megh\u00edvom.<\/p>\n","protected":false},"author":1,"featured_media":0,"comment_status":"closed","ping_status":"closed","template":"","tags":[],"blog-category":[28],"_links":{"self":[{"href":"http:\/\/gadoros.hu\/index.php?rest_route=\/wp\/v2\/blog_post\/1511"}],"collection":[{"href":"http:\/\/gadoros.hu\/index.php?rest_route=\/wp\/v2\/blog_post"}],"about":[{"href":"http:\/\/gadoros.hu\/index.php?rest_route=\/wp\/v2\/types\/blog_post"}],"author":[{"embeddable":true,"href":"http:\/\/gadoros.hu\/index.php?rest_route=\/wp\/v2\/users\/1"}],"replies":[{"embeddable":true,"href":"http:\/\/gadoros.hu\/index.php?rest_route=%2Fwp%2Fv2%2Fcomments&post=1511"}],"wp:attachment":[{"href":"http:\/\/gadoros.hu\/index.php?rest_route=%2Fwp%2Fv2%2Fmedia&parent=1511"}],"wp:term":[{"taxonomy":"post_tag","embeddable":true,"href":"http:\/\/gadoros.hu\/index.php?rest_route=%2Fwp%2Fv2%2Ftags&post=1511"},{"taxonomy":"blog-category","embeddable":true,"href":"http:\/\/gadoros.hu\/index.php?rest_route=%2Fwp%2Fv2%2Fblog-category&post=1511"}],"curies":[{"name":"wp","href":"https:\/\/api.w.org\/{rel}","templated":true}]}}