{"id":1440,"date":"2019-03-12T14:18:54","date_gmt":"2019-03-12T14:18:54","guid":{"rendered":"http:\/\/www.gadoros.hu\/?post_type=blog_post&#038;p=1440"},"modified":"2019-03-12T14:19:51","modified_gmt":"2019-03-12T14:19:51","slug":"1440","status":"publish","type":"blog_post","link":"http:\/\/gadoros.hu\/?blog_post=1440","title":{"rendered":""},"content":{"rendered":"\n<p style=\"text-align:center\" class=\"has-medium-font-size\"><strong>!! \u00c9RTES\u00cdT\u00c9S !! <\/strong><\/p>\n\n\n\n<p style=\"text-align:center\">\u00c9rtes\u00edtj\u00fck a Tisztelt Lakoss\u00e1got, hogy a <\/p>\n\n\n\n<p style=\"text-align:center\">DAREH B\u00c1ZIS Nonprofit Zrt. <\/p>\n\n\n\n<p style=\"text-align:center\"><strong>G\u00c1DOROS TELEP\u00dcL\u00c9SEN<\/strong><\/p>\n\n\n\n<p style=\"text-align:center\"><strong>2019. m\u00e1jus 9-\u00e9n<\/strong><\/p>\n\n\n\n<p style=\"text-align:center\"><strong>lomtalan\u00edt\u00e1si napot tart.<\/strong><\/p>\n\n\n\n<p style=\"text-align:center\">K\u00e9rj\u00fck, hogy az elsz\u00e1ll\u00edt\u00e1sra v\u00e1r\u00f3 <\/p>\n\n\n\n<p style=\"text-align:center\">lomot reggel 7:00 \u00f3r\u00e1ig helyezz\u00e9k ki az <\/p>\n\n\n\n<p style=\"text-align:center\">ingatlan el\u00e9, melyet c\u00e9g\u00fcnk <\/p>\n\n\n\n<p style=\"text-align:center\">d\u00edjmentesen sz\u00e1ll\u00edt el.<\/p>\n\n\n\n<!--more-->\n\n\n\n<p><strong>NEM KER\u00dcL ELSZ\u00c1LL\u00cdT\u00c1SRA:<\/strong><\/p>\n\n\n\n<ul><li><strong>&#8211; <\/strong>az \u00e9p\u00edt\u00e9si t\u00f6rmel\u00e9k,<\/li><li> &#8211; elektromos h\u00e1ztart\u00e1si eszk\u00f6z,<\/li><li> &#8211; gumiabroncs,<\/li><li> &#8211; vesz\u00e9lyes hullad\u00e9k (akkumul\u00e1tor, fest\u00e9k, f\u00e1radt olaj, h\u00edg\u00edt\u00f3, n\u00f6v\u00e9ny-v\u00e9d\u0151szer stb.),<\/li><li> &#8211; z\u00f6ldhullad\u00e9k.<\/li><\/ul>\n\n\n\n<p>Az el nem sz\u00e1ll\u00edthat\u00f3 hullad\u00e9kok a hullad\u00e9kgy\u0171jt\u0151\nudvarokon adhat\u00f3ak le.<\/p>\n\n\n\n<p><strong>K\u00e9rj\u00fck, a fentiek\nbetart\u00e1s\u00e1val j\u00e1ruljon hozz\u00e1 a telep\u00fcl\u00e9s tisztas\u00e1g\u00e1hoz!<\/strong><\/p>\n\n\n\n<p style=\"text-align:right\">&nbsp;&nbsp;&nbsp;&nbsp;&nbsp;&nbsp;&nbsp;&nbsp;&nbsp;&nbsp;&nbsp;&nbsp;&nbsp;&nbsp;&nbsp;&nbsp;&nbsp;&nbsp;&nbsp;&nbsp;&nbsp;&nbsp;&nbsp;&nbsp;&nbsp;&nbsp;&nbsp;&nbsp;&nbsp;&nbsp;&nbsp;&nbsp;&nbsp;&nbsp;&nbsp;&nbsp;&nbsp;&nbsp;&nbsp;&nbsp;&nbsp;&nbsp;&nbsp;&nbsp;&nbsp;&nbsp;&nbsp;&nbsp;&nbsp;&nbsp;&nbsp;&nbsp;&nbsp;&nbsp;&nbsp;&nbsp;&nbsp;&nbsp;&nbsp;&nbsp;&nbsp;&nbsp;&nbsp;&nbsp;&nbsp;&nbsp;&nbsp;&nbsp;&nbsp; DAREH B\u00c1ZIS<br><br> Hullad\u00e9kgazd\u00e1lkod\u00e1si Nonprofit Zrt.<br> <br>&nbsp;&nbsp;&nbsp;&nbsp;&nbsp;&nbsp;&nbsp;&nbsp;&nbsp;&nbsp;&nbsp;&nbsp;&nbsp;&nbsp;&nbsp;&nbsp;&nbsp;&nbsp;&nbsp;&nbsp;&nbsp;&nbsp;&nbsp;&nbsp;&nbsp;&nbsp;&nbsp;&nbsp;&nbsp;&nbsp;&nbsp;&nbsp;&nbsp;&nbsp;&nbsp;&nbsp;&nbsp;&nbsp;&nbsp;&nbsp;&nbsp;&nbsp;&nbsp;&nbsp;&nbsp;&nbsp;&nbsp;&nbsp;&nbsp;&nbsp;&nbsp;&nbsp;&nbsp;&nbsp;&nbsp;&nbsp;&nbsp;&nbsp;&nbsp;&nbsp;&nbsp;&nbsp;&nbsp;&nbsp;&nbsp;&nbsp;&nbsp;&nbsp;&nbsp;&nbsp;&nbsp; <a href=\"http:\/\/www.dareh.hu\">www.dareh.hu<\/a> <\/p>\n","protected":false},"excerpt":{"rendered":"<p>!! \u00c9RTES\u00cdT\u00c9S !! \u00c9rtes\u00edtj\u00fck a Tisztelt Lakoss\u00e1got, hogy a DAREH B\u00c1ZIS Nonprofit Zrt. G\u00c1DOROS TELEP\u00dcL\u00c9SEN 2019. m\u00e1jus 9-\u00e9n lomtalan\u00edt\u00e1si napot tart. K\u00e9rj\u00fck, hogy az elsz\u00e1ll\u00edt\u00e1sra v\u00e1r\u00f3 lomot reggel 7:00 \u00f3r\u00e1ig helyezz\u00e9k ki az ingatlan el\u00e9, melyet c\u00e9g\u00fcnk d\u00edjmentesen sz\u00e1ll\u00edt el.<\/p>\n","protected":false},"author":0,"featured_media":0,"comment_status":"closed","ping_status":"closed","template":"","tags":[],"blog-category":[28],"_links":{"self":[{"href":"http:\/\/gadoros.hu\/index.php?rest_route=\/wp\/v2\/blog_post\/1440"}],"collection":[{"href":"http:\/\/gadoros.hu\/index.php?rest_route=\/wp\/v2\/blog_post"}],"about":[{"href":"http:\/\/gadoros.hu\/index.php?rest_route=\/wp\/v2\/types\/blog_post"}],"replies":[{"embeddable":true,"href":"http:\/\/gadoros.hu\/index.php?rest_route=%2Fwp%2Fv2%2Fcomments&post=1440"}],"wp:attachment":[{"href":"http:\/\/gadoros.hu\/index.php?rest_route=%2Fwp%2Fv2%2Fmedia&parent=1440"}],"wp:term":[{"taxonomy":"post_tag","embeddable":true,"href":"http:\/\/gadoros.hu\/index.php?rest_route=%2Fwp%2Fv2%2Ftags&post=1440"},{"taxonomy":"blog-category","embeddable":true,"href":"http:\/\/gadoros.hu\/index.php?rest_route=%2Fwp%2Fv2%2Fblog-category&post=1440"}],"curies":[{"name":"wp","href":"https:\/\/api.w.org\/{rel}","templated":true}]}}