{"id":1439,"date":"2019-03-12T13:15:11","date_gmt":"2019-03-12T13:15:11","guid":{"rendered":"http:\/\/www.gadoros.hu\/?post_type=blog_post&#038;p=1439"},"modified":"2019-03-12T13:16:24","modified_gmt":"2019-03-12T13:16:24","slug":"1439","status":"publish","type":"blog_post","link":"http:\/\/gadoros.hu\/?blog_post=1439","title":{"rendered":""},"content":{"rendered":"\n<p style=\"text-align:center\" class=\"has-medium-font-size\"><strong>Ebz\u00e1rlat \u00e9s legeltet\u00e9si tilalom<\/strong><\/p>\n\n\n\n<p>T\u00e1j\u00e9koztatom\nG\u00e1doros nagyk\u00f6zs\u00e9g lakoss\u00e1g\u00e1t, hogy <strong>a B\u00e9k\u00e9s Megyei Korm\u00e1nyhivatal Orosh\u00e1zi\nJ\u00e1r\u00e1si Hivatala \u00c9lelmiszerl\u00e1nc-biztons\u00e1gi \u00e9s \u00c1llateg\u00e9szs\u00e9g\u00fcgyi Oszt\u00e1lya<\/strong> <strong>G\u00e1doros\nk\u00f6zigazgat\u00e1si ter\u00fclet\u00e9re<\/strong> a r\u00f3k\u00e1k veszetts\u00e9g elleni sz\u00e1jon \u00e1t t\u00f6rt\u00e9n\u0151\nimmuniz\u00e1l\u00e1sa miatt <strong>2019. m\u00e1rcius 30. napj\u00e1t\u00f3l 2019. \u00e1prilis 20. napj\u00e1ig\nterjed\u0151 id\u0151szakra <\/strong><\/p>\n\n\n\n<p><strong>ebz\u00e1rlatot \u00e9s legeltet\u00e9si tilalmat rendelt el.<\/strong><\/p>\n\n\n\n<!--more-->\n\n\n\n<p><strong>A z\u00e1rlat al\u00e1 vont helyen az al\u00e1bbi\nszab\u00e1lyok l\u00e9pnek \u00e9letbe:<\/strong><\/p>\n\n\n\n<ol><li>Tart\u00e1si hely\u00e9n minden kuty\u00e1t\nelz\u00e1rva, illet\u0151leg megk\u00f6tve kell tartani \u00fagy, hogy a kihelyezett\ncsal\u00e9tek-vakcin\u00e1val ne \u00e9rintkezhessenek.<\/li><li>A telep\u00fcl\u00e9s ter\u00fclet\u00e9r\u0151l kuty\u00e1t\nkiz\u00e1r\u00f3lag \u00e9rv\u00e9nyes veszetts\u00e9g elleni v\u00e9d\u0151olt\u00e1s megl\u00e9te eset\u00e9n, csak a hat\u00f3s\u00e1gi\n\u00e1llatorvos kedvez\u0151 eredm\u00e9ny\u0171 vizsg\u00e1lata ut\u00e1n \u00e9s enged\u00e9ly\u00e9vel szabad kivinni.<\/li><li>Az \u00e9rv\u00e9nyes veszetts\u00e9g elleni\nv\u00e9d\u0151olt\u00e1ssal rendelkez\u0151 vad\u00e1szebek, a fegyveres er\u0151k \u00e9s fegyveres test\u00fcletek\nebei, a katasztr\u00f3fa-ment\u0151 ebek, a seg\u00edt\u0151 \u00e9s ter\u00e1pi\u00e1s ebek, valamint a\nl\u00e1t\u00e1ss\u00e9r\u00fclt embereket vezet\u0151 ebek rendeltet\u00e9si c\u00e9ljuknak megfelel\u0151 haszn\u00e1latuk\nidej\u00e9re mentesek a korl\u00e1toz\u00e1s al\u00f3l.<\/li><li>&nbsp;Kuty\u00e1t tart\u00e1si hely\u00e9r\u0151l csak p\u00f3r\u00e1zon vezetve\n\u00e9s sz\u00e1jkos\u00e1rral szabad kivinni.<\/li><li>Az ebz\u00e1rlat alatt h\u00fasev\u0151 \u00e1llatok\n\u00f6sszevezet\u00e9s\u00e9vel j\u00e1r\u00f3 rendezv\u00e9ny nem tarthat\u00f3.<\/li><li>A Telep\u00fcl\u00e9si \u00d6nkorm\u00e1nyzat k\u00f6teles a\nszabadon tal\u00e1lt, k\u00f3bor ebek befog\u00e1sa ir\u00e1nt int\u00e9zkedni. Az ebz\u00e1rlat tartama\nalatt befogott k\u00f3bor h\u00fasev\u0151ket hat\u00f3s\u00e1gi megfigyel\u00e9s al\u00e1 kell helyezni.<\/li><li>A jelzett id\u0151szakban a telep\u00fcl\u00e9s\nk\u00f6zigazgat\u00e1si ter\u00fclet\u00e9n a legeltet\u00e9s tilos.<\/li><\/ol>\n\n\n\n<p>Amennyiben rendk\u00edv\u00fcli esem\u00e9ny t\u00f6rt\u00e9nik (v\u00e9letlen vagy\nsz\u00e1nd\u00e9kos emberi \u00e9rintkez\u00e9s a vakcin\u00e1val) azt a B\u00e9k\u00e9s Megyei Korm\u00e1nyhivatal\nOrosh\u00e1zi J\u00e1r\u00e1si Hivatala \u00c9lelmiszerl\u00e1nc-biztons\u00e1gi \u00e9s \u00c1llateg\u00e9szs\u00e9g\u00fcgyi\nOszt\u00e1ly\u00e1hoz (5900 Orosh\u00e1za, Szabads\u00e1g t\u00e9r 3. sz. Telefonsz\u00e1m: 06-68-510-650) \u00e9s\na B\u00e9k\u00e9s Megyei Korm\u00e1nyhivatal Orosh\u00e1zi J\u00e1r\u00e1si Hivatala N\u00e9peg\u00e9szs\u00e9g\u00fcgyi\nOszt\u00e1ly\u00e1hoz (5900 Orosh\u00e1za, Szabads\u00e1g t\u00e9r 3. sz. Telefonsz\u00e1m: 06-68-417-283\nvagy annak Mez\u0151kov\u00e1csh\u00e1zai Kirendelts\u00e9g\u00e9hez 5800 Mez\u0151kov\u00e1csh\u00e1za, H\u0151s\u00f6k tere 1.\nsz. Telefonsz\u00e1m: 06-68-381-144) halad\u00e9ktalanul be kell jelenteni.<\/p>\n\n\n\n<p>Amennyiben az alkalmazott csal\u00e9tek-vakcina b\u0151rre,\nsebbe, szembe, orrba, sz\u00e1jba, ny\u00e1lkah\u00e1rty\u00e1ra ker\u00fcl, halad\u00e9ktalanul orvoshoz\nkell fordulni.<\/p>\n\n\n\n<p>Amennyiben a\nvakcin\u00e1zott ter\u00fcleten vadon \u00e9l\u0151 \u00e9s\/vagy h\u00e1zi\u00e1llat elhullott tetem\u00e9t fellelik,\nannak \u00e9rintetlen\u00fcl hagy\u00e1sa mellett halad\u00e9ktalanul \u00e9rtes\u00edteni kell a ter\u00fcletileg\nillet\u00e9kes hat\u00f3s\u00e1gi \u00e1llatorvost vagy a helyi \u00f6nkorm\u00e1nyzatot vagy a\nvad\u00e1szt\u00e1rsas\u00e1got.<\/p>\n\n\n\n<p>G\u00e1doros,\n2019. m\u00e1rcius 12.<\/p>\n","protected":false},"excerpt":{"rendered":"<p>Ebz\u00e1rlat \u00e9s legeltet\u00e9si tilalom T\u00e1j\u00e9koztatom G\u00e1doros nagyk\u00f6zs\u00e9g lakoss\u00e1g\u00e1t, hogy a B\u00e9k\u00e9s Megyei Korm\u00e1nyhivatal Orosh\u00e1zi J\u00e1r\u00e1si Hivatala \u00c9lelmiszerl\u00e1nc-biztons\u00e1gi \u00e9s \u00c1llateg\u00e9szs\u00e9g\u00fcgyi Oszt\u00e1lya G\u00e1doros k\u00f6zigazgat\u00e1si ter\u00fclet\u00e9re a r\u00f3k\u00e1k veszetts\u00e9g elleni sz\u00e1jon \u00e1t t\u00f6rt\u00e9n\u0151 immuniz\u00e1l\u00e1sa miatt 2019. m\u00e1rcius 30. napj\u00e1t\u00f3l 2019. \u00e1prilis 20. napj\u00e1ig terjed\u0151 id\u0151szakra ebz\u00e1rlatot \u00e9s legeltet\u00e9si tilalmat rendelt el.<\/p>\n","protected":false},"author":0,"featured_media":0,"comment_status":"closed","ping_status":"closed","template":"","tags":[],"blog-category":[28],"_links":{"self":[{"href":"http:\/\/gadoros.hu\/index.php?rest_route=\/wp\/v2\/blog_post\/1439"}],"collection":[{"href":"http:\/\/gadoros.hu\/index.php?rest_route=\/wp\/v2\/blog_post"}],"about":[{"href":"http:\/\/gadoros.hu\/index.php?rest_route=\/wp\/v2\/types\/blog_post"}],"replies":[{"embeddable":true,"href":"http:\/\/gadoros.hu\/index.php?rest_route=%2Fwp%2Fv2%2Fcomments&post=1439"}],"wp:attachment":[{"href":"http:\/\/gadoros.hu\/index.php?rest_route=%2Fwp%2Fv2%2Fmedia&parent=1439"}],"wp:term":[{"taxonomy":"post_tag","embeddable":true,"href":"http:\/\/gadoros.hu\/index.php?rest_route=%2Fwp%2Fv2%2Ftags&post=1439"},{"taxonomy":"blog-category","embeddable":true,"href":"http:\/\/gadoros.hu\/index.php?rest_route=%2Fwp%2Fv2%2Fblog-category&post=1439"}],"curies":[{"name":"wp","href":"https:\/\/api.w.org\/{rel}","templated":true}]}}