{"id":1428,"date":"2019-03-11T10:37:22","date_gmt":"2019-03-11T10:37:22","guid":{"rendered":"http:\/\/www.gadoros.hu\/?post_type=blog_post&#038;p=1428"},"modified":"2019-03-11T10:37:30","modified_gmt":"2019-03-11T10:37:30","slug":"1428","status":"publish","type":"blog_post","link":"http:\/\/gadoros.hu\/?blog_post=1428","title":{"rendered":""},"content":{"rendered":"\n<p><strong>G\u00e1doros Nagyk\u00f6zs\u00e9gi \u00d6nkorm\u00e1nyzat<\/strong><br><strong>K\u00e9pvisel\u0151-test\u00fclet\u00e9nek P\u00e9nz\u00fcgyi \u00e9s Gazdas\u00e1gi Bizotts\u00e1ga<\/strong><br><strong>5932 G\u00e1doros, Kossuth u. 16.<\/strong><br><strong>Telefon: 68\/490-001<\/strong><\/p>\n\n\n\n<p style=\"text-align:center\"><strong>M E G H \u00cd V \u00d3<\/strong><\/p>\n\n\n\n<p style=\"text-align:center\">G\u00e1doros Nagyk\u00f6zs\u00e9gi \u00d6nkorm\u00e1nyzat K\u00e9pvisel\u0151-test\u00fclet\u00e9nek<br>P\u00e9nz\u00fcgyi \u00e9s Gazdas\u00e1gi Bizotts\u00e1ga k\u00f6vetkez\u0151 \u00fcl\u00e9s\u00e9t<\/p>\n\n\n\n<p style=\"text-align:center\"><strong>2019. m\u00e1rcius 12-\u00e9n (kedd) 13:30 \u00f3rai kezdettel<\/strong><\/p>\n\n\n\n<p style=\"text-align:center\">tartja a K\u00f6zs\u00e9gh\u00e1za tan\u00e1cskoz\u00f3 term\u00e9ben, melyre tisztelettel <br><br> <strong>megh\u00edvom.<\/strong><\/p>\n\n\n\n<!--more-->\n\n\n\n<p><strong>Nyilv\u00e1nos \u00fcl\u00e9s\nkeret\u00e9ben:<\/strong><\/p>\n\n\n\n<ol><li>T\u00e9r\u00edt\u00e9si d\u00edjak fel\u00fclvizsg\u00e1lata<\/li><li>2019. \u00e9vi k\u00f6zbeszerz\u00e9si terv elfogad\u00e1sa<\/li><li>Az Alf\u00f6ldv\u00edz Zrt. vagyonkezel\u00e9si szerz\u0151d\u00e9s m\u00f3dos\u00edt\u00e1s\u00e1r\u00f3l<\/li><li>A kiegyenl\u00edt\u0151 b\u00e9rrendez\u00e9si alap t\u00e1mogat\u00e1s\u00e1r\u00f3l<\/li><li>Kiscs\u00e1k\u00f3i Kft. b\u00e9rleti szerz\u0151d\u00e9s<\/li><li>C\u00edmer haszn\u00e1lat enged\u00e9lyez\u00e9se<\/li><li>Piac gazdas\u00e1gfejleszt\u00e9se tervez\u0151 \u00e1ltali m\u00f3dos\u00edtott k\u00f6lts\u00e9gvet\u00e9s<\/li><li>\u00d6nkorm\u00e1nyzat tulajdon\u00e1ban l\u00e9v\u0151 g\u00e9pi t\u00e1rgyi eszk\u00f6z\u00f6k \u00e9rt\u00e9kes\u00edt\u00e9se<\/li><li>Muhel J\u00e1nos k\u00e9relme<\/li><li>T\u00e1j\u00e9koztat\u00f3 a Prog\u00e1dor Kft. \u00e1ltal felvett hitellel kapcsolatban<\/li><li>K\u00fatf\u00far\u00e1s d\u00edj\u00e1nak megel\u0151legez\u00e9se (kedden osztott anyag)<\/li><li>Utca n\u00e9vt\u00e1bl\u00e1k k\u00e9sz\u00edt\u00e9se<\/li><li>T\u00e1rsash\u00e1zi ingatlan felaj\u00e1nl\u00e1sa<\/li><li>K\u00fclter\u00fcleti utak p\u00e1ly\u00e1zata t\u00e1rgy\u00e1ban<\/li><li>Bejelent\u00e9sek: &#8211; 1) Hagyom\u00e1ny\u0151rz\u0151 \u00e9s Falusz\u00e9p\u00edt\u0151 Egyes\u00fclet k\u00e9sedelmi k\u00f6tb\u00e9r \u00fcgye &#8211; 2) Temet\u0151 b\u0151v\u00edt\u00e9s\u00e9vel t\u00e1rgy\u00e1ban<\/li><\/ol>\n\n\n\n<p><strong>A napirendi pontokhoz megh\u00edvva:<\/strong><br>Cseresny\u00e9s K\u00e1rolyn\u00e9 eln\u00f6k, F\u00e1bri Istv\u00e1n, Varga Zsolt, Koll\u00e1r Szilvia \u00e9s Palai J\u00f3zsef bizotts\u00e1gi tagok, Maronka Lajos polg\u00e1rmester, Dr. Kishonti Andr\u00e1s alpolg\u00e1rmester, Bencsik S\u00e1ndorn\u00e9 telep\u00fcl\u00e9si k\u00e9pvisel\u0151, Dr. Olasz Imr\u00e9n\u00e9 dr. jegyz\u0151, T\u00f3th Tibor igazgat\u00e1si csoportvezet\u0151, Libor Zsoltn\u00e9 p\u00e9nz\u00fcgyi csoportvezet\u0151<\/p>\n\n\n\n<p>G\u00e1doros, 2019. m\u00e1rcius 7.<\/p>\n\n\n\n<p style=\"text-align:right\">Cseresny\u00e9s K\u00e1rolyn\u00e9 s. k.<br>P\u00e9nz\u00fcgyi \u00e9s Gazdas\u00e1gi Bizotts\u00e1g eln\u00f6ke<\/p>\n","protected":false},"excerpt":{"rendered":"<p>G\u00e1doros Nagyk\u00f6zs\u00e9gi \u00d6nkorm\u00e1nyzatK\u00e9pvisel\u0151-test\u00fclet\u00e9nek P\u00e9nz\u00fcgyi \u00e9s Gazdas\u00e1gi Bizotts\u00e1ga5932 G\u00e1doros, Kossuth u. 16.Telefon: 68\/490-001 M E G H \u00cd V \u00d3 G\u00e1doros Nagyk\u00f6zs\u00e9gi \u00d6nkorm\u00e1nyzat K\u00e9pvisel\u0151-test\u00fclet\u00e9nekP\u00e9nz\u00fcgyi \u00e9s Gazdas\u00e1gi Bizotts\u00e1ga k\u00f6vetkez\u0151 \u00fcl\u00e9s\u00e9t 2019. m\u00e1rcius 12-\u00e9n (kedd) 13:30 \u00f3rai kezdettel tartja a K\u00f6zs\u00e9gh\u00e1za tan\u00e1cskoz\u00f3 term\u00e9ben, melyre tisztelettel megh\u00edvom.<\/p>\n","protected":false},"author":1,"featured_media":0,"comment_status":"closed","ping_status":"closed","template":"","tags":[],"blog-category":[28],"_links":{"self":[{"href":"http:\/\/gadoros.hu\/index.php?rest_route=\/wp\/v2\/blog_post\/1428"}],"collection":[{"href":"http:\/\/gadoros.hu\/index.php?rest_route=\/wp\/v2\/blog_post"}],"about":[{"href":"http:\/\/gadoros.hu\/index.php?rest_route=\/wp\/v2\/types\/blog_post"}],"author":[{"embeddable":true,"href":"http:\/\/gadoros.hu\/index.php?rest_route=\/wp\/v2\/users\/1"}],"replies":[{"embeddable":true,"href":"http:\/\/gadoros.hu\/index.php?rest_route=%2Fwp%2Fv2%2Fcomments&post=1428"}],"wp:attachment":[{"href":"http:\/\/gadoros.hu\/index.php?rest_route=%2Fwp%2Fv2%2Fmedia&parent=1428"}],"wp:term":[{"taxonomy":"post_tag","embeddable":true,"href":"http:\/\/gadoros.hu\/index.php?rest_route=%2Fwp%2Fv2%2Ftags&post=1428"},{"taxonomy":"blog-category","embeddable":true,"href":"http:\/\/gadoros.hu\/index.php?rest_route=%2Fwp%2Fv2%2Fblog-category&post=1428"}],"curies":[{"name":"wp","href":"https:\/\/api.w.org\/{rel}","templated":true}]}}