{"id":1380,"date":"2019-02-18T08:24:58","date_gmt":"2019-02-18T08:24:58","guid":{"rendered":"http:\/\/www.gadoros.hu\/?post_type=blog_post&#038;p=1380"},"modified":"2019-02-18T08:30:20","modified_gmt":"2019-02-18T08:30:20","slug":"1380","status":"publish","type":"blog_post","link":"http:\/\/gadoros.hu\/?blog_post=1380","title":{"rendered":""},"content":{"rendered":"\n<p style=\"text-align:center\"><strong>Tisztelt\n\u00dcgyfel\u00fcnk!<\/strong><\/p>\n\n\n\n<p style=\"text-align:center\"><strong>Ez\u00faton\nt\u00e1j\u00e9koztatjuk, hogy T\u00e1rsas\u00e1gunk, az NKM \u00c1ramh\u00e1l\u00f3zati Kft. az \u00f6n felhaszn\u00e1l\u00e1si\nhely\u00e9t ell\u00e1t\u00f3 k\u00f6zc\u00e9l\u00fa villamos h\u00e1l\u00f3zaton el\u0151re tervezett munk\u00e1latokat fog\nv\u00e9gezni, melyek id\u0151tartam\u00e1ban a villamosenergia-szolg\u00e1ltat\u00e1s sz\u00fcnetelni fog.<\/strong><\/p>\n\n\n\n<!--more-->\n\n\n\n<p style=\"text-align:center\"><strong>Berendez\u00e9seinket\naz \u00e1ramsz\u00fcnet ideje alatt is fesz\u00fclts\u00e9g alatt \u00e1ll\u00f3nak kell tekinteni! Aggreg\u00e1tor\nhaszn\u00e1lata kiz\u00e1r\u00f3lag T\u00e1rsas\u00e1gunkt\u00f3l el\u0151zetesen megk\u00e9rt, \u00edr\u00e1sbeli enged\u00e9ly\nalapj\u00e1n t\u00f6rt\u00e9nhet. <\/strong><strong>Amennyiben saj\u00e1t vagy b\u00e9relt aggreg\u00e1tort k\u00edv\u00e1n alkalmazni sz\u00edveskedjen az\n\u00e1ramsz\u00fcnetet megel\u0151z\u0151en legal\u00e1bb 5 nappal elektronikus lev\u00e9lben a <\/strong><\/p>\n\n\n\n<p style=\"text-align:center\"><strong>\u201ehozzaferesi.iroda@nkmaramhalozat.hu\u201d e-mail c\u00edmre\nbejelenteni, melynek t\u00e1rgya &#8222;Aggreg\u00e1tor haszn\u00e1lat&#8221; legyen!<\/strong> <strong><\/strong><\/p>\n\n\n\n<p style=\"text-align:center\"><strong>Levele\ntartalmazza az \u00d6n nev\u00e9t, telefonos el\u00e9rhet\u0151s\u00e9g\u00e9t, tov\u00e1bb\u00e1 azon felhaszn\u00e1l\u00e1si\nhely c\u00edm\u00e9t \u00e9s 0400-val kezd\u0151d\u0151 10 jegy\u0171 azonos\u00edt\u00f3j\u00e1t, ahol aggreg\u00e1torozni\nk\u00edv\u00e1n!<\/strong><\/p>\n\n\n\n<p style=\"text-align:center\"><strong>\u00dcdv\u00f6zlettel:<\/strong><\/p>\n\n\n\n<p style=\"text-align:right\"><strong>NKM\n\u00c1ramh\u00e1l\u00f3zati<\/strong><strong> <\/strong><strong>Kft.<\/strong><\/p>\n\n\n\n<table class=\"wp-block-table\"><tbody><tr><td> <\/td><\/tr><\/tbody><\/table>\n\n\n\n<p><strong>2019.02.22. 07:30 &#8211; 16:30<\/strong><br><strong>id\u0151szakban az al\u00e1bbi ter\u00fcleteken:<\/strong><br><br><strong>G\u00e1doros,<\/strong><br><strong>Arany J\u00e1nos utca 1-57,2-54; <\/strong><br><strong>Dar\u00e1nyi utca 3-39,4-40; <\/strong><br><strong>Dob\u00f3 Istv\u00e1n utca 1-45,2-20; <\/strong><br><strong>F\u0151 utca 1-57,2-32; <\/strong><br><strong>J\u00f3kai utca 1-805\/2HRS,2-28; <\/strong><br><strong>Kossuth Lajos utca 25-49,32-52; <\/strong><br><strong>Nagy utca 5-47,2-38; <\/strong><br><strong>R\u00e1k\u00f3czi Ferenc utca 3-59,2-56; <\/strong><br><strong>Szabads\u00e1g utca 1-33,2-42; <\/strong><br><strong>Tanya 3\/B-227,10-228; <\/strong><\/p>\n","protected":false},"excerpt":{"rendered":"<p>Tisztelt \u00dcgyfel\u00fcnk! Ez\u00faton t\u00e1j\u00e9koztatjuk, hogy T\u00e1rsas\u00e1gunk, az NKM \u00c1ramh\u00e1l\u00f3zati Kft. az \u00f6n felhaszn\u00e1l\u00e1si hely\u00e9t ell\u00e1t\u00f3 k\u00f6zc\u00e9l\u00fa villamos h\u00e1l\u00f3zaton el\u0151re tervezett munk\u00e1latokat fog v\u00e9gezni, melyek id\u0151tartam\u00e1ban a villamosenergia-szolg\u00e1ltat\u00e1s sz\u00fcnetelni fog.<\/p>\n","protected":false},"author":0,"featured_media":0,"comment_status":"closed","ping_status":"closed","template":"","tags":[],"blog-category":[28],"_links":{"self":[{"href":"http:\/\/gadoros.hu\/index.php?rest_route=\/wp\/v2\/blog_post\/1380"}],"collection":[{"href":"http:\/\/gadoros.hu\/index.php?rest_route=\/wp\/v2\/blog_post"}],"about":[{"href":"http:\/\/gadoros.hu\/index.php?rest_route=\/wp\/v2\/types\/blog_post"}],"replies":[{"embeddable":true,"href":"http:\/\/gadoros.hu\/index.php?rest_route=%2Fwp%2Fv2%2Fcomments&post=1380"}],"wp:attachment":[{"href":"http:\/\/gadoros.hu\/index.php?rest_route=%2Fwp%2Fv2%2Fmedia&parent=1380"}],"wp:term":[{"taxonomy":"post_tag","embeddable":true,"href":"http:\/\/gadoros.hu\/index.php?rest_route=%2Fwp%2Fv2%2Ftags&post=1380"},{"taxonomy":"blog-category","embeddable":true,"href":"http:\/\/gadoros.hu\/index.php?rest_route=%2Fwp%2Fv2%2Fblog-category&post=1380"}],"curies":[{"name":"wp","href":"https:\/\/api.w.org\/{rel}","templated":true}]}}