{"id":1330,"date":"2019-01-11T09:57:12","date_gmt":"2019-01-11T09:57:12","guid":{"rendered":"http:\/\/www.gadoros.hu\/?post_type=blog_post&#038;p=1330"},"modified":"2019-01-11T10:17:22","modified_gmt":"2019-01-11T10:17:22","slug":"1330","status":"publish","type":"blog_post","link":"http:\/\/gadoros.hu\/?blog_post=1330","title":{"rendered":""},"content":{"rendered":"\n<p><strong>G\u00e1doros Nagyk\u00f6zs\u00e9g \u00d6nkorm\u00e1nyzata<\/strong><br><strong>K\u00e9pvisel\u0151-test\u00fclet\u00e9nek<\/strong> <br><strong>Szoci\u00e1lis, Ifj\u00fas\u00e1gv\u00e9delmi \u00e9s Oktat\u00e1si Bizotts\u00e1ga<\/strong> <br><strong>5932 G\u00e1doros, Kossuth u. 16.<\/strong> <br><\/p>\n\n\n\n<p style=\"text-align:center\"><strong>M E G H \u00cd V \u00d3<\/strong><\/p>\n\n\n\n<p style=\"text-align:center\">A Szoci\u00e1lis, Ifj\u00fas\u00e1gv\u00e9delmi \u00e9s Oktat\u00e1si Bizotts\u00e1g \u00fcl\u00e9s\u00e9t<br><br> <strong>2019. janu\u00e1r 15-\u00e9n (kedd) 12:30 \u00f3r\u00e1t\u00f3l tartja<\/strong> <br> <br>a K\u00f6zs\u00e9gh\u00e1za tan\u00e1cskoz\u00f3 term\u00e9ben, <br>mely \u00fcl\u00e9sre tisztelettel megh\u00edvom.<br><\/p>\n\n\n\n<!--more-->\n\n\n\n<p><strong>Nyilv\u00e1nos \u00fcl\u00e9s\nkeret\u00e9ben:<\/strong><\/p>\n\n\n\n<ol><li>SzMSz m\u00f3dos\u00edt\u00e1s<\/li><li>Roma Nemzetis\u00e9gi \u00d6nkorm\u00e1nyzattal k\u00f6t\u00f6tt egy\u00fcttm\u0171k\u00f6d\u00e9si meg\u00e1llapod\u00e1s fel\u00fclvizsg\u00e1lata<\/li><li>Telep\u00fcl\u00e9si\n\u00c9rt\u00e9kt\u00e1r Bizotts\u00e1g SZMSZ-\u00e9nek megt\u00e1rgyal\u00e1sa<\/li><li>2019.\n\u00e9vi START munkaprogramok tervezet\u00e9nek beny\u00fajt\u00e1sa<\/li><li>Napk\u00f6zi\nOtthonos \u00d3voda maxim\u00e1lis csoportl\u00e9tsz\u00e1m t\u00fall\u00e9p\u00e9s enged\u00e9lyez\u00e9se<\/li><li>Gyermek-\n\u00e9s Ifj\u00fas\u00e1gi \u00d6nkorm\u00e1nyzati T\u00e1rsas\u00e1ggal val\u00f3 egy\u00fcttm\u0171k\u00f6d\u00e9si sz\u00e1nd\u00e9kr\u00f3l val\u00f3\nnyilatkozat<\/li><li>Bejelent\u00e9sek<\/li><\/ol>\n\n\n\n<p><strong>A napirendi ponthoz megh\u00edvva:<\/strong><br>F\u00e1bri Istv\u00e1n eln\u00f6k, Bencsik S\u00e1ndorn\u00e9 \u00e9s J\u00e1mborcsik L\u00e1szl\u00f3 bizotts\u00e1gi tagok, Maronka Lajos polg\u00e1rmester, Dr. Kishonti Andr\u00e1s alpolg\u00e1rmester, Cseresny\u00e9s K\u00e1rolyn\u00e9, Palai J\u00f3zsef \u00e9s Varga Zsolt telep\u00fcl\u00e9si k\u00e9pvisel\u0151k, Dr. Olasz Imr\u00e9n\u00e9 dr. jegyz\u0151. <\/p>\n\n\n\n<p>G\u00e1doros, 2019. janu\u00e1r 10. <\/p>\n\n\n\n<p style=\"text-align:right\">F\u00e1bri Istv\u00e1n s. k. <br>Bizotts\u00e1g Eln\u00f6ke <\/p>\n","protected":false},"excerpt":{"rendered":"<p>G\u00e1doros Nagyk\u00f6zs\u00e9g \u00d6nkorm\u00e1nyzataK\u00e9pvisel\u0151-test\u00fclet\u00e9nek Szoci\u00e1lis, Ifj\u00fas\u00e1gv\u00e9delmi \u00e9s Oktat\u00e1si Bizotts\u00e1ga 5932 G\u00e1doros, Kossuth u. 16. M E G H \u00cd V \u00d3 A Szoci\u00e1lis, Ifj\u00fas\u00e1gv\u00e9delmi \u00e9s Oktat\u00e1si Bizotts\u00e1g \u00fcl\u00e9s\u00e9t 2019. janu\u00e1r 15-\u00e9n (kedd) 12:30 \u00f3r\u00e1t\u00f3l tartja a K\u00f6zs\u00e9gh\u00e1za tan\u00e1cskoz\u00f3 term\u00e9ben, mely \u00fcl\u00e9sre tisztelettel megh\u00edvom.<\/p>\n","protected":false},"author":0,"featured_media":0,"comment_status":"closed","ping_status":"closed","template":"","tags":[],"blog-category":[28],"_links":{"self":[{"href":"http:\/\/gadoros.hu\/index.php?rest_route=\/wp\/v2\/blog_post\/1330"}],"collection":[{"href":"http:\/\/gadoros.hu\/index.php?rest_route=\/wp\/v2\/blog_post"}],"about":[{"href":"http:\/\/gadoros.hu\/index.php?rest_route=\/wp\/v2\/types\/blog_post"}],"replies":[{"embeddable":true,"href":"http:\/\/gadoros.hu\/index.php?rest_route=%2Fwp%2Fv2%2Fcomments&post=1330"}],"wp:attachment":[{"href":"http:\/\/gadoros.hu\/index.php?rest_route=%2Fwp%2Fv2%2Fmedia&parent=1330"}],"wp:term":[{"taxonomy":"post_tag","embeddable":true,"href":"http:\/\/gadoros.hu\/index.php?rest_route=%2Fwp%2Fv2%2Ftags&post=1330"},{"taxonomy":"blog-category","embeddable":true,"href":"http:\/\/gadoros.hu\/index.php?rest_route=%2Fwp%2Fv2%2Fblog-category&post=1330"}],"curies":[{"name":"wp","href":"https:\/\/api.w.org\/{rel}","templated":true}]}}