{"id":1313,"date":"2018-12-21T07:58:49","date_gmt":"2018-12-21T07:58:49","guid":{"rendered":"http:\/\/www.gadoros.hu\/?post_type=blog_post&#038;p=1313"},"modified":"2018-12-21T08:03:17","modified_gmt":"2018-12-21T08:03:17","slug":"1313","status":"publish","type":"blog_post","link":"http:\/\/gadoros.hu\/?blog_post=1313","title":{"rendered":""},"content":{"rendered":"\n<p style=\"text-align:center\"><strong>T\u00c1J\u00c9KOZTAT\u00c1S\nHULLAD\u00c9KGAZD\u00c1LKOD\u00c1SI K\u00d6ZSZOLG\u00c1LTAT\u00c1SR\u00d3L<\/strong><\/p>\n\n\n\n<p style=\"text-align:center\"><strong>2019. I. negyed\u00e9v &#8211; G\u00e1doros<\/strong><\/p>\n\n\n\n<!--more-->\n\n\n\n<p>\u00dcgyf\u00e9lkapcsolati\npont helysz\u00edne:&nbsp;&nbsp;&nbsp;&nbsp;&nbsp;&nbsp;&nbsp;&nbsp;&nbsp;&nbsp;&nbsp;&nbsp;&nbsp;&nbsp;&nbsp;&nbsp;&nbsp; 5932 G\u00e1doros, Kossuth Lajos u. 16.<\/p>\n\n\n\n<p>     &nbsp;&nbsp;&nbsp;&nbsp;&nbsp;&nbsp;&nbsp;&nbsp;&nbsp;&nbsp;&nbsp;&nbsp;&nbsp;&nbsp;&nbsp;&nbsp;&nbsp;&nbsp;&nbsp;&nbsp;&nbsp;&nbsp;&nbsp;&nbsp;&nbsp;&nbsp;&nbsp;&nbsp;&nbsp;&nbsp;&nbsp;&nbsp;&nbsp;&nbsp;&nbsp;&nbsp;&nbsp;&nbsp;&nbsp;&nbsp;&nbsp;&nbsp;&nbsp;&nbsp;&nbsp;&nbsp;&nbsp;&nbsp;&nbsp;&nbsp;&nbsp;&nbsp;&nbsp;&nbsp;&nbsp;&nbsp;&nbsp;&nbsp;&nbsp;&nbsp;&nbsp;&nbsp;&nbsp;&nbsp;&nbsp;&nbsp;&nbsp;&nbsp;&nbsp; Polg\u00e1rmesteri Hivatal \u00e9p\u00fclet\u00e9ben<\/p>\n\n\n\n<p>\u00dcgyf\u00e9lfogad\u00e1si\nid\u0151: <\/p>\n\n\n\n<table class=\"wp-block-table\"><tbody><tr><td>\n  <strong>2019.\n  janu\u00e1r<\/strong>\n  <\/td><td>\n  <strong>2019.\n  febru\u00e1r<\/strong>\n  <\/td><td>\n  <strong>2019.\n  m\u00e1rcius<\/strong>\n  <\/td><td>\n  Id\u0151pont\n  <\/td><\/tr><tr><td>\n  3., 17., 31. (cs\u00fct\u00f6rt\u00f6k)\n  <\/td><td>\n  14., 28. (cs\u00fct\u00f6rt\u00f6k)\n  <\/td><td>\n  14., 28. (cs\u00fct\u00f6rt\u00f6k)\n  <\/td><td>\n  08:30-11:30h\n  <\/td><\/tr><\/tbody><\/table>\n\n\n\n<p>\u00dcgyf\u00e9lszolg\u00e1lati id\u0151n k\u00edv\u00fcl az al\u00e1bbi el\u00e9rhet\u0151s\u00e9geken v\u00e1rjuk\nmegkeres\u00e9s\u00e9t:<\/p>\n\n\n\n<ul><li>Telefonon:&nbsp;&nbsp;&nbsp;&nbsp;&nbsp;&nbsp;&nbsp;&nbsp;&nbsp;&nbsp;&nbsp;&nbsp;&nbsp;&nbsp;&nbsp; 66\/447-150<\/li><\/ul>\n\n\n\n<ul><li>Postai \u00faton:&nbsp;&nbsp;&nbsp;&nbsp;&nbsp;&nbsp;&nbsp;&nbsp;&nbsp;&nbsp;&nbsp;&nbsp;&nbsp; 5600 B\u00e9k\u00e9scsaba, Kinizsi u. 4-6.<\/li><\/ul>\n\n\n\n<ul><li>E-mail-ben:&nbsp;&nbsp;&nbsp;&nbsp;&nbsp;&nbsp;&nbsp;&nbsp;&nbsp;&nbsp;&nbsp;&nbsp;&nbsp;&nbsp; ugyfelszolgalat@grnkft.hu <\/li><\/ul>\n\n\n\n<ul><li>Szem\u00e9lyesen:&nbsp;&nbsp;&nbsp;&nbsp;&nbsp;&nbsp;&nbsp;&nbsp;&nbsp;&nbsp;&nbsp; 5600 B\u00e9k\u00e9scsaba, Kinizsi u. 4-6. (h\u00e9tf\u0151 \u00e9s szerda: 8:00-15:00 h, cs\u00fct\u00f6rt\u00f6k: 7:00-19:00 h)<\/li><\/ul>\n\n\n\n<p>Hullad\u00e9kgy\u0171jt\u00e9s \u00e9s sz\u00e1ll\u00edt\u00e1s id\u0151pontjai<strong> <\/strong><\/p>\n\n\n\n<table class=\"wp-block-table aligncenter\"><tbody><tr><td>   <strong>Hullad\u00e9k   fajt\u00e1i<\/strong>   <\/td><td>\n  <strong>2019.\n  janu\u00e1r<\/strong>\n  <\/td><td>   <strong>2019.   febru\u00e1r<\/strong>  <\/td><td>\n  <strong>2019.\n  m\u00e1rcius<\/strong>\n  <\/td><\/tr><tr><td>\n  <strong>D\u00e1tum<\/strong>\n  <\/td><td>\n  <strong>Napok<\/strong>\n  <\/td><td>\n  <strong>D\u00e1tum<\/strong>\n  <\/td><td>\n  <strong>Napok<\/strong>\n  <\/td><td>\n  <strong>D\u00e1tum<\/strong>\n  <\/td><td>\n  <strong>Napok<\/strong>\n  <\/td><\/tr><tr><td>\n  <strong>Kommun\u00e1lis\n  (vegyes) hullad\u00e9k<\/strong>\n  <\/td><td>\n  hetente\n  <\/td><td>\n  p\u00e9ntek\n  <\/td><td>\n  hetente\n  <\/td><td>\n  p\u00e9ntek\n  <\/td><td>\n  hetente\n  <\/td><td>\n  p\u00e9ntek\n  <\/td><\/tr><tr><td>\n  <strong>Szelekt\u00edv\n  hullad\u00e9k<\/strong>\n  <\/td><td>\n  10.\n  <\/td><td>\n  cs\u00fct\u00f6rt\u00f6k\n  <\/td><td>\n  07.\n  <\/td><td>\n  cs\u00fct\u00f6rt\u00f6k\n  <\/td><td>\n  07.\n  <\/td><td>\n  cs\u00fct\u00f6rt\u00f6k\n  <\/td><\/tr><tr><td>\n  <strong>Z\u00f6ldhullad\u00e9k <\/strong>\n  <\/td><td>\n  feny\u0151fa &#8211; 10.\n  feny\u0151fa &#8211; 16.\n  <\/td><td>\n  cs\u00fct\u00f6rt\u00f6k\n  szerda\n  <\/td><td>\n  &#8211;\n  <\/td><td>\n  &#8211;\n  <\/td><td>\n  &#8211;\n  <\/td><td>\n  &#8211;\n  <\/td><\/tr><\/tbody><\/table>\n\n\n\n<p>Tov\u00e1bbi r\u00e9szletes\ninform\u00e1ci\u00f3kr\u00f3l \u00e9s \u00fcgyint\u00e9z\u00e9si lehet\u0151s\u00e9gekr\u0151l a <a href=\"http:\/\/www.dareh.hu\">www.dareh.hu<\/a> oldalon is t\u00e1j\u00e9koztat\u00e1st\nny\u00fajtunk.<\/p>\n\n\n\n<p style=\"text-align:right\">&nbsp;&nbsp;&nbsp;&nbsp;&nbsp;&nbsp;&nbsp;&nbsp;&nbsp;&nbsp;&nbsp;&nbsp;&nbsp;&nbsp;&nbsp;&nbsp;&nbsp;&nbsp;&nbsp;&nbsp;&nbsp;&nbsp;&nbsp;&nbsp;&nbsp;&nbsp;&nbsp;&nbsp;&nbsp;&nbsp;&nbsp;&nbsp;&nbsp;&nbsp;&nbsp;&nbsp;&nbsp;&nbsp;&nbsp;&nbsp;&nbsp;&nbsp;&nbsp;&nbsp;&nbsp;&nbsp;&nbsp;&nbsp;&nbsp;&nbsp;&nbsp;&nbsp;&nbsp;&nbsp;&nbsp;&nbsp;&nbsp;&nbsp;&nbsp;&nbsp;&nbsp;&nbsp;&nbsp;&nbsp;&nbsp;&nbsp;&nbsp;&nbsp;&nbsp;&nbsp;&nbsp;&nbsp;&nbsp;&nbsp;&nbsp;&nbsp;&nbsp;&nbsp;&nbsp;&nbsp;&nbsp;&nbsp;&nbsp;&nbsp;&nbsp;&nbsp;&nbsp;&nbsp; DAREH\nB\u00c1ZIS Hullad\u00e9kgazd\u00e1lkod\u00e1si Nonprofit Zrt.<\/p>\n","protected":false},"excerpt":{"rendered":"<p>T\u00c1J\u00c9KOZTAT\u00c1S HULLAD\u00c9KGAZD\u00c1LKOD\u00c1SI K\u00d6ZSZOLG\u00c1LTAT\u00c1SR\u00d3L 2019. I. negyed\u00e9v &#8211; G\u00e1doros<\/p>\n","protected":false},"author":0,"featured_media":0,"comment_status":"closed","ping_status":"closed","template":"","tags":[],"blog-category":[28],"_links":{"self":[{"href":"http:\/\/gadoros.hu\/index.php?rest_route=\/wp\/v2\/blog_post\/1313"}],"collection":[{"href":"http:\/\/gadoros.hu\/index.php?rest_route=\/wp\/v2\/blog_post"}],"about":[{"href":"http:\/\/gadoros.hu\/index.php?rest_route=\/wp\/v2\/types\/blog_post"}],"replies":[{"embeddable":true,"href":"http:\/\/gadoros.hu\/index.php?rest_route=%2Fwp%2Fv2%2Fcomments&post=1313"}],"wp:attachment":[{"href":"http:\/\/gadoros.hu\/index.php?rest_route=%2Fwp%2Fv2%2Fmedia&parent=1313"}],"wp:term":[{"taxonomy":"post_tag","embeddable":true,"href":"http:\/\/gadoros.hu\/index.php?rest_route=%2Fwp%2Fv2%2Ftags&post=1313"},{"taxonomy":"blog-category","embeddable":true,"href":"http:\/\/gadoros.hu\/index.php?rest_route=%2Fwp%2Fv2%2Fblog-category&post=1313"}],"curies":[{"name":"wp","href":"https:\/\/api.w.org\/{rel}","templated":true}]}}